{"id":7272,"date":"2026-09-01T10:50:00","date_gmt":"2026-09-01T08:50:00","guid":{"rendered":"https:\/\/uncjr.ro\/web\/?p=7272"},"modified":"2026-09-01T10:50:01","modified_gmt":"2026-09-01T08:50:01","slug":"forumul-cetatenesc-pentru-energie-editia-a-17-a-organizata-la-1-octombrie-2026","status":"publish","type":"post","link":"https:\/\/uncjr.ro\/web\/forumul-cetatenesc-pentru-energie-editia-a-17-a-organizata-la-1-octombrie-2026\/","title":{"rendered":"Forumul cet\u0103\u021benesc pentru energie \u2013 edi\u021bia a 17-a, organizat\u0103 la 1 octombrie 2026"},"content":{"rendered":"\n<p class=\"text-content-justify wp-block-paragraph\">Cea de-a 17-a edi\u021bie a <strong>Forumul cet\u0103\u021benesc pentru energie<\/strong> va avea loc la <strong>1 octombrie 2026<\/strong>, \u00een intervalul <strong>09:00\u201317:00 CEST<\/strong>, \u0219i va fi dedicat\u0103 identific\u0103rii condi\u021biilor necesare pentru ca obiectivele politice stabilite prin <strong>Pachetul privind energia destinat cet\u0103\u021benilor<\/strong> s\u0103 fie transpuse \u00een ac\u021biuni concrete pentru cet\u0103\u021beni, ora\u0219e \u0219i comunit\u0103\u021bi.<\/p>\n\n\n\n<p class=\"text-content-justify wp-block-paragraph\">Evenimentul va reuni o gam\u0103 larg\u0103 de p\u0103r\u021bi interesate de la nivel local \u0219i regional, printre care <strong>ONG-uri, reprezentan\u021bi ai ora\u0219elor \u0219i comunit\u0103\u021bilor energetice, agen\u021bii energetice, asocia\u021bii ale consumatorilor, \u00eentreprinderi \u0219i cet\u0103\u021beni<\/strong>.<\/p>\n\n\n\n<p class=\"wp-block-paragraph\">\u00cen cadrul forumului vor fi abordate, cu prec\u0103dere:<\/p>\n\n\n\n<ul class=\"wp-block-list\">\n<li class=\"text-content-justify\"><strong>consolidarea cooper\u0103rii<\/strong> \u00eentre p\u0103r\u021bile interesate \u0219i identificarea unor abord\u0103ri practice pentru punerea \u00een aplicare a obiectivelor la nivel local;<\/li>\n\n\n\n<li><strong>identificarea obstacolelor, a condi\u021biilor favorizante \u0219i a oportunit\u0103\u021bilor<\/strong> pentru implicarea cet\u0103\u021benilor \u00een tranzi\u021bia energetic\u0103;<\/li>\n\n\n\n<li><strong>schimbul de experien\u021be \u0219i solu\u021bii<\/strong> din \u00eentreaga Europ\u0103, inclusiv din regiunile afectate \u00een mod deosebit de procesul de tranzi\u021bie energetic\u0103.<\/li>\n<\/ul>\n\n\n\n<p class=\"text-content-justify wp-block-paragraph\">Evenimentul se va desf\u0103\u0219ura <strong>cu participare fizic\u0103 \u0219i online<\/strong>, fiind transmis \u00een direct pe internet. Participan\u021bii, at\u00e2t cei prezen\u021bi la fa\u021ba locului, c\u00e2t \u0219i cei conecta\u021bi online, vor putea interac\u021biona prin intermediul platformei <strong>Slido<\/strong>, prin sondaje, m\u0103rturii ale p\u0103r\u021bilor interesate, exemple practice \u0219i sesiuni de discu\u021bii \u00een grupuri restr\u00e2nse.<\/p>\n\n\n\n<p class=\"text-content-justify wp-block-paragraph\">Forumul reprezint\u0103 o oportunitate de <strong>schimb de bune practici \u0219i de dialog \u00eentre actorii locali \u0219i europeni<\/strong>, \u00een vederea identific\u0103rii unor solu\u021bii concrete pentru implicarea cet\u0103\u021benilor \u0219i a comunit\u0103\u021bilor \u00een tranzi\u021bia energetic\u0103.<\/p>\n\n\n\n<p class=\"wp-block-paragraph\"><strong>\u00censcrierile sunt deschise p\u00e2n\u0103 la 18 septembrie 2026.<\/strong><\/p>\n\n\n\n<p class=\"wp-block-paragraph\"> <a href=\"https:\/\/ec.europa.eu\/eusurvey\/runner\/04fba6d8-ae72-e9a0-0bb1-ae2e4ddf7111\"><strong>\u00cenregistra\u021bi-v\u0103 aici pentru participare.<\/strong><\/a><\/p>\n\n\n\n<p class=\"wp-block-paragraph\"><\/p>\n","protected":false},"excerpt":{"rendered":"<p>Cea de-a 17-a edi\u021bie a Forumul cet\u0103\u021benesc pentru energie va avea loc la 1 octombrie 2026, \u00een intervalul 09:00\u201317:00 CEST, \u0219i va fi dedicat\u0103 identific\u0103rii condi\u021biilor necesare pentru ca obiectivele politice stabilite prin Pachetul privind energia destinat cet\u0103\u021benilor s\u0103 fie transpuse \u00een ac\u021biuni concrete pentru cet\u0103\u021beni, ora\u0219e \u0219i comunit\u0103\u021bi. Evenimentul va reuni o gam\u0103 larg\u0103 [&hellip;]<\/p>\n","protected":false},"author":2,"featured_media":7273,"comment_status":"closed","ping_status":"closed","sticky":false,"template":"","format":"standard","meta":{"_et_pb_use_builder":"","_et_pb_old_content":"","_et_gb_content_width":"","footnotes":""},"categories":[4,14,5,17],"tags":[],"class_list":["post-7272","post","type-post","status-publish","format-standard","has-post-thumbnail","hentry","category-agenda","category-evenimente","category-noutati","category-prima-pagina"],"_links":{"self":[{"href":"https:\/\/uncjr.ro\/web\/wp-json\/wp\/v2\/posts\/7272","targetHints":{"allow":["GET"]}}],"collection":[{"href":"https:\/\/uncjr.ro\/web\/wp-json\/wp\/v2\/posts"}],"about":[{"href":"https:\/\/uncjr.ro\/web\/wp-json\/wp\/v2\/types\/post"}],"author":[{"embeddable":true,"href":"https:\/\/uncjr.ro\/web\/wp-json\/wp\/v2\/users\/2"}],"replies":[{"embeddable":true,"href":"https:\/\/uncjr.ro\/web\/wp-json\/wp\/v2\/comments?post=7272"}],"version-history":[{"count":1,"href":"https:\/\/uncjr.ro\/web\/wp-json\/wp\/v2\/posts\/7272\/revisions"}],"predecessor-version":[{"id":7274,"href":"https:\/\/uncjr.ro\/web\/wp-json\/wp\/v2\/posts\/7272\/revisions\/7274"}],"wp:featuredmedia":[{"embeddable":true,"href":"https:\/\/uncjr.ro\/web\/wp-json\/wp\/v2\/media\/7273"}],"wp:attachment":[{"href":"https:\/\/uncjr.ro\/web\/wp-json\/wp\/v2\/media?parent=7272"}],"wp:term":[{"taxonomy":"category","embeddable":true,"href":"https:\/\/uncjr.ro\/web\/wp-json\/wp\/v2\/categories?post=7272"},{"taxonomy":"post_tag","embeddable":true,"href":"https:\/\/uncjr.ro\/web\/wp-json\/wp\/v2\/tags?post=7272"}],"curies":[{"name":"wp","href":"https:\/\/api.w.org\/{rel}","templated":true}]}}