{"id":7269,"date":"2026-09-01T10:31:55","date_gmt":"2026-09-01T08:31:55","guid":{"rendered":"https:\/\/uncjr.ro\/web\/?p=7269"},"modified":"2026-09-01T10:31:56","modified_gmt":"2026-09-01T08:31:56","slug":"contribuiti-la-identificarea-lacunelor-in-cercetare-si-inovare-pentru-noul-bauhaus-european","status":"publish","type":"post","link":"https:\/\/uncjr.ro\/web\/contribuiti-la-identificarea-lacunelor-in-cercetare-si-inovare-pentru-noul-bauhaus-european\/","title":{"rendered":"Contribui\u021bi la identificarea lacunelor \u00een cercetare \u0219i inovare pentru Noul Bauhaus European"},"content":{"rendered":"\n<p class=\"text-content-justify wp-block-paragraph\"><strong>NEB Junction<\/strong> \u2013 platform\u0103 dedicat\u0103 acceler\u0103rii transform\u0103rii durabile \u00een Europa \u2013 a lansat un sondaj pentru a identifica principalele lacune \u00een domeniul cercet\u0103rii \u0219i inov\u0103rii, barierele \u00eent\u00e2mpinate \u00een procesul de implementare, precum \u0219i priorit\u0103\u021bile viitoare pentru <strong>Facilitatea Noul Bauhaus European (NEB)<\/strong>.<\/p>\n\n\n\n<p class=\"text-content-justify wp-block-paragraph\">Autorit\u0103\u021bile publice locale \u0219i regionale, reprezentan\u021bii sectorului construc\u021biilor, precum \u0219i toate organiza\u021biile \u0219i persoanele implicate \u00een ini\u021biativele <strong>Noului Bauhaus European<\/strong> sunt \u00eencurajate s\u0103 participe la aceast\u0103 consultare.<\/p>\n\n\n\n<p class=\"text-content-justify wp-block-paragraph\">R\u0103spunsurile colectate vor contribui \u00een mod direct la elaborarea unor recomand\u0103ri privind priorit\u0103\u021bile \u0219i direc\u021biile de dezvoltare ale viitoarei <strong>Facilit\u0103\u021bi NEB<\/strong>, contribuind astfel la conturarea instrumentelor necesare pentru sus\u021binerea unor proiecte care \u00eembin\u0103 sustenabilitatea, incluziunea \u0219i calitatea experien\u021bei de via\u021b\u0103.<\/p>\n\n\n\n<p class=\"wp-block-paragraph\"><strong>Sondajul este deschis p\u00e2n\u0103 la 6 octombrie 2026.<\/strong><\/p>\n\n\n\n<p class=\"wp-block-paragraph\">Participarea la consultare poate fi realizat\u0103 acces\u00e2nd <strong><a href=\"https:\/\/forms.cloud.microsoft\/pages\/responsepage.aspx?id=oqf2NO4rNkuQMWI2i6yGynmJpEPT09ZOtZuhV9W__49UMVE2TThPNVk5UFlZRE85QjlYUUhNSVA1Mi4u&amp;route=shorturl\" target=\"_blank\" rel=\"noopener\">acest link<\/a><\/strong>.<\/p>\n\n\n\n<p class=\"text-content-justify wp-block-paragraph\">V\u0103 \u00eencuraj\u0103m s\u0103 participa\u021bi \u0219i s\u0103 contribui\u021bi la definirea priorit\u0103\u021bilor pentru viitoarea Facilitate a Noului Bauhaus European.<\/p>\n\n\n\n<p class=\"wp-block-paragraph\"><\/p>\n","protected":false},"excerpt":{"rendered":"<p>NEB Junction \u2013 platform\u0103 dedicat\u0103 acceler\u0103rii transform\u0103rii durabile \u00een Europa \u2013 a lansat un sondaj pentru a identifica principalele lacune \u00een domeniul cercet\u0103rii \u0219i inov\u0103rii, barierele \u00eent\u00e2mpinate \u00een procesul de implementare, precum \u0219i priorit\u0103\u021bile viitoare pentru Facilitatea Noul Bauhaus European (NEB). Autorit\u0103\u021bile publice locale \u0219i regionale, reprezentan\u021bii sectorului construc\u021biilor, precum \u0219i toate organiza\u021biile \u0219i persoanele [&hellip;]<\/p>\n","protected":false},"author":2,"featured_media":7270,"comment_status":"closed","ping_status":"closed","sticky":false,"template":"","format":"standard","meta":{"_et_pb_use_builder":"","_et_pb_old_content":"","_et_gb_content_width":"","footnotes":""},"categories":[4,6,5,17],"tags":[],"class_list":["post-7269","post","type-post","status-publish","format-standard","has-post-thumbnail","hentry","category-agenda","category-comunicat-de-presa","category-noutati","category-prima-pagina"],"_links":{"self":[{"href":"https:\/\/uncjr.ro\/web\/wp-json\/wp\/v2\/posts\/7269","targetHints":{"allow":["GET"]}}],"collection":[{"href":"https:\/\/uncjr.ro\/web\/wp-json\/wp\/v2\/posts"}],"about":[{"href":"https:\/\/uncjr.ro\/web\/wp-json\/wp\/v2\/types\/post"}],"author":[{"embeddable":true,"href":"https:\/\/uncjr.ro\/web\/wp-json\/wp\/v2\/users\/2"}],"replies":[{"embeddable":true,"href":"https:\/\/uncjr.ro\/web\/wp-json\/wp\/v2\/comments?post=7269"}],"version-history":[{"count":1,"href":"https:\/\/uncjr.ro\/web\/wp-json\/wp\/v2\/posts\/7269\/revisions"}],"predecessor-version":[{"id":7271,"href":"https:\/\/uncjr.ro\/web\/wp-json\/wp\/v2\/posts\/7269\/revisions\/7271"}],"wp:featuredmedia":[{"embeddable":true,"href":"https:\/\/uncjr.ro\/web\/wp-json\/wp\/v2\/media\/7270"}],"wp:attachment":[{"href":"https:\/\/uncjr.ro\/web\/wp-json\/wp\/v2\/media?parent=7269"}],"wp:term":[{"taxonomy":"category","embeddable":true,"href":"https:\/\/uncjr.ro\/web\/wp-json\/wp\/v2\/categories?post=7269"},{"taxonomy":"post_tag","embeddable":true,"href":"https:\/\/uncjr.ro\/web\/wp-json\/wp\/v2\/tags?post=7269"}],"curies":[{"name":"wp","href":"https:\/\/api.w.org\/{rel}","templated":true}]}}