{"id":6296,"date":"2025-02-06T09:30:41","date_gmt":"2025-02-06T07:30:41","guid":{"rendered":"https:\/\/uncjr.ro\/web\/?p=6296"},"modified":"2025-02-06T09:31:01","modified_gmt":"2025-02-06T07:31:01","slug":"cerere-de-exprimare-a-interesului-pentru-participarea-la-grupurile-de-discutii-ale-mecanismului-de-sprijin-i3","status":"publish","type":"post","link":"https:\/\/uncjr.ro\/web\/cerere-de-exprimare-a-interesului-pentru-participarea-la-grupurile-de-discutii-ale-mecanismului-de-sprijin-i3\/","title":{"rendered":"Cerere de exprimare a interesului pentru participarea la grupurile de discu\u021bii ale mecanismului de sprijin I3"},"content":{"rendered":"\n<p class=\"text-content-justify\"><strong>Consiliul European pentru Inovare \u0219i Agen\u021bia Executiv\u0103 pentru IMM-uri (EISMEA) de la Bruxelles, \u00een colaborare cu Direc\u021bia general\u0103 politic\u0103 regional\u0103 \u0219i urban\u0103 (DG REGIO), a lansat oficial \u201eInstrumentul de sprijin I3\u201d (I3SF) \u0219i grupurile sale de discu\u021bii.<\/strong><\/p>\n\n\n\n<p class=\"text-content-justify\">O component\u0103 cheie a acestei Facilit\u0103\u021bi de sprijin I3 este \u201eLaboratorul de politici\u201d, care include Grupurile de discu\u021bii I3 (I3DG).<\/p>\n\n\n\n<p class=\"text-content-justify\">O\u00a0<a href=\"https:\/\/eismea.ec.europa.eu\/news\/call-expression-interest-participation-i3-support-facility-discussion-groups-2025-01-28_en\" target=\"_blank\" rel=\"noreferrer noopener\">cerere de exprimare<\/a>\u00a0a interesului pentru participare la aceste grupuri de discu\u0163ii este deschis\u0103 \u00een prezent, iar\u00a0pentru depunerea candidaturilor, termenul-limit\u0103 este <strong>16 februarie 2025.<\/strong><\/p>\n\n\n\n<p><strong>Obiective:<\/strong><\/p>\n\n\n\n<p class=\"text-content-justify\">Aceste grupuri abordeaz\u0103 aspecte privind perspectivele din regiunile UE care particip\u0103 sau doresc s\u0103 participe la proiectele I3. Acestea vor oferi o platform\u0103 pentru schimburi \u00eentre factorii de decizie politic\u0103 \u00een domeniul politicii de inovare \u0219i al colabor\u0103rii interregionale.&nbsp;<\/p>\n\n\n\n<p class=\"text-content-justify\">Grupurile urm\u0103resc s\u0103 r\u0103spund\u0103 interesului factorilor de decizie politic\u0103 de a-\u0219i perfec\u021biona politicile de inovare \u0219i de a testa noi abord\u0103ri politice.<\/p>\n\n\n\n<p class=\"text-content-justify\">Scopul final al discu\u0163iilor din cadrul grupurilor I3 este de a servi ca un instrument practic \u0219i util pentru beneficiari, inclusiv pentru factorii de decizie politic\u0103, \u00eentreprinderile \u0219i organiza\u021biile de afaceri \u0219i institu\u021biile de cercetare.&nbsp;<\/p>\n\n\n\n<p><strong>Prezentare general\u0103 a grupurilor de discu\u021bii I3 (I3DGs):<\/strong><\/p>\n\n\n\n<p class=\"text-content-justify\">Grupurile de discu\u021bii I3 (I3DGs) se vor reuni pe parcursul a trei ani (2025-2027) pentru a aborda subiecte critice \u00een colaborarea interregional\u0103.<\/p>\n\n\n\n<p class=\"text-content-justify\">\u00cen 2025, vor fi \u00eenfiin\u021bate&nbsp;trei grupuri, care se concentra pe teme specifice organizate \u00een trei aspecte:<\/p>\n\n\n\n<p><strong>Ecosistem:<\/strong><\/p>\n\n\n\n<ul class=\"wp-block-list\">\n<li>Implicarea autorit\u0103\u021bilor de management \u00een colaborarea interregional\u0103;<\/li>\n\n\n\n<li class=\"text-content-justify\">Dezvoltarea lan\u021burilor valorice regionale \u0219i globale, \u00een special \u00een zonele mai pu\u021bin dezvoltate;<\/li>\n\n\n\n<li>Gestionarea ecosistemelor de inovare (de exemplu, descoperirea antreprenorial\u0103, politicile privind grupurile, platformele de inovare deschis\u0103).<\/li>\n<\/ul>\n\n\n\n<p>I<strong>nvesti\u021bii:<\/strong><\/p>\n\n\n\n<ul class=\"wp-block-list\">\n<li>Sprijinirea IMM-urilor \u00een identificarea ideilor de investi\u021bii interregionale \u0219i de extindere;<\/li>\n\n\n\n<li class=\"text-content-justify\">Consolidarea preg\u0103tirii pentru investi\u021bii \u0219i a capacit\u0103\u021bii de elaborare a planurilor de afaceri \u0219i de investi\u021bii;<\/li>\n<\/ul>\n\n\n\n<p><strong>Condi\u021bii-cadru \u0219i cadru de reglementare:<\/strong><\/p>\n\n\n\n<ul class=\"wp-block-list\">\n<li class=\"text-content-justify\">\u00cembun\u0103t\u0103\u021birea politicilor de inovare \u0219i a cadrelor de reglementare \u00een regiunile mai pu\u021bin dezvoltate (cadru de reglementare, promovarea experiment\u0103rii \u0219i a cazurilor pilot, achizi\u021bii publice de inovare pentru a crea o cerere de inovare);<\/li>\n\n\n\n<li>Facilitarea colabor\u0103rii transfrontaliere, a accesului la infrastructur\u0103, a schimbului de personal, precum \u0219i a form\u0103rii \u0219i dezvolt\u0103rii competen\u021belor \u0219i a elabor\u0103rii de standarde \u0219i reglement\u0103ri prin intermediul mediilor de testare (sandbox-uri);<\/li>\n\n\n\n<li>Explorarea spa\u0163iilor de testare privind reglementarea, testarea performan\u0163iei \u0219i a normelor privind ajutoarele de stat.<\/li>\n<\/ul>\n\n\n\n<p><strong>De ce s\u0103 participa\u021bi?<\/strong><\/p>\n\n\n\n<p class=\"text-content-justify\">Grupurile de discu\u021bii vor aborda nou\u0103 teme critice pe parcursul a trei ani (2025-2027), cum ar fi colaborarea interregional\u0103, implicarea p\u0103r\u021bilor interesate \u0219i instrumentele de finan\u021bare.&nbsp;\u00cen fiecare an, vor fi convocate trei grupuri, oferind exper\u021bilor o platform\u0103 pentru:<\/p>\n\n\n\n<ul class=\"wp-block-list\">\n<li>Schimb de informa\u021bii \u0219i bune practici privind inovarea interregional\u0103;<\/li>\n\n\n\n<li>Contribu\u0163ie la elaborarea politicilor \u0219i la planificarea strategic\u0103;<\/li>\n\n\n\n<li>Crearea de re\u021bele \u00eentre regiunile europene.<\/li>\n<\/ul>\n\n\n\n<p><strong>Criterii de eligibilitate:<\/strong><\/p>\n\n\n\n<ul class=\"wp-block-list\">\n<li class=\"text-content-justify\">Experien\u021b\u0103 relevant\u0103 \u00een gestionarea Fondurile ESI\/FEDR sau experien\u021b\u0103 \u00een elaborarea \u0219i punerea \u00een aplicare a strategiilor de specializare inteligent\u0103 (S3) \u00een cadrul regiunii.<\/li>\n\n\n\n<li class=\"text-content-justify\">Un mandat de colaborare interregional\u0103 aliniat la condi\u021bia de abilitare S3 \u201eBuna guvernan\u021b\u0103 a strategiei na\u021bionale sau regionale de specializare inteligent\u0103\u201d \u0219i\/sau participarea la proiecte I3, componenta 2b, proiecte Interreg, platforme tematice de specializare inteligent\u0103 (TSSP) \u0219i parteneriate asociate.<\/li>\n\n\n\n<li>Angajamentul fa\u021b\u0103 de participarea activ\u0103, inclusiv articularea motiva\u021biilor pentru aderare \u0219i a contribu\u021biilor a\u0219teptate, precum \u0219i beneficiile anticipate pe care se a\u0219teapt\u0103 s\u0103 le ob\u021bin\u0103 pentru organiza\u021bia \u0219i regiunea lor.<\/li>\n\n\n\n<li>Reprezentare echilibrat\u0103 din punct de vedere geografic, al expertizei \u0219i al genului, cu accent pe regiunile mai pu\u021bin dezvoltate.<\/li>\n<\/ul>\n\n\n\n<p>Pagina oficial\u0103 pentru depunerii aplica\u0163iei poate fi <a href=\"https:\/\/ec.europa.eu\/eusurvey\/runner\/I3_SupportFacility\" data-type=\"link\" data-id=\"https:\/\/ec.europa.eu\/eusurvey\/runner\/I3_SupportFacility\" target=\"_blank\" rel=\"noreferrer noopener\">accesat\u0103 aici. \u00a0<\/a><\/p>\n","protected":false},"excerpt":{"rendered":"<p>Consiliul European pentru Inovare \u0219i Agen\u021bia Executiv\u0103 pentru IMM-uri (EISMEA) de la Bruxelles, \u00een colaborare cu Direc\u021bia general\u0103 politic\u0103 regional\u0103 \u0219i urban\u0103 (DG REGIO), a lansat oficial \u201eInstrumentul de sprijin I3\u201d (I3SF) \u0219i grupurile sale de discu\u021bii. O component\u0103 cheie a acestei Facilit\u0103\u021bi de sprijin I3 este \u201eLaboratorul de politici\u201d, care include Grupurile de discu\u021bii [&hellip;]<\/p>\n","protected":false},"author":2,"featured_media":6299,"comment_status":"closed","ping_status":"closed","sticky":false,"template":"","format":"standard","meta":{"_et_pb_use_builder":"","_et_pb_old_content":"","_et_gb_content_width":"","footnotes":""},"categories":[4,5,19,17],"tags":[],"class_list":["post-6296","post","type-post","status-publish","format-standard","has-post-thumbnail","hentry","category-agenda","category-noutati","category-oportunitati-finantare-internationala","category-prima-pagina"],"_links":{"self":[{"href":"https:\/\/uncjr.ro\/web\/wp-json\/wp\/v2\/posts\/6296","targetHints":{"allow":["GET"]}}],"collection":[{"href":"https:\/\/uncjr.ro\/web\/wp-json\/wp\/v2\/posts"}],"about":[{"href":"https:\/\/uncjr.ro\/web\/wp-json\/wp\/v2\/types\/post"}],"author":[{"embeddable":true,"href":"https:\/\/uncjr.ro\/web\/wp-json\/wp\/v2\/users\/2"}],"replies":[{"embeddable":true,"href":"https:\/\/uncjr.ro\/web\/wp-json\/wp\/v2\/comments?post=6296"}],"version-history":[{"count":1,"href":"https:\/\/uncjr.ro\/web\/wp-json\/wp\/v2\/posts\/6296\/revisions"}],"predecessor-version":[{"id":6298,"href":"https:\/\/uncjr.ro\/web\/wp-json\/wp\/v2\/posts\/6296\/revisions\/6298"}],"wp:featuredmedia":[{"embeddable":true,"href":"https:\/\/uncjr.ro\/web\/wp-json\/wp\/v2\/media\/6299"}],"wp:attachment":[{"href":"https:\/\/uncjr.ro\/web\/wp-json\/wp\/v2\/media?parent=6296"}],"wp:term":[{"taxonomy":"category","embeddable":true,"href":"https:\/\/uncjr.ro\/web\/wp-json\/wp\/v2\/categories?post=6296"},{"taxonomy":"post_tag","embeddable":true,"href":"https:\/\/uncjr.ro\/web\/wp-json\/wp\/v2\/tags?post=6296"}],"curies":[{"name":"wp","href":"https:\/\/api.w.org\/{rel}","templated":true}]}}