{"id":6060,"date":"2024-10-17T13:52:02","date_gmt":"2024-10-17T11:52:02","guid":{"rendered":"https:\/\/uncjr.ro\/web\/?p=6060"},"modified":"2025-01-27T15:35:23","modified_gmt":"2025-01-27T13:35:23","slug":"finantare-pentru-proiecte-de-rezilienta-si-management-al-crizelor-in-regiunile-transfrontaliere","status":"publish","type":"post","link":"https:\/\/uncjr.ro\/web\/finantare-pentru-proiecte-de-rezilienta-si-management-al-crizelor-in-regiunile-transfrontaliere\/","title":{"rendered":"Finan\u021bare pentru proiecte de rezilien\u021b\u0103 \u0219i management al crizelor \u00een regiunile transfrontaliere"},"content":{"rendered":"\n<p class=\"text-content-justify\">\u201eAsocia\u0163ia european\u0103 a regiunilor de grani\u0163\u0103\u201d (AEBR) \u015fi \u201eMisiunea Opera\u0163iune Teritorial\u0103\u201d (MOT), \u00een parteneriat cu Direc\u0163ia general\u0103 politic\u0103 regional\u0103 \u015fi urban\u0103 (DG Regio) din cadrul Comisiei europene, anun\u0163\u0103 deschiderea cererii de propuneri de proiecte \u00ab\u00a0\u00a0<em>Frontiere reziliente \u2013 planificare spa\u0163ial\u0103 transfrontalier\u0103 \u015fi ac\u0163iuni pilot de gestiune a crizelor<\/em>\u00bb destinat\u0103 autorit\u0103\u0163ilor locale, regionale \u015fi na\u0163ionale \u015fi GECT-urilor pentru consolidarea rezilien\u021bei prin amenajarea teritoriului transfrontalier \u0219i gestionarea crizelor transfrontaliere.<\/p>\n\n\n\n<p class=\"text-content-justify\">Aceast\u0103 ac\u021biune se \u00eenscrie \u00een cadrul proiectului-pilot al Parlamentului European intitulat \u00abIni\u021biativa integrat\u0103 de r\u0103spuns transfrontalier la crize\u00bb (CB-CRII).<\/p>\n\n\n\n<p class=\"text-content-justify\">Prin aceast\u0103 asisten\u021b\u0103 financiar\u0103 din partea Comisiei europene, vor fi finan\u021bate&nbsp;20 de ac\u021biuni pilot&nbsp;pentru a ajuta regiunile de frontier\u0103 s\u0103 ating\u0103 patru obiective:<\/p>\n\n\n\n<p class=\"text-content-justify\">&#8211;&nbsp;<strong>planificarea<\/strong>&nbsp;\u00een colaborare cu autorit\u0103\u021bile competente din spa\u0163iul transfrontalier respectiv;<\/p>\n\n\n\n<p class=\"text-content-justify\">&#8211;&nbsp;<strong>consolidarea guvernan\u021bei&nbsp;<\/strong>transfrontaliere pentru gestionarea crizelor \u0219i amenajarea teritoriului (ac\u0163iunea\/proiectul poate s\u0103 aib\u0103 \u00een vedere orice tip de criz\u0103 de la nivel transfrontalier);<\/p>\n\n\n\n<p class=\"text-content-justify\">&#8211;&nbsp;<strong>favorizarea<\/strong>&nbsp;contactele \u0219i&nbsp;<strong>schimbul de informa\u021bii&nbsp;<\/strong>peste grani\u021b\u0103;<\/p>\n\n\n\n<p class=\"text-content-justify\">&#8211; valorificarea experien\u021bei \u0219i&nbsp;<strong>furnizarea de exemple&nbsp;<\/strong>pentru al\u021bii.<\/p>\n\n\n\n<p class=\"text-content-justify\">Participarea la ambele componente ale ini\u0163iativei este posibil\u0103, cu o propunere pentru un plan de gestionare transfrontalier\u0103 a crizelor \u0219i o propunere pentru o ac\u021biune de amenajare a teritoriului transfrontalier. \u00cen aceast\u0103 situa\u0163ie, ar trebui depuse dou\u0103 aplica\u0163ii separate, fiecare cu o propunere complet dezvoltat\u0103.<\/p>\n\n\n\n<p class=\"text-content-justify\"><strong>Termenul-limit\u0103 <\/strong>pentru depunerea aplica\u0163iilor: 30 noiembrie 2024<\/p>\n\n\n\n<p class=\"text-content-justify\"><strong>Durata implement\u0103rii:<\/strong> 8 luni; implementarea va avea loc \u00een perioada februarie-septembrie 2025.<\/p>\n\n\n\n<p class=\"text-content-justify\"><strong>Buget alocat\/proiect: <\/strong>40.000 EUR (nu se solicit\u0103 cofinan\u0163are)<\/p>\n\n\n\n<p class=\"text-content-justify\"><strong>Eligibilitate: <\/strong>Sunt eligibile organismele publice de la nivel na\u021bional, regional \u0219i local cu mandat pe un teritoriu care limiteaz\u0103 o grani\u021b\u0103 na\u021bional\u0103.<\/p>\n\n\n\n<p class=\"text-content-justify\">Regiunile de frontier\u0103 eligibile sunt regiunile de frontier\u0103 terestre \u0219i maritime, cu leg\u0103tur\u0103 fix\u0103, din cele 27 de \u021b\u0103ri ale UE \u0219i din \u021b\u0103rile AELS (Islanda, Liechtenstein, Norvegia \u0219i Elve\u021bia). Regiunile de frontier\u0103 sunt regiuni de nivel NUTS 2 \u0219i 3.<\/p>\n\n\n\n<p class=\"text-content-justify\">Mai multe informa\u0163ii \u015fi formularul pentru depunerea aplica\u0163iilor sunt disponibile pe pagina oficial\u0103 de web:\u00a0<a href=\"https:\/\/www.aebr.eu\/resilient-border-regions-call-for-proposals-20-pilot-actions\/\" target=\"_blank\" rel=\"noreferrer noopener\">https:\/\/www.aebr.eu\/resilient-border-regions-call-for-proposals-20-pilot-actions\/<\/a>\u00a0.<\/p>\n","protected":false},"excerpt":{"rendered":"<p>\u201eAsocia\u0163ia european\u0103 a regiunilor de grani\u0163\u0103\u201d (AEBR) \u015fi \u201eMisiunea Opera\u0163iune Teritorial\u0103\u201d (MOT), \u00een parteneriat cu Direc\u0163ia general\u0103 politic\u0103 regional\u0103 \u015fi urban\u0103 (DG Regio) din cadrul Comisiei europene, anun\u0163\u0103 deschiderea cererii de propuneri de proiecte \u00ab\u00a0\u00a0Frontiere reziliente \u2013 planificare spa\u0163ial\u0103 transfrontalier\u0103 \u015fi ac\u0163iuni pilot de gestiune a crizelor\u00bb destinat\u0103 autorit\u0103\u0163ilor locale, regionale \u015fi na\u0163ionale \u015fi GECT-urilor [&hellip;]<\/p>\n","protected":false},"author":2,"featured_media":6061,"comment_status":"closed","ping_status":"closed","sticky":false,"template":"","format":"standard","meta":{"_et_pb_use_builder":"","_et_pb_old_content":"","_et_gb_content_width":"","footnotes":""},"categories":[4,5,19],"tags":[],"class_list":["post-6060","post","type-post","status-publish","format-standard","has-post-thumbnail","hentry","category-agenda","category-noutati","category-oportunitati-finantare-internationala"],"_links":{"self":[{"href":"https:\/\/uncjr.ro\/web\/wp-json\/wp\/v2\/posts\/6060","targetHints":{"allow":["GET"]}}],"collection":[{"href":"https:\/\/uncjr.ro\/web\/wp-json\/wp\/v2\/posts"}],"about":[{"href":"https:\/\/uncjr.ro\/web\/wp-json\/wp\/v2\/types\/post"}],"author":[{"embeddable":true,"href":"https:\/\/uncjr.ro\/web\/wp-json\/wp\/v2\/users\/2"}],"replies":[{"embeddable":true,"href":"https:\/\/uncjr.ro\/web\/wp-json\/wp\/v2\/comments?post=6060"}],"version-history":[{"count":1,"href":"https:\/\/uncjr.ro\/web\/wp-json\/wp\/v2\/posts\/6060\/revisions"}],"predecessor-version":[{"id":6062,"href":"https:\/\/uncjr.ro\/web\/wp-json\/wp\/v2\/posts\/6060\/revisions\/6062"}],"wp:featuredmedia":[{"embeddable":true,"href":"https:\/\/uncjr.ro\/web\/wp-json\/wp\/v2\/media\/6061"}],"wp:attachment":[{"href":"https:\/\/uncjr.ro\/web\/wp-json\/wp\/v2\/media?parent=6060"}],"wp:term":[{"taxonomy":"category","embeddable":true,"href":"https:\/\/uncjr.ro\/web\/wp-json\/wp\/v2\/categories?post=6060"},{"taxonomy":"post_tag","embeddable":true,"href":"https:\/\/uncjr.ro\/web\/wp-json\/wp\/v2\/tags?post=6060"}],"curies":[{"name":"wp","href":"https:\/\/api.w.org\/{rel}","templated":true}]}}