{"id":5935,"date":"2024-09-18T16:13:30","date_gmt":"2024-09-18T14:13:30","guid":{"rendered":"https:\/\/uncjr.ro\/web\/?p=5935"},"modified":"2025-01-27T15:48:28","modified_gmt":"2025-01-27T13:48:28","slug":"uncjr-este-alaturi-de-curtea-de-conturi-a-romaniei-la-aniversarea-celor-160-de-ani-de-la-infiintare","status":"publish","type":"post","link":"https:\/\/uncjr.ro\/web\/uncjr-este-alaturi-de-curtea-de-conturi-a-romaniei-la-aniversarea-celor-160-de-ani-de-la-infiintare\/","title":{"rendered":"UNCJR este al\u0103turi de Curtea de Conturi a Rom\u00e2niei la aniversarea celor 160 de ani de la \u00eenfiin\u021bare"},"content":{"rendered":"\n<p class=\"text-content-justify\">Uniunea Na\u021bional\u0103 a Consiliilor Jude\u021bene din Rom\u00e2nia (UNCJR) are onoarea de a se al\u0103tura evenimentului care marcheaz\u0103 160 de ani de la \u00eenfiin\u021barea uneia dintre cele mai importante institu\u021bii din arhitectura statului modern \u2013 Curtea de Conturi a Rom\u00e2niei.<\/p>\n\n\n\n<p class=\"text-content-justify\">&nbsp;\u00centemeiat\u0103 la 24 ianuarie 1864 de c\u0103tre domnitorul Alexandru Ioan Cuza, <em>\u00cenalta Curte de Compturi<\/em> a fost un pilon esen\u021bial \u00een consolidarea statului rom\u00e2n modern. Institu\u021bia a avut un rol crucial \u00een asigurarea transparen\u021bei \u0219i responsabilit\u0103\u021bii \u00een gestionarea finan\u021belor publice. Tot \u00een 1864, la 31 martie, a fost emis\u0103, de c\u0103tre domnitorul Alexandru-Ioan Cuza, Legea pentru \u00eenfiin\u021barea Consiliilor Jude\u021bene care a marcat un pas important \u00een descentralizarea administrativ\u0103 a Rom\u00e2niei, contribuind la consolidarea administra\u021biei locale.<\/p>\n\n\n\n<p class=\"text-content-justify\">Evenimentul aniversar, care a avut loc miercuri, 18 septembrie 2024, la Ateneul Rom\u00e2n, a fost prezidat de pre\u0219edintele Cur\u021bii de Conturi, Mihai Busuioc, \u0219i i-a avut ca invita\u021bi de onoare pe pre\u0219edintele Rom\u00e2niei, Klaus Werner Iohannis, pre\u0219edintele Senatului, Nicolae Ciuc\u0103, pre\u0219edintele Camerei Deputa\u021bilor, Vasile-Daniel Suciu, prim-ministrul Rom\u00e2niei, Marcel Ciolacu, al\u0103turi de lideri ai unor institu\u021bii supreme de audit, precum pre\u0219edintele Organiza\u021biei Europene a Institu\u021biilor Supreme de Audit (EUROSAI), Matanyahu Englman \u0219i Auditorul General al Institu\u021biei Supreme de Audit SUA, Gene Dodaro. La sesiunea profesional\u0103 au participat oficialit\u0103\u021bi de rang \u00eenalt din guvern \u0219i Parlament, precum \u0219i reprezentan\u021bi ai unor organiza\u021bii interna\u021bionale de prestigiu.<\/p>\n\n\n\n<p class=\"text-content-justify\"><strong>Pre\u0219edintele Cur\u021bii de Conturi a Rom\u00e2niei, Mihai Busuioc a deschis evenimentul sus\u021bin\u00e2nd o alocu\u021biune despre trecutul \u0219i prezentul Cur\u021bii de Conturi a Rom\u00e2niei, institu\u021bie fundamental\u0103 care a protejat fondurile publice \u00eenc\u0103 de la \u00eenceputurile sale.<\/strong><\/p>\n\n\n\n<p class=\"text-content-justify\">\u201c\u00centr-o lume plin\u0103 de provoc\u0103ri, responsabilitatea, relevan\u021ba \u0219i rezilien\u021ba sunt valorile care ne ghideaz\u0103 c\u0103tre un viitor mai sigur \u0219i eficient.<\/p>\n\n\n\n<p class=\"text-content-justify\">De-a lungul timpului, Curtea de Conturi a cunoscut numeroase transform\u0103ri, dar gestionarea banului public \u00een interesul cet\u0103\u021beanului a fost \u00eentotdeauna esen\u021ba activit\u0103\u021bii institu\u021biei. Ast\u0103zi, prin activitatea de audit public extern desf\u0103\u0219urat\u0103 conform standardelor de audit interna\u021bionale, Curtea ofer\u0103 sprijin institu\u021biilor publice pentru a deveni mai performante \u0219i a oferi cet\u0103\u021benilor, prin transparen\u021b\u0103 \u0219i responsabilitate, servicii publice de calitate. Mul\u021bumesc colegilor \u0219i partenerilor no\u0219tri pentru efortul comun \u00een modernizarea Cur\u021bii de Conturi. \u00cempreun\u0103 avem o \u0219ans\u0103 pentru un m\u00e2ine mai bun \u00een societatea rom\u00e2neasc\u0103.\u201d <strong>\u2013 a declarat Mihai Busuioc, Pre\u0219edintele Cur\u021bii de Conturi a Rom\u00e2niei.<\/strong><\/p>\n\n\n\n<p class=\"text-content-justify\"><strong>Excelen\u021ba Sa, Klaus Werner Iohannis, pre\u0219edintele Rom\u00e2niei a eviden\u021biat, \u00een discursul s\u0103u, importan\u021ba pe care Curtea de Conturi a avut-o \u00een cei 160 de ani de existent\u0103, \u0219i o are \u00een continuare, &nbsp;\u00een promovarea transparen\u021bei \u0219i responsabilit\u0103\u021bii \u00een administrarea finan\u021belor publice.<\/strong><\/p>\n\n\n\n<p class=\"text-content-justify\">\u201eM\u0103 bucur s\u0103 fiu ast\u0103zi al\u0103turi de dumneavoastr\u0103, la celebrarea unei institu\u021bii reprezentative pentru modernizarea Rom\u00e2niei. Acum 160 de ani, \u00een\u021beleg\u00e2nd c\u0103 integritatea \u0219i responsabilitatea financiar\u0103 sunt piloni fundamentali pentru orice stat modern, Alexandru Ioan Cuza a pus bazele unei autorit\u0103\u021bi care avea s\u0103 devin\u0103 un simbol al maturit\u0103\u021bii statale \u0219i al progresului pentru na\u021biunea noastr\u0103.<\/p>\n\n\n\n<p class=\"text-content-justify\">Curtea de Conturi a fost, de la bun \u00eenceput, expresia n\u0103zuin\u021bei de a a\u0219eza statul pe principii solide, un stat \u00een care utilizarea banilor publici s\u0103 fie guvernat\u0103 de corectitudine, eficien\u021b\u0103 \u0219i transparen\u021b\u0103.<\/p>\n\n\n\n<p class=\"text-content-justify\">\u00cen prezent, rolul Cur\u021bii de Conturi dep\u0103\u0219e\u0219te sfera economico-financiar\u0103 proprie obiectului s\u0103u de activitate. Curtea de Conturi a f\u0103cut pa\u0219i esen\u021biali \u00een ultimii ani \u00een direc\u021bia consolid\u0103rii profilului s\u0103u institu\u021bional \u00een context interna\u021bional \u0219i trebuie s\u0103 r\u0103m\u00e2n\u0103 un partener activ \u00een obiectivul nostru de sus\u021binere a unei economii performan\u021be \u0219i un actor consecvent \u00een modelarea unui viitor economic inovativ \u0219i competitiv.\u201d \u2013 <strong>a declarat pre\u0219edintele Rom\u00e2niei, Klaus Werner Iohannis.<\/strong><\/p>\n\n\n\n<p class=\"text-content-justify\"><strong>Pre\u0219edintele Senatului, Nicolae Ciuc\u0103 a subliniat faptul c\u0103 institu\u021bia condus\u0103 de Mihai Busuioc, este un garant al bunei gestion\u0103ri a banului public \u0219i un autentic partener al Parlamentului.<\/strong><\/p>\n\n\n\n<p class=\"text-content-justify\">\u201eCurtea de Conturi&nbsp;este o entitate vital\u0103 pentru asigurarea func\u021bion\u0103rii institu\u021biilor publice din \u021bara noastr\u0103. Rolul ei este cel de gardian public asigur\u00e2ndu-se permanent c\u0103 finan\u021bele publice sunt utilizate corect, \u00een folosul contribuabililor, a tuturor cet\u0103\u021benilor.<\/p>\n\n\n\n<p class=\"text-content-justify\">Acest lucru este esen\u021bial mai ales \u00een aceast\u0103 perioad\u0103 \u00een care suntem extrem de aten\u021bi la cheltuielile publice, \u00een care nu ne putem permite s\u0103 risipim fondurile statului, adic\u0103 ale rom\u00e2nilor\u201d\u2013 <strong>a sus\u021binut pre\u0219edintele Senatului, Nicolae Ciuc\u0103.<\/strong><\/p>\n\n\n\n<p class=\"text-content-justify\"><strong>Pre\u0219edintele Camerei Deputa\u021bilor, Vasile Daniel Suciu, \u0219i-a exprimat respectul pentru toate genera\u021biile care au contribuit la performan\u021bele Cur\u021bii de Conturi \u00een cei 160 de ani, subliniind devotamentul lor \u00een slujba statului rom\u00e2n.<\/strong><\/p>\n\n\n\n<p class=\"text-content-justify\">\u201eVreau s\u0103-mi exprim respectul pentru absolut toate genera\u021biile, pentru to\u021bi oamenii care \u00een ace\u0219ti 160 de ani au f\u0103cut performan\u021b\u0103 \u0219i, de fapt, au cl\u0103dit Rom\u00e2nia. Celor c\u00e2teva mii, zeci de oameni, slujitori ai statului Rom\u00e2n, din partea Camerei Deputa\u021bilor tot respectul, iar cei care sunt de mult \u00een memoria colectiv\u0103, fie memoria binecuv\u00e2ntat\u0103, tot respectul!<\/p>\n\n\n\n<p class=\"text-content-justify\">\u00cen ciuda vremurilor, \u00een ciuda greut\u0103\u021bilor, Curtea de Conturi este printre pu\u021binele institu\u021bii care de acum 160 de ani \u0219i p\u00e2n\u0103 acum nu \u0219i-a schimbat menirea \u0219i a r\u0103mas aceea\u0219i garan\u021bie pentru rom\u00e2ni \u00een ceea ce prive\u0219te cheltuirea eficient\u0103 a banului public. Sunt ferm convins c\u0103 misiunea \u0219i reforma pe care v-a\u021bi asumat-o va face \u0219i angaja\u021bii de m\u00e2ine ai Cur\u021bii de Conturi extrem de m\u00e2ndri de cum sunte\u021bi \u0219i dumneavoastr\u0103 acum, de cei din trecut.\u201d \u2013 <strong>a precizat pre\u0219edintele Camerei Deputa\u021bilor, Vasile Daniel Suciu.<\/strong><\/p>\n\n\n\n<p class=\"text-content-justify\"><strong>Prim-ministrul Rom\u00e2niei, Marcel Ciolacu a salutat schimb\u0103rile produse at\u00e2t \u00een auditul fondurilor publice, c\u00e2t \u015fi \u00een ceea ce prive\u015fte comunicarea dintre Curtea de Conturi \u015fi factorii de decizie din societate.<\/strong><\/p>\n\n\n\n<p class=\"text-content-justify\">\u201eVreau s\u0103 felicit \u00eentreaga conducerea Cur\u0163ii de Conturi pentru eforturile depuse \u00een continuarea procesului de modernizare a acestei institu\u0163ii. \u015etiu c\u0103 a\u0163i avut de \u00eenfruntat provoc\u0103ri majore, dar prin dialog \u015fi echilibru a\u0163i reu\u015fit s\u0103 g\u0103si\u0163i \u00eentotdeauna solu\u0163ii pentru a v\u0103 ridica la nivelul a\u015ftept\u0103rilor acestei institu\u0163ii. Putem avea \u00een institu\u0163ia suprem\u0103 de audit a Rom\u00e2niei un partener \u00een auditarea politicilor publice, pentru a \u015fti cum putem veni mai bine \u00een sprijinul beneficiarului final, nu altul dec\u00e2t cet\u0103\u0163eanul\u201d \u2013 <strong>a declarant premierul Rom\u00e2niei, Marcel Ciolacu.<\/strong><\/p>\n\n\n\n<p class=\"text-content-justify\">Prezen\u021ba UNCJR la acest eveniment reflect\u0103 nu doar recunoa\u0219terea istoriei \u0219i importan\u021bei Cur\u021bii de Conturi, ci \u0219i contribu\u021bia deosebit\u0103 adus\u0103, de aceasta, la asigurarea transparen\u021bei, responsabilit\u0103\u021bii \u0219i bunei guvern\u0103ri \u00een gestionarea fondurilor publice, precum \u0219i sprijinul constant oferit autorit\u0103\u021bilor publice locale pentru o gestionare eficient\u0103 a finan\u021belor publice<\/p>\n\n\n\n<p class=\"text-content-justify\">Prin intermediul acestei s\u0103rb\u0103tori, reafirm\u0103m angajamentul UNCJR fa\u021b\u0103 de principiile transparen\u021bei, responsabilit\u0103\u021bii \u0219i bunei guvern\u0103ri, esen\u021biale pentru dezvoltarea unei administra\u021bii eficiente \u00een slujba cet\u0103\u021benilor.<\/p>\n\n\n\n<figure class=\"wp-block-gallery has-nested-images columns-3 is-cropped wp-block-gallery-1 is-layout-flex wp-block-gallery-is-layout-flex\">\n<figure class=\"wp-block-image size-full\"><img loading=\"lazy\" decoding=\"async\" width=\"1054\" height=\"848\" data-id=\"5960\" src=\"https:\/\/uncjr.ro\/web\/wp-content\/uploads\/2024\/09\/IMG_7872-1.jpg\" alt=\"\" class=\"wp-image-5960\" srcset=\"https:\/\/uncjr.ro\/web\/wp-content\/uploads\/2024\/09\/IMG_7872-1.jpg 1054w, https:\/\/uncjr.ro\/web\/wp-content\/uploads\/2024\/09\/IMG_7872-1-980x788.jpg 980w, https:\/\/uncjr.ro\/web\/wp-content\/uploads\/2024\/09\/IMG_7872-1-480x386.jpg 480w\" sizes=\"(min-width: 0px) and (max-width: 480px) 480px, (min-width: 481px) and (max-width: 980px) 980px, (min-width: 981px) 1054px, 100vw\" \/><\/figure>\n\n\n\n<figure class=\"wp-block-image size-large\"><img loading=\"lazy\" decoding=\"async\" width=\"1024\" height=\"768\" data-id=\"5949\" src=\"https:\/\/uncjr.ro\/web\/wp-content\/uploads\/2024\/09\/original_participare_la_evenimentul_aniversar_dedicat_implinirii_a_160_de_ani_de_la_infiintarea_curtii_de_conturi_a_romaniei_2-1024x768.jpg\" alt=\"\" class=\"wp-image-5949\" srcset=\"https:\/\/uncjr.ro\/web\/wp-content\/uploads\/2024\/09\/original_participare_la_evenimentul_aniversar_dedicat_implinirii_a_160_de_ani_de_la_infiintarea_curtii_de_conturi_a_romaniei_2-980x735.jpg 980w, https:\/\/uncjr.ro\/web\/wp-content\/uploads\/2024\/09\/original_participare_la_evenimentul_aniversar_dedicat_implinirii_a_160_de_ani_de_la_infiintarea_curtii_de_conturi_a_romaniei_2-480x360.jpg 480w\" sizes=\"(min-width: 0px) and (max-width: 480px) 480px, (min-width: 481px) and (max-width: 980px) 980px, (min-width: 981px) 1024px, 100vw\" \/><\/figure>\n\n\n\n<figure class=\"wp-block-image size-large\"><img loading=\"lazy\" decoding=\"async\" width=\"1024\" height=\"576\" data-id=\"5943\" src=\"https:\/\/uncjr.ro\/web\/wp-content\/uploads\/2024\/09\/original_participare_la_evenimentul_aniversar_dedicat_implinirii_a_160_de_ani_de_la_infiintarea_curtii_de_conturi_a_romaniei_8-1024x576.jpg\" alt=\"\" class=\"wp-image-5943\" srcset=\"https:\/\/uncjr.ro\/web\/wp-content\/uploads\/2024\/09\/original_participare_la_evenimentul_aniversar_dedicat_implinirii_a_160_de_ani_de_la_infiintarea_curtii_de_conturi_a_romaniei_8-980x551.jpg 980w, https:\/\/uncjr.ro\/web\/wp-content\/uploads\/2024\/09\/original_participare_la_evenimentul_aniversar_dedicat_implinirii_a_160_de_ani_de_la_infiintarea_curtii_de_conturi_a_romaniei_8-480x270.jpg 480w\" sizes=\"(min-width: 0px) and (max-width: 480px) 480px, (min-width: 481px) and (max-width: 980px) 980px, (min-width: 981px) 1024px, 100vw\" \/><\/figure>\n\n\n\n<figure class=\"wp-block-image size-full\"><img loading=\"lazy\" decoding=\"async\" width=\"602\" height=\"340\" data-id=\"5941\" src=\"https:\/\/uncjr.ro\/web\/wp-content\/uploads\/2024\/09\/Picture1.png\" alt=\"\" class=\"wp-image-5941\" srcset=\"https:\/\/uncjr.ro\/web\/wp-content\/uploads\/2024\/09\/Picture1.png 602w, https:\/\/uncjr.ro\/web\/wp-content\/uploads\/2024\/09\/Picture1-480x271.png 480w\" sizes=\"(min-width: 0px) and (max-width: 480px) 480px, (min-width: 481px) 602px, 100vw\" \/><\/figure>\n\n\n\n<figure class=\"wp-block-image size-large\"><img loading=\"lazy\" decoding=\"async\" width=\"1024\" height=\"683\" data-id=\"5939\" src=\"https:\/\/uncjr.ro\/web\/wp-content\/uploads\/2024\/09\/459815906_1052082793046416_8584099469276560743_n-1024x683.jpg\" alt=\"\" class=\"wp-image-5939\" srcset=\"https:\/\/uncjr.ro\/web\/wp-content\/uploads\/2024\/09\/459815906_1052082793046416_8584099469276560743_n-980x654.jpg 980w, https:\/\/uncjr.ro\/web\/wp-content\/uploads\/2024\/09\/459815906_1052082793046416_8584099469276560743_n-480x320.jpg 480w\" sizes=\"(min-width: 0px) and (max-width: 480px) 480px, (min-width: 481px) and (max-width: 980px) 980px, (min-width: 981px) 1024px, 100vw\" \/><\/figure>\n\n\n\n<figure class=\"wp-block-image size-large\"><img loading=\"lazy\" decoding=\"async\" width=\"1024\" height=\"683\" data-id=\"5944\" src=\"https:\/\/uncjr.ro\/web\/wp-content\/uploads\/2024\/09\/original_govr6527-1024x683.jpg\" alt=\"\" class=\"wp-image-5944\" srcset=\"https:\/\/uncjr.ro\/web\/wp-content\/uploads\/2024\/09\/original_govr6527-980x653.jpg 980w, https:\/\/uncjr.ro\/web\/wp-content\/uploads\/2024\/09\/original_govr6527-480x320.jpg 480w\" sizes=\"(min-width: 0px) and (max-width: 480px) 480px, (min-width: 481px) and (max-width: 980px) 980px, (min-width: 981px) 1024px, 100vw\" \/><\/figure>\n\n\n\n<figure class=\"wp-block-image size-large\"><img loading=\"lazy\" decoding=\"async\" width=\"1024\" height=\"694\" data-id=\"5946\" src=\"https:\/\/uncjr.ro\/web\/wp-content\/uploads\/2024\/09\/original_participare_la_evenimentul_aniversar_dedicat_implinirii_a_160_de_ani_de_la_infiintarea_curtii_de_conturi_a_romaniei_3-1024x694.jpg\" alt=\"\" class=\"wp-image-5946\" srcset=\"https:\/\/uncjr.ro\/web\/wp-content\/uploads\/2024\/09\/original_participare_la_evenimentul_aniversar_dedicat_implinirii_a_160_de_ani_de_la_infiintarea_curtii_de_conturi_a_romaniei_3-980x664.jpg 980w, https:\/\/uncjr.ro\/web\/wp-content\/uploads\/2024\/09\/original_participare_la_evenimentul_aniversar_dedicat_implinirii_a_160_de_ani_de_la_infiintarea_curtii_de_conturi_a_romaniei_3-480x325.jpg 480w\" sizes=\"(min-width: 0px) and (max-width: 480px) 480px, (min-width: 481px) and (max-width: 980px) 980px, (min-width: 981px) 1024px, 100vw\" \/><\/figure>\n\n\n\n<figure class=\"wp-block-image size-large\"><img loading=\"lazy\" decoding=\"async\" width=\"1024\" height=\"768\" data-id=\"5940\" src=\"https:\/\/uncjr.ro\/web\/wp-content\/uploads\/2024\/09\/460201201_1105467257609622_7517086727936267303_n-1024x768.jpg\" alt=\"\" class=\"wp-image-5940\" srcset=\"https:\/\/uncjr.ro\/web\/wp-content\/uploads\/2024\/09\/460201201_1105467257609622_7517086727936267303_n-980x735.jpg 980w, https:\/\/uncjr.ro\/web\/wp-content\/uploads\/2024\/09\/460201201_1105467257609622_7517086727936267303_n-480x360.jpg 480w\" sizes=\"(min-width: 0px) and (max-width: 480px) 480px, (min-width: 481px) and (max-width: 980px) 980px, (min-width: 981px) 1024px, 100vw\" \/><\/figure>\n\n\n\n<figure class=\"wp-block-image size-large\"><img loading=\"lazy\" decoding=\"async\" width=\"1024\" height=\"683\" data-id=\"5947\" src=\"https:\/\/uncjr.ro\/web\/wp-content\/uploads\/2024\/09\/original_govr7126-1024x683.jpg\" alt=\"\" class=\"wp-image-5947\" srcset=\"https:\/\/uncjr.ro\/web\/wp-content\/uploads\/2024\/09\/original_govr7126-980x653.jpg 980w, https:\/\/uncjr.ro\/web\/wp-content\/uploads\/2024\/09\/original_govr7126-480x320.jpg 480w\" sizes=\"(min-width: 0px) and (max-width: 480px) 480px, (min-width: 481px) and (max-width: 980px) 980px, (min-width: 981px) 1024px, 100vw\" \/><\/figure>\n\n\n\n<figure class=\"wp-block-image size-large\"><img loading=\"lazy\" decoding=\"async\" width=\"1024\" height=\"683\" data-id=\"5942\" src=\"https:\/\/uncjr.ro\/web\/wp-content\/uploads\/2024\/09\/original_govr6783-1024x683.jpg\" alt=\"\" class=\"wp-image-5942\" srcset=\"https:\/\/uncjr.ro\/web\/wp-content\/uploads\/2024\/09\/original_govr6783-980x653.jpg 980w, https:\/\/uncjr.ro\/web\/wp-content\/uploads\/2024\/09\/original_govr6783-480x320.jpg 480w\" sizes=\"(min-width: 0px) and (max-width: 480px) 480px, (min-width: 481px) and (max-width: 980px) 980px, (min-width: 981px) 1024px, 100vw\" \/><\/figure>\n\n\n\n<figure class=\"wp-block-image size-large\"><img loading=\"lazy\" decoding=\"async\" width=\"1024\" height=\"768\" data-id=\"5951\" src=\"https:\/\/uncjr.ro\/web\/wp-content\/uploads\/2024\/09\/original_participare_la_evenimentul_aniversar_dedicat_implinirii_a_160_de_ani_de_la_infiintarea_curtii_de_conturi_a_romaniei_13-1024x768.jpg\" alt=\"\" class=\"wp-image-5951\" srcset=\"https:\/\/uncjr.ro\/web\/wp-content\/uploads\/2024\/09\/original_participare_la_evenimentul_aniversar_dedicat_implinirii_a_160_de_ani_de_la_infiintarea_curtii_de_conturi_a_romaniei_13-980x735.jpg 980w, https:\/\/uncjr.ro\/web\/wp-content\/uploads\/2024\/09\/original_participare_la_evenimentul_aniversar_dedicat_implinirii_a_160_de_ani_de_la_infiintarea_curtii_de_conturi_a_romaniei_13-480x360.jpg 480w\" sizes=\"(min-width: 0px) and (max-width: 480px) 480px, (min-width: 481px) and (max-width: 980px) 980px, (min-width: 981px) 1024px, 100vw\" \/><\/figure>\n\n\n\n<figure class=\"wp-block-image size-large\"><img loading=\"lazy\" decoding=\"async\" width=\"1024\" height=\"724\" data-id=\"5952\" src=\"https:\/\/uncjr.ro\/web\/wp-content\/uploads\/2024\/09\/original_participare_la_evenimentul_aniversar_dedicat_implinirii_a_160_de_ani_de_la_infiintarea_curtii_de_conturi_a_romaniei_11-1024x724.jpg\" alt=\"\" class=\"wp-image-5952\" srcset=\"https:\/\/uncjr.ro\/web\/wp-content\/uploads\/2024\/09\/original_participare_la_evenimentul_aniversar_dedicat_implinirii_a_160_de_ani_de_la_infiintarea_curtii_de_conturi_a_romaniei_11-980x693.jpg 980w, https:\/\/uncjr.ro\/web\/wp-content\/uploads\/2024\/09\/original_participare_la_evenimentul_aniversar_dedicat_implinirii_a_160_de_ani_de_la_infiintarea_curtii_de_conturi_a_romaniei_11-480x339.jpg 480w\" sizes=\"(min-width: 0px) and (max-width: 480px) 480px, (min-width: 481px) and (max-width: 980px) 980px, (min-width: 981px) 1024px, 100vw\" \/><\/figure>\n\n\n\n<figure class=\"wp-block-image size-large\"><img loading=\"lazy\" decoding=\"async\" width=\"1024\" height=\"702\" data-id=\"5954\" src=\"https:\/\/uncjr.ro\/web\/wp-content\/uploads\/2024\/09\/original_participare_la_evenimentul_aniversar_dedicat_implinirii_a_160_de_ani_de_la_infiintarea_curtii_de_conturi_a_romaniei_6-1024x702.jpg\" alt=\"\" class=\"wp-image-5954\" srcset=\"https:\/\/uncjr.ro\/web\/wp-content\/uploads\/2024\/09\/original_participare_la_evenimentul_aniversar_dedicat_implinirii_a_160_de_ani_de_la_infiintarea_curtii_de_conturi_a_romaniei_6-980x672.jpg 980w, https:\/\/uncjr.ro\/web\/wp-content\/uploads\/2024\/09\/original_participare_la_evenimentul_aniversar_dedicat_implinirii_a_160_de_ani_de_la_infiintarea_curtii_de_conturi_a_romaniei_6-480x329.jpg 480w\" sizes=\"(min-width: 0px) and (max-width: 480px) 480px, (min-width: 481px) and (max-width: 980px) 980px, (min-width: 981px) 1024px, 100vw\" \/><\/figure>\n\n\n\n<figure class=\"wp-block-image size-large\"><img loading=\"lazy\" decoding=\"async\" width=\"1024\" height=\"682\" data-id=\"5953\" src=\"https:\/\/uncjr.ro\/web\/wp-content\/uploads\/2024\/09\/original_participare_la_evenimentul_aniversar_dedicat_implinirii_a_160_de_ani_de_la_infiintarea_curtii_de_conturi_a_romaniei_5-1024x682.jpg\" alt=\"\" class=\"wp-image-5953\" srcset=\"https:\/\/uncjr.ro\/web\/wp-content\/uploads\/2024\/09\/original_participare_la_evenimentul_aniversar_dedicat_implinirii_a_160_de_ani_de_la_infiintarea_curtii_de_conturi_a_romaniei_5-980x653.jpg 980w, https:\/\/uncjr.ro\/web\/wp-content\/uploads\/2024\/09\/original_participare_la_evenimentul_aniversar_dedicat_implinirii_a_160_de_ani_de_la_infiintarea_curtii_de_conturi_a_romaniei_5-480x320.jpg 480w\" sizes=\"(min-width: 0px) and (max-width: 480px) 480px, (min-width: 481px) and (max-width: 980px) 980px, (min-width: 981px) 1024px, 100vw\" \/><\/figure>\n\n\n\n<figure class=\"wp-block-image size-large\"><img loading=\"lazy\" decoding=\"async\" width=\"1024\" height=\"768\" data-id=\"5955\" src=\"https:\/\/uncjr.ro\/web\/wp-content\/uploads\/2024\/09\/WhatsApp-Image-2024-09-18-at-17.06.08-1024x768.jpeg\" alt=\"\" class=\"wp-image-5955\" srcset=\"https:\/\/uncjr.ro\/web\/wp-content\/uploads\/2024\/09\/WhatsApp-Image-2024-09-18-at-17.06.08-980x735.jpeg 980w, https:\/\/uncjr.ro\/web\/wp-content\/uploads\/2024\/09\/WhatsApp-Image-2024-09-18-at-17.06.08-480x360.jpeg 480w\" sizes=\"(min-width: 0px) and (max-width: 480px) 480px, (min-width: 481px) and (max-width: 980px) 980px, (min-width: 981px) 1024px, 100vw\" \/><\/figure>\n\n\n\n<figure class=\"wp-block-image size-large\"><img loading=\"lazy\" decoding=\"async\" width=\"1024\" height=\"523\" data-id=\"5956\" src=\"https:\/\/uncjr.ro\/web\/wp-content\/uploads\/2024\/09\/image-1024x523.png\" alt=\"\" class=\"wp-image-5956\" srcset=\"https:\/\/uncjr.ro\/web\/wp-content\/uploads\/2024\/09\/image-980x500.png 980w, https:\/\/uncjr.ro\/web\/wp-content\/uploads\/2024\/09\/image-480x245.png 480w\" sizes=\"(min-width: 0px) and (max-width: 480px) 480px, (min-width: 481px) and (max-width: 980px) 980px, (min-width: 981px) 1024px, 100vw\" \/><\/figure>\n<\/figure>\n\n\n\n<p>Surs\u0103 foto: <a href=\"https:\/\/www.presidency.ro\/\">https:\/\/www.presidency.ro\/<\/a>; <a href=\"https:\/\/gov.ro\/\">https:\/\/gov.ro\/<\/a> <\/p>\n","protected":false},"excerpt":{"rendered":"<p>Uniunea Na\u021bional\u0103 a Consiliilor Jude\u021bene din Rom\u00e2nia (UNCJR) are onoarea de a se al\u0103tura evenimentului care marcheaz\u0103 160 de ani de la \u00eenfiin\u021barea uneia dintre cele mai importante institu\u021bii din arhitectura statului modern \u2013 Curtea de Conturi a Rom\u00e2niei. &nbsp;\u00centemeiat\u0103 la 24 ianuarie 1864 de c\u0103tre domnitorul Alexandru Ioan Cuza, \u00cenalta Curte de Compturi a [&hellip;]<\/p>\n","protected":false},"author":2,"featured_media":5958,"comment_status":"closed","ping_status":"closed","sticky":false,"template":"","format":"standard","meta":{"_et_pb_use_builder":"","_et_pb_old_content":"","_et_gb_content_width":"","footnotes":""},"categories":[6,5],"tags":[],"class_list":["post-5935","post","type-post","status-publish","format-standard","has-post-thumbnail","hentry","category-comunicat-de-presa","category-noutati"],"_links":{"self":[{"href":"https:\/\/uncjr.ro\/web\/wp-json\/wp\/v2\/posts\/5935","targetHints":{"allow":["GET"]}}],"collection":[{"href":"https:\/\/uncjr.ro\/web\/wp-json\/wp\/v2\/posts"}],"about":[{"href":"https:\/\/uncjr.ro\/web\/wp-json\/wp\/v2\/types\/post"}],"author":[{"embeddable":true,"href":"https:\/\/uncjr.ro\/web\/wp-json\/wp\/v2\/users\/2"}],"replies":[{"embeddable":true,"href":"https:\/\/uncjr.ro\/web\/wp-json\/wp\/v2\/comments?post=5935"}],"version-history":[{"count":2,"href":"https:\/\/uncjr.ro\/web\/wp-json\/wp\/v2\/posts\/5935\/revisions"}],"predecessor-version":[{"id":5961,"href":"https:\/\/uncjr.ro\/web\/wp-json\/wp\/v2\/posts\/5935\/revisions\/5961"}],"wp:featuredmedia":[{"embeddable":true,"href":"https:\/\/uncjr.ro\/web\/wp-json\/wp\/v2\/media\/5958"}],"wp:attachment":[{"href":"https:\/\/uncjr.ro\/web\/wp-json\/wp\/v2\/media?parent=5935"}],"wp:term":[{"taxonomy":"category","embeddable":true,"href":"https:\/\/uncjr.ro\/web\/wp-json\/wp\/v2\/categories?post=5935"},{"taxonomy":"post_tag","embeddable":true,"href":"https:\/\/uncjr.ro\/web\/wp-json\/wp\/v2\/tags?post=5935"}],"curies":[{"name":"wp","href":"https:\/\/api.w.org\/{rel}","templated":true}]}}