{"id":5798,"date":"2024-07-18T09:52:59","date_gmt":"2024-07-18T07:52:59","guid":{"rendered":"https:\/\/uncjr.ro\/web\/?p=5798"},"modified":"2024-09-26T10:29:28","modified_gmt":"2024-09-26T08:29:28","slug":"19-septembrie-2024-workshop-in-spania","status":"publish","type":"post","link":"https:\/\/uncjr.ro\/web\/19-septembrie-2024-workshop-in-spania\/","title":{"rendered":"<h1>19 septembrie 2024 <\/h1> Workshop \u00een Spania"},"content":{"rendered":"\n<p class=\"text-content-justify\">Pe data de 19 septembrie2024, la Llaur\u00ed (Spania), a avut loc a treia \u00eent\u00e2lnire interna\u021bional\u0103 din cadrul proiectului \u201e<a href=\"https:\/\/www.regiocoop.eu\/elc\" data-type=\"link\" data-id=\"https:\/\/www.regiocoop.eu\/elc\">European Local Citizen<\/a>\u201d, cu tema \u201eperspectiva de gen \u00een raport cu Tratatul de la Maastricht\u201d. La eveniment au participat to\u021bi partenerii proiectului, al\u0103turi de participan\u021bi locali, \u00eensum\u00e2nd peste 50 de persoane.<\/p>\n\n\n\n<p class=\"text-content-justify\"><strong>\u00d3scar Navarro Torres, pre\u0219edintele Mancomunit\u0103\u021bii Ribera Baixa,<\/strong> a deschis \u00eent\u00e2lnirea, eviden\u021biind impactul Tratatului de la Maastricht \u00een zonele rurale \u0219i subliniind c\u0103 includerea perspectivei de gen a contribuit la dezvoltarea legisla\u021biei pentru protejarea drepturilor femeilor. <strong>Anna Maria Gonz\u00e1lez Herdaro, primarul ora\u0219ului Llaur\u00ed, <\/strong>a subliniat rolul Uniunii Europene \u00een promovarea egalit\u0103\u021bii de gen \u0219i importan\u021ba acestui tratat, men\u021bion\u00e2nd c\u0103 \u201emai avem un drum lung de parcurs pentru egalitate\u201d.<\/p>\n\n\n\n<p class=\"text-content-justify\">\u00cen continuare <strong>Maria Pilar Sala Fayos, primarul ora\u0219ului Favara<\/strong>, a eviden\u021biat impactul Tratatului asupra drepturilor femeilor \u00een munc\u0103 \u0219i \u00een Uniunea European\u0103. Ea a subliniat necesitatea aprob\u0103rii politicilor care s\u0103 protejeze \u00een continuare drepturile femeilor, asigur\u00e2nd c\u0103 acestea nu sunt excluse din cauza deciziilor de a deveni mame \u0219i de a \u00eentemeia o familie.<\/p>\n\n\n\n<p class=\"text-content-justify\"><strong>Mentxu Balaguer Pastor, primarul din Corbera, <\/strong>a \u00eencheiat subliniind importan\u021ba colabor\u0103rii \u00eentre institu\u021bii \u0219i cet\u0103\u021beni pentru a promova egalitatea de gen, educa\u021bia \u0219i valori critice. Ea a accentuat necesitatea con\u0219tientiz\u0103rii sociale \u00een domeniile educa\u021biei \u0219i familiei, unde valoarea femeilor este adesea pus\u0103 sub semnul \u00eentreb\u0103rii.<\/p>\n\n\n\n<p class=\"text-content-justify\">Evenimentul a oferit participan\u021bilor o \u00een\u021belegere mai profund\u0103 a Tratatului de la Maastricht \u00een ceea ce prive\u0219te politicile de gen implementate \u00een \u021b\u0103rile participante. \u0218i, desigur, a contribuit la promovarea \u00een r\u00e2ndul participan\u021bilor a unei mai mari con\u0219tientiz\u0103ri a cet\u0103\u021beniei europene \u0219i a unui angajament activ fa\u021b\u0103 de principiile egalit\u0103\u021bii de gen \u00een Uniunea European\u0103.<\/p>\n\n\n\n<figure class=\"wp-block-gallery has-nested-images columns-default is-cropped wp-block-gallery-1 is-layout-flex wp-block-gallery-is-layout-flex\">\n<figure class=\"wp-block-image size-large\"><img loading=\"lazy\" decoding=\"async\" width=\"1024\" height=\"768\" data-id=\"6009\" src=\"https:\/\/uncjr.ro\/web\/wp-content\/uploads\/2024\/07\/ELC_SPAIN_19SEP_104_0-1-1024x768.jpg\" alt=\"\" class=\"wp-image-6009\" srcset=\"https:\/\/uncjr.ro\/web\/wp-content\/uploads\/2024\/07\/ELC_SPAIN_19SEP_104_0-1-980x735.jpg 980w, https:\/\/uncjr.ro\/web\/wp-content\/uploads\/2024\/07\/ELC_SPAIN_19SEP_104_0-1-480x360.jpg 480w\" sizes=\"(min-width: 0px) and (max-width: 480px) 480px, (min-width: 481px) and (max-width: 980px) 980px, (min-width: 981px) 1024px, 100vw\" \/><\/figure>\n\n\n\n<figure class=\"wp-block-image size-large\"><img loading=\"lazy\" decoding=\"async\" width=\"1024\" height=\"768\" data-id=\"6001\" src=\"https:\/\/uncjr.ro\/web\/wp-content\/uploads\/2024\/07\/ELC_SPAIN_19SEP_002-1-1024x768.jpg\" alt=\"\" class=\"wp-image-6001\" srcset=\"https:\/\/uncjr.ro\/web\/wp-content\/uploads\/2024\/07\/ELC_SPAIN_19SEP_002-1-980x735.jpg 980w, https:\/\/uncjr.ro\/web\/wp-content\/uploads\/2024\/07\/ELC_SPAIN_19SEP_002-1-480x360.jpg 480w\" sizes=\"(min-width: 0px) and (max-width: 480px) 480px, (min-width: 481px) and (max-width: 980px) 980px, (min-width: 981px) 1024px, 100vw\" \/><\/figure>\n\n\n\n<figure class=\"wp-block-image size-large\"><img loading=\"lazy\" decoding=\"async\" width=\"1024\" height=\"768\" data-id=\"6004\" src=\"https:\/\/uncjr.ro\/web\/wp-content\/uploads\/2024\/07\/ELC_SPAIN_19SEP_036-1-1024x768.jpg\" alt=\"\" class=\"wp-image-6004\" srcset=\"https:\/\/uncjr.ro\/web\/wp-content\/uploads\/2024\/07\/ELC_SPAIN_19SEP_036-1-980x735.jpg 980w, https:\/\/uncjr.ro\/web\/wp-content\/uploads\/2024\/07\/ELC_SPAIN_19SEP_036-1-480x360.jpg 480w\" sizes=\"(min-width: 0px) and (max-width: 480px) 480px, (min-width: 481px) and (max-width: 980px) 980px, (min-width: 981px) 1024px, 100vw\" \/><\/figure>\n\n\n\n<figure class=\"wp-block-image size-large\"><img loading=\"lazy\" decoding=\"async\" width=\"1024\" height=\"768\" data-id=\"6002\" src=\"https:\/\/uncjr.ro\/web\/wp-content\/uploads\/2024\/07\/ELC_SPAIN_19SEP_038-1-1024x768.jpg\" alt=\"\" class=\"wp-image-6002\" srcset=\"https:\/\/uncjr.ro\/web\/wp-content\/uploads\/2024\/07\/ELC_SPAIN_19SEP_038-1-980x735.jpg 980w, https:\/\/uncjr.ro\/web\/wp-content\/uploads\/2024\/07\/ELC_SPAIN_19SEP_038-1-480x360.jpg 480w\" sizes=\"(min-width: 0px) and (max-width: 480px) 480px, (min-width: 481px) and (max-width: 980px) 980px, (min-width: 981px) 1024px, 100vw\" \/><\/figure>\n\n\n\n<figure class=\"wp-block-image size-large\"><img loading=\"lazy\" decoding=\"async\" width=\"1024\" height=\"768\" data-id=\"6003\" src=\"https:\/\/uncjr.ro\/web\/wp-content\/uploads\/2024\/07\/ELC_SPAIN_19SEP_044-1-1024x768.jpg\" alt=\"\" class=\"wp-image-6003\" srcset=\"https:\/\/uncjr.ro\/web\/wp-content\/uploads\/2024\/07\/ELC_SPAIN_19SEP_044-1-980x735.jpg 980w, https:\/\/uncjr.ro\/web\/wp-content\/uploads\/2024\/07\/ELC_SPAIN_19SEP_044-1-480x360.jpg 480w\" sizes=\"(min-width: 0px) and (max-width: 480px) 480px, (min-width: 481px) and (max-width: 980px) 980px, (min-width: 981px) 1024px, 100vw\" \/><\/figure>\n\n\n\n<figure class=\"wp-block-image size-large\"><img loading=\"lazy\" decoding=\"async\" width=\"1024\" height=\"768\" data-id=\"6005\" src=\"https:\/\/uncjr.ro\/web\/wp-content\/uploads\/2024\/07\/ELC_SPAIN_19SEP_113-1-1024x768.jpg\" alt=\"\" class=\"wp-image-6005\" srcset=\"https:\/\/uncjr.ro\/web\/wp-content\/uploads\/2024\/07\/ELC_SPAIN_19SEP_113-1-980x735.jpg 980w, https:\/\/uncjr.ro\/web\/wp-content\/uploads\/2024\/07\/ELC_SPAIN_19SEP_113-1-480x360.jpg 480w\" sizes=\"(min-width: 0px) and (max-width: 480px) 480px, (min-width: 481px) and (max-width: 980px) 980px, (min-width: 981px) 1024px, 100vw\" \/><\/figure>\n\n\n\n<figure class=\"wp-block-image size-large\"><img loading=\"lazy\" decoding=\"async\" width=\"1024\" height=\"768\" data-id=\"6008\" src=\"https:\/\/uncjr.ro\/web\/wp-content\/uploads\/2024\/07\/ELC_SPAIN_19SEP_115-1-1024x768.jpg\" alt=\"\" class=\"wp-image-6008\" srcset=\"https:\/\/uncjr.ro\/web\/wp-content\/uploads\/2024\/07\/ELC_SPAIN_19SEP_115-1-980x735.jpg 980w, https:\/\/uncjr.ro\/web\/wp-content\/uploads\/2024\/07\/ELC_SPAIN_19SEP_115-1-480x360.jpg 480w\" sizes=\"(min-width: 0px) and (max-width: 480px) 480px, (min-width: 481px) and (max-width: 980px) 980px, (min-width: 981px) 1024px, 100vw\" \/><\/figure>\n\n\n\n<figure class=\"wp-block-image size-large\"><img loading=\"lazy\" decoding=\"async\" width=\"1024\" height=\"768\" data-id=\"6006\" src=\"https:\/\/uncjr.ro\/web\/wp-content\/uploads\/2024\/07\/ELC_SPAIN_19SEP_116-1-1024x768.jpg\" alt=\"\" class=\"wp-image-6006\" srcset=\"https:\/\/uncjr.ro\/web\/wp-content\/uploads\/2024\/07\/ELC_SPAIN_19SEP_116-1-980x735.jpg 980w, https:\/\/uncjr.ro\/web\/wp-content\/uploads\/2024\/07\/ELC_SPAIN_19SEP_116-1-480x360.jpg 480w\" sizes=\"(min-width: 0px) and (max-width: 480px) 480px, (min-width: 481px) and (max-width: 980px) 980px, (min-width: 981px) 1024px, 100vw\" \/><\/figure>\n\n\n\n<figure class=\"wp-block-image size-large\"><img loading=\"lazy\" decoding=\"async\" width=\"1024\" height=\"576\" data-id=\"6007\" src=\"https:\/\/uncjr.ro\/web\/wp-content\/uploads\/2024\/07\/ELC_SPAIN_19SEP_123-1-1024x576.jpg\" alt=\"\" class=\"wp-image-6007\" srcset=\"https:\/\/uncjr.ro\/web\/wp-content\/uploads\/2024\/07\/ELC_SPAIN_19SEP_123-1-980x551.jpg 980w, https:\/\/uncjr.ro\/web\/wp-content\/uploads\/2024\/07\/ELC_SPAIN_19SEP_123-1-480x270.jpg 480w\" sizes=\"(min-width: 0px) and (max-width: 480px) 480px, (min-width: 481px) and (max-width: 980px) 980px, (min-width: 981px) 1024px, 100vw\" \/><\/figure>\n\n\n\n<figure class=\"wp-block-image size-large\"><img loading=\"lazy\" decoding=\"async\" width=\"720\" height=\"405\" data-id=\"6010\" src=\"https:\/\/uncjr.ro\/web\/wp-content\/uploads\/2024\/09\/ELC-EU-1-edited.jpg\" alt=\"\" class=\"wp-image-6010\" srcset=\"https:\/\/uncjr.ro\/web\/wp-content\/uploads\/2024\/09\/ELC-EU-1-edited.jpg 720w, https:\/\/uncjr.ro\/web\/wp-content\/uploads\/2024\/09\/ELC-EU-1-edited-480x270.jpg 480w\" sizes=\"(min-width: 0px) and (max-width: 480px) 480px, (min-width: 481px) 720px, 100vw\" \/><\/figure>\n<\/figure>\n","protected":false},"excerpt":{"rendered":"<p>Pe data de 19 septembrie2024, la Llaur\u00ed (Spania), a avut loc a treia \u00eent\u00e2lnire interna\u021bional\u0103 din cadrul proiectului \u201eEuropean Local Citizen\u201d, cu tema \u201eperspectiva de gen \u00een raport cu Tratatul de la Maastricht\u201d. La eveniment au participat to\u021bi partenerii proiectului, al\u0103turi de participan\u021bi locali, \u00eensum\u00e2nd peste 50 de persoane. \u00d3scar Navarro Torres, pre\u0219edintele Mancomunit\u0103\u021bii Ribera [&hellip;]<\/p>\n","protected":false},"author":2,"featured_media":5982,"comment_status":"closed","ping_status":"closed","sticky":false,"template":"","format":"standard","meta":{"_et_pb_use_builder":"","_et_pb_old_content":"","_et_gb_content_width":"","footnotes":""},"categories":[28,30],"tags":[],"class_list":["post-5798","post","type-post","status-publish","format-standard","has-post-thumbnail","hentry","category-evenimente-incheiate","category-proiect-elc"],"_links":{"self":[{"href":"https:\/\/uncjr.ro\/web\/wp-json\/wp\/v2\/posts\/5798","targetHints":{"allow":["GET"]}}],"collection":[{"href":"https:\/\/uncjr.ro\/web\/wp-json\/wp\/v2\/posts"}],"about":[{"href":"https:\/\/uncjr.ro\/web\/wp-json\/wp\/v2\/types\/post"}],"author":[{"embeddable":true,"href":"https:\/\/uncjr.ro\/web\/wp-json\/wp\/v2\/users\/2"}],"replies":[{"embeddable":true,"href":"https:\/\/uncjr.ro\/web\/wp-json\/wp\/v2\/comments?post=5798"}],"version-history":[{"count":5,"href":"https:\/\/uncjr.ro\/web\/wp-json\/wp\/v2\/posts\/5798\/revisions"}],"predecessor-version":[{"id":6012,"href":"https:\/\/uncjr.ro\/web\/wp-json\/wp\/v2\/posts\/5798\/revisions\/6012"}],"wp:featuredmedia":[{"embeddable":true,"href":"https:\/\/uncjr.ro\/web\/wp-json\/wp\/v2\/media\/5982"}],"wp:attachment":[{"href":"https:\/\/uncjr.ro\/web\/wp-json\/wp\/v2\/media?parent=5798"}],"wp:term":[{"taxonomy":"category","embeddable":true,"href":"https:\/\/uncjr.ro\/web\/wp-json\/wp\/v2\/categories?post=5798"},{"taxonomy":"post_tag","embeddable":true,"href":"https:\/\/uncjr.ro\/web\/wp-json\/wp\/v2\/tags?post=5798"}],"curies":[{"name":"wp","href":"https:\/\/api.w.org\/{rel}","templated":true}]}}