{"id":5789,"date":"2024-07-15T08:55:29","date_gmt":"2024-07-15T06:55:29","guid":{"rendered":"https:\/\/uncjr.ro\/web\/?p=5789"},"modified":"2025-01-27T15:38:10","modified_gmt":"2025-01-27T13:38:10","slug":"consultare-publica-europeana-europa-digitala","status":"publish","type":"post","link":"https:\/\/uncjr.ro\/web\/consultare-publica-europeana-europa-digitala\/","title":{"rendered":"Consultare public\u0103 european\u0103 \u201eEuropa digital\u0103&#8221;"},"content":{"rendered":"\n<p class=\"text-content-justify\">Comisia european\u0103 a deschis p\u00e2n\u0103 la\u00a020 septembrie a.c.\u00a0o consultare public\u0103 pentru evaluarea la jum\u0103tatea perioadei a programului \u201eEuropa digital\u0103\u201d 2021-2027. Programul are \u015fi o component\u0103 care se adreseaz\u0103 administra\u0163iilor publice locale, jude\u0163ene, regionale \u015fi na\u0163ionale.<\/p>\n\n\n\n<p class=\"text-content-justify\">Programul \u201eEuropa digital\u0103\u201d, instituit \u00een 2021 prin&nbsp;<a href=\"https:\/\/eur-lex.europa.eu\/legal-content\/RO\/TXT\/?uri=CELEX:32021R0694\" target=\"_blank\" rel=\"noreferrer noopener\">Regulamentul (UE) 2021\/694<\/a>&nbsp;privind Europa digital\u0103, este un nou program de finan\u021bare al UE axat pe introducerea tehnologiei digitale \u00een r\u00e2ndul \u00eentreprinderilor, al cet\u0103\u021benilor \u0219i al administra\u021biilor publice. Programul ofer\u0103 finan\u021bare strategic\u0103 pentru abordarea provoc\u0103rilor din domeniul tehnologiei \u0219i al infrastructurii digitale, sprijinind proiecte \u00een cele \u0219ase domenii-cheie, dup\u0103 cum urmeaz\u0103: calcul de \u00eenalt\u0103 performan\u021b\u0103, inteligen\u021ba artificial\u0103, securitatea cibernetic\u0103 \u0219i \u00eencrederea, competen\u021be digitale avansate, adoptarea \u0219i utilizarea optim\u0103 a tehnologiilor digitale esen\u021biale, semiconductorii.<\/p>\n\n\n\n<p class=\"text-content-justify\">Evaluarea va oferi p\u0103r\u021bilor interesate \u0219i factorilor de decizie informa\u021bii privind progresele \u00eenregistrate, va orienta elaborarea viitoarelor programe de lucru \u0219i ajustarea priorit\u0103\u021bilor de finan\u021bare, dac\u0103 acest lucru este necesar, cu scopul de a maximiza impactul investi\u021biilor UE.<\/p>\n\n\n\n<p class=\"text-content-justify\"><strong>Consultarea se adreseaz\u0103:<\/strong><\/p>\n\n\n\n<ul class=\"wp-block-list\">\n<li class=\"text-content-justify\">\u00eentreprinderilor din toate sectoarele (inclusiv IMM-urilor);<\/li>\n\n\n\n<li>asocia\u021biilor \u015fi\u00a0organiza\u021biilor neguvernamentale;<\/li>\n\n\n\n<li>mediului academic \u0219i institu\u0163iilor de \u00eenv\u0103\u021b\u0103m\u00e2nt;<\/li>\n\n\n\n<li class=\"text-content-justify\">partenerilor sociali (de exemplu, sindicate, organiza\u021bii patronale \u0219i camere de comer\u021b);<\/li>\n\n\n\n<li>autorit\u0103\u021bilor publice de la nivel na\u021bional, regional \u0219i local;<\/li>\n\n\n\n<li class=\"text-content-justify\">cet\u0103\u021benilor (de exemplu, elevi \u0219i studen\u021bi interesa\u021bi de o carier\u0103 \u00een domeniul TIC sau angaja\u021bilor \u00een domeniul digital).<\/li>\n<\/ul>\n\n\n\n<p class=\"text-content-justify\">Participarea la aceast\u0103 consultare poate fi efectuat\u0103 prin completarea unui chestionar disponibil \u00een englez\u0103, dar la care se poate r\u0103spunde \u015fi \u00een limba rom\u0103n\u0103:&nbsp;<a href=\"https:\/\/ec.europa.eu\/info\/law\/better-regulation\/have-your-say\/initiatives\/13880-Programul-Europa-digitala-evaluare-intermediara_ro\" target=\"_blank\" rel=\"noreferrer noopener\">https:\/\/ec.europa.eu\/info\/law\/better-regulation\/have-your-say\/initiatives\/13880-Programul-Europa-digitala-evaluare-intermediara_ro<\/a>&nbsp;.<\/p>\n\n\n\n<p class=\"text-content-justify\">Contact&nbsp;direct pentru detalii privind aceast\u0103 consultare:&nbsp;<a href=\"mailto:cnect-digital-europe-committee@ec.europa.eu\" target=\"_blank\" rel=\"noreferrer noopener\">cnect-digital-europe-committee@ec.europa.eu<\/a><\/p>\n","protected":false},"excerpt":{"rendered":"<p>Comisia european\u0103 a deschis p\u00e2n\u0103 la\u00a020 septembrie a.c.\u00a0o consultare public\u0103 pentru evaluarea la jum\u0103tatea perioadei a programului \u201eEuropa digital\u0103\u201d 2021-2027. Programul are \u015fi o component\u0103 care se adreseaz\u0103 administra\u0163iilor publice locale, jude\u0163ene, regionale \u015fi na\u0163ionale. Programul \u201eEuropa digital\u0103\u201d, instituit \u00een 2021 prin&nbsp;Regulamentul (UE) 2021\/694&nbsp;privind Europa digital\u0103, este un nou program de finan\u021bare al UE axat [&hellip;]<\/p>\n","protected":false},"author":2,"featured_media":5790,"comment_status":"closed","ping_status":"closed","sticky":false,"template":"","format":"standard","meta":{"_et_pb_use_builder":"","_et_pb_old_content":"","_et_gb_content_width":"","footnotes":""},"categories":[4,5,19],"tags":[],"class_list":["post-5789","post","type-post","status-publish","format-standard","has-post-thumbnail","hentry","category-agenda","category-noutati","category-oportunitati-finantare-internationala"],"_links":{"self":[{"href":"https:\/\/uncjr.ro\/web\/wp-json\/wp\/v2\/posts\/5789","targetHints":{"allow":["GET"]}}],"collection":[{"href":"https:\/\/uncjr.ro\/web\/wp-json\/wp\/v2\/posts"}],"about":[{"href":"https:\/\/uncjr.ro\/web\/wp-json\/wp\/v2\/types\/post"}],"author":[{"embeddable":true,"href":"https:\/\/uncjr.ro\/web\/wp-json\/wp\/v2\/users\/2"}],"replies":[{"embeddable":true,"href":"https:\/\/uncjr.ro\/web\/wp-json\/wp\/v2\/comments?post=5789"}],"version-history":[{"count":1,"href":"https:\/\/uncjr.ro\/web\/wp-json\/wp\/v2\/posts\/5789\/revisions"}],"predecessor-version":[{"id":5791,"href":"https:\/\/uncjr.ro\/web\/wp-json\/wp\/v2\/posts\/5789\/revisions\/5791"}],"wp:featuredmedia":[{"embeddable":true,"href":"https:\/\/uncjr.ro\/web\/wp-json\/wp\/v2\/media\/5790"}],"wp:attachment":[{"href":"https:\/\/uncjr.ro\/web\/wp-json\/wp\/v2\/media?parent=5789"}],"wp:term":[{"taxonomy":"category","embeddable":true,"href":"https:\/\/uncjr.ro\/web\/wp-json\/wp\/v2\/categories?post=5789"},{"taxonomy":"post_tag","embeddable":true,"href":"https:\/\/uncjr.ro\/web\/wp-json\/wp\/v2\/tags?post=5789"}],"curies":[{"name":"wp","href":"https:\/\/api.w.org\/{rel}","templated":true}]}}