{"id":5549,"date":"2024-04-25T13:02:37","date_gmt":"2024-04-25T11:02:37","guid":{"rendered":"https:\/\/uncjr.ro\/web\/?p=5549"},"modified":"2024-09-20T09:35:08","modified_gmt":"2024-09-20T07:35:08","slug":"9-mai-2024-worshop-online-alaturi-de-asociatia-nationala-a-autoritatilor-locale-din-ungaria","status":"publish","type":"post","link":"https:\/\/uncjr.ro\/web\/9-mai-2024-worshop-online-alaturi-de-asociatia-nationala-a-autoritatilor-locale-din-ungaria\/","title":{"rendered":"<h1>9 mai 2024<\/h1> Workshop online al\u0103turi de Asocia\u021bia Na\u021bional\u0103 a Autorit\u0103\u021bilor Locale din Ungaria"},"content":{"rendered":"\n<p class=\"text-content-justify\">Uniunea Na\u021bional\u0103 a Consiliilor Jude\u021bene din Rom\u00e2nia (UNCJR) a marcat ziua Europei printr-un eveniment la sediul asocia\u021biei din Bucure\u0219ti, parte a proiectului interna\u021bional <a href=\"https:\/\/www.regiocoop.eu\/elc\" data-type=\"link\" data-id=\"https:\/\/www.regiocoop.eu\/elc\" target=\"_blank\" rel=\"noreferrer noopener\">\u201eEuropean Local Citizens\u201d<\/a> finan\u021bat prin CERV.<\/p>\n\n\n\n<p class=\"text-content-justify\">Evenimentul a cuprins un panel de discu\u021bii despre drepturile \u0219i \u00eendatoririle cet\u0103\u021benilor europeni, formarea UE \u0219i impactul asupra autorit\u0103\u021bilor publice locale, incluz\u00e2nd discu\u021bii online cu Asocia\u021bia Na\u021bional\u0103 a Autorit\u0103\u021bilor Locale din Ungaria (T\u00d6OSZ), partenerii no\u0219tri din proiect.<\/p>\n\n\n\n<p class=\"text-content-justify\">\u00cent\u00e2lnirea a fost deschis\u0103 de directorul general al UNCJR, Sorin Munteanu care a prezentant invita\u021biilor, reprezentan\u021bi ai ministerelor, ai institu\u021biilor centrale \u0219i cadre universitare c\u00e2teva detalii despre importan\u021ba celebr\u0103rii zilei Europei \u0219i a Tratatului de la Maastricht, tema central\u0103 a proiectului \u201eEuropean Local Citizens, unde suntem parteneri cu Municipiul Kallithea din Grecia, organiza\u021bia EducPro din Portugalia, Asocia\u021bia Na\u021bional\u0103 a Autorit\u0103\u021bilor Locale din Ungaria, Mancomunitat Ribera Baixa din Spania \u0219i Funda\u021bia Panicos Hdjihambis din Cipru.<\/p>\n\n\n\n<p class=\"text-content-justify\">Evenimentul s-a \u00eencheiat cu un panel de discu\u021bii online cu partenerii Asocia\u021biei Na\u021bionale a Autorit\u0103\u021bilor Locale din Ungaria, \u00een care s-a discutat despre drepturile cet\u0103\u021benilor europeni, subliniind importan\u021ba respectului \u0219i a responsabilit\u0103\u021bilor asociate cet\u0103\u021beniei europene. Discu\u021bia a eviden\u021biat nevoia de colaborare \u0219i solidaritate \u00eentre statele membre pentru a dep\u0103\u0219i provoc\u0103rile \u0219i pentru a consolida Europa \u00eentr-o manier\u0103 mai puternic\u0103 \u0219i mai unit\u0103.<\/p>\n\n\n\n<div class=\"wp-block-group alignwide is-layout-constrained wp-block-group-is-layout-constrained\">\n<figure class=\"wp-block-video alignwide\"><video height=\"1920\" style=\"aspect-ratio: 1080 \/ 1920;\" width=\"1080\" autoplay controls poster=\"https:\/\/uncjr.ro\/web\/wp-content\/uploads\/2024\/04\/07-scaled.jpeg\" preload=\"auto\" src=\"https:\/\/uncjr.ro\/web\/wp-content\/uploads\/2024\/05\/UNCJR-9-MAY-2024.mp4\"><\/video><\/figure>\n<\/div>\n\n\n\n<figure class=\"wp-block-image size-full\"><img loading=\"lazy\" decoding=\"async\" width=\"720\" height=\"480\" src=\"https:\/\/uncjr.ro\/web\/wp-content\/uploads\/2024\/04\/ELC-EU-1.jpg\" alt=\"\" class=\"wp-image-5979\" srcset=\"https:\/\/uncjr.ro\/web\/wp-content\/uploads\/2024\/04\/ELC-EU-1.jpg 720w, https:\/\/uncjr.ro\/web\/wp-content\/uploads\/2024\/04\/ELC-EU-1-480x320.jpg 480w\" sizes=\"(min-width: 0px) and (max-width: 480px) 480px, (min-width: 481px) 720px, 100vw\" \/><\/figure>\n\n\n\n<p><\/p>\n","protected":false},"excerpt":{"rendered":"<p>Uniunea Na\u021bional\u0103 a Consiliilor Jude\u021bene din Rom\u00e2nia (UNCJR) a marcat ziua Europei printr-un eveniment la sediul asocia\u021biei din Bucure\u0219ti, parte a proiectului interna\u021bional \u201eEuropean Local Citizens\u201d finan\u021bat prin CERV. Evenimentul a cuprins un panel de discu\u021bii despre drepturile \u0219i \u00eendatoririle cet\u0103\u021benilor europeni, formarea UE \u0219i impactul asupra autorit\u0103\u021bilor publice locale, incluz\u00e2nd discu\u021bii online cu Asocia\u021bia [&hellip;]<\/p>\n","protected":false},"author":2,"featured_media":5984,"comment_status":"closed","ping_status":"closed","sticky":false,"template":"","format":"standard","meta":{"_et_pb_use_builder":"","_et_pb_old_content":"","_et_gb_content_width":"","footnotes":""},"categories":[28,30],"tags":[],"class_list":["post-5549","post","type-post","status-publish","format-standard","has-post-thumbnail","hentry","category-evenimente-incheiate","category-proiect-elc"],"_links":{"self":[{"href":"https:\/\/uncjr.ro\/web\/wp-json\/wp\/v2\/posts\/5549","targetHints":{"allow":["GET"]}}],"collection":[{"href":"https:\/\/uncjr.ro\/web\/wp-json\/wp\/v2\/posts"}],"about":[{"href":"https:\/\/uncjr.ro\/web\/wp-json\/wp\/v2\/types\/post"}],"author":[{"embeddable":true,"href":"https:\/\/uncjr.ro\/web\/wp-json\/wp\/v2\/users\/2"}],"replies":[{"embeddable":true,"href":"https:\/\/uncjr.ro\/web\/wp-json\/wp\/v2\/comments?post=5549"}],"version-history":[{"count":7,"href":"https:\/\/uncjr.ro\/web\/wp-json\/wp\/v2\/posts\/5549\/revisions"}],"predecessor-version":[{"id":5985,"href":"https:\/\/uncjr.ro\/web\/wp-json\/wp\/v2\/posts\/5549\/revisions\/5985"}],"wp:featuredmedia":[{"embeddable":true,"href":"https:\/\/uncjr.ro\/web\/wp-json\/wp\/v2\/media\/5984"}],"wp:attachment":[{"href":"https:\/\/uncjr.ro\/web\/wp-json\/wp\/v2\/media?parent=5549"}],"wp:term":[{"taxonomy":"category","embeddable":true,"href":"https:\/\/uncjr.ro\/web\/wp-json\/wp\/v2\/categories?post=5549"},{"taxonomy":"post_tag","embeddable":true,"href":"https:\/\/uncjr.ro\/web\/wp-json\/wp\/v2\/tags?post=5549"}],"curies":[{"name":"wp","href":"https:\/\/api.w.org\/{rel}","templated":true}]}}