{"id":5526,"date":"2024-04-16T13:49:01","date_gmt":"2024-04-16T11:49:01","guid":{"rendered":"https:\/\/uncjr.ro\/web\/?p=5526"},"modified":"2025-01-27T15:42:39","modified_gmt":"2025-01-27T13:42:39","slug":"programul-de-burse-cerc-pentru-societatea-civila-si-administratia-publica","status":"publish","type":"post","link":"https:\/\/uncjr.ro\/web\/programul-de-burse-cerc-pentru-societatea-civila-si-administratia-publica\/","title":{"rendered":"Programul de burse CERC pentru societatea civil\u0103 \u0219i administra\u021bia public\u0103"},"content":{"rendered":"\n<p class=\"text-content-justify\">Programul de burse CERC pentru societatea civil\u0103 \u0219i administra\u021bia public\u0103 invit\u0103\u00a0<strong>practicieni din organiza\u021biile societ\u0103\u021bii civile sau organisme guvernamentale<\/strong>\u00a0care au experien\u021b\u0103 interna\u021bional\u0103 \u00een domeniul migra\u021biei sau integr\u0103rii \u0219i incluziunii imigran\u021bilor s\u0103 aplice pentru a participa la un\u00a0<strong>reziden\u021biat de o lun\u0103<\/strong>\u00a0la Toronto Metropolitan University.\u00a0\u00a0<\/p>\n\n\n\n<p class=\"text-content-justify\">Programul de burse CERC pentru societatea civil\u0103 \u0219i administra\u021bia public\u0103 promoveaz\u0103 colaborarea interna\u021bional\u0103 \u0219i schimbul de \u00eenv\u0103\u021bare \u00eentre practicieni \u0219i cercet\u0103tori. Ofer\u0103 o oportunitate unic\u0103 de dezvoltare profesional\u0103 pentru practicieni de a \u00eemp\u0103rt\u0103\u0219i \u0219i de a construi pe baza experien\u021bei lor de teren, de a se conecta la o echip\u0103 de exper\u021bi format\u0103 din cercet\u0103tori canadieni \u0219i interna\u021bionali \u0219i de p\u0103r\u021bile interesate local \u0219i de a primi instruire \u00een domeniul cercet\u0103rii sau de a efectua propriile cercet\u0103ri de teren.<\/p>\n\n\n\n<p class=\"text-content-justify\">Programul include:<\/p>\n\n\n\n<ul class=\"wp-block-list\">\n<li>O burs\u0103, inclusiv o indemniza\u021bie de c\u0103l\u0103torie, pentru a contribui la cheltuielile legate de \u0219ederea lor.<\/li>\n\n\n\n<li>O gazd\u0103 academic\u0103 din echipa de cercetare a CERC Migration.<\/li>\n\n\n\n<li>Acces la un spa\u021biu de birou \u0219i resurse disponibile \u00een facilitatea de migra\u021bie CERC.<\/li>\n\n\n\n<li>Dezvoltarea profesional\u0103 \u0219i crearea de re\u021bele prin participarea la evenimentele \u0219i atelierele de cercetare ale CERC Migration.<\/li>\n<\/ul>\n\n\n\n<p class=\"text-content-justify\"><strong>Apelul de propuneri pentru anul universitar 2024\/25 este acum deschis<\/strong><\/p>\n\n\n\n<p><strong>Termen limit\u0103 de aplicare: 1 mai 2024<\/strong> <\/p>\n\n\n\n<p class=\"text-content-justify\"><strong>Instruc\u021biuni de aplicare<\/strong><\/p>\n\n\n\n<p class=\"text-content-justify\">Solicitan\u021bii trebuie s\u0103 trimit\u0103 online un scurt CV (maximum patru pagini) \u0219i o scrisoare de inten\u021bie (maximum dou\u0103 pagini) care s\u0103 descrie urm\u0103toarele:<strong>&nbsp;<\/strong><\/p>\n\n\n\n<ul class=\"wp-block-list\">\n<li class=\"text-content-justify\">Motiva\u021bia \u0219ederii dvs. \u0219i modul \u00een care va beneficia munca \u0219i organiza\u021bia dvs. actual\u0103. Cum se \u00eencadreaz\u0103 munca dvs. \u00een oricare dintre\u00a0\u00a0<a href=\"https:\/\/www.torontomu.ca\/content\/ryerson\/cerc-migration\/research\/themes\/\">temele de cercetare<\/a>\u00a0ale CERC sau\u00a0\u00a0<a href=\"https:\/\/www.torontomu.ca\/content\/ryerson\/cerc-migration\/research\/project-summaries\/\">proiectele existente<\/a>.<\/li>\n\n\n\n<li class=\"text-content-justify\">Activit\u0103\u021bi propuse pentru a fi desf\u0103\u0219urate \u00een timpul \u0219ederii dumneavoastr\u0103 (de exemplu, s\u0103 face\u021bi o prezentare, s\u0103 interac\u021biona\u021bi cu organiza\u021bii locale, s\u0103 desf\u0103\u0219ura\u021bi cercet\u0103ri pe teren, s\u0103 dezvolta\u021bi o nou\u0103 propunere de proiect, s\u0103 participa\u021bi la o conferin\u021b\u0103 etc.).<\/li>\n\n\n\n<li>Cum vizita va oferi oportunit\u0103\u021bi de creare de re\u021bele<\/li>\n\n\n\n<li class=\"text-content-justify\">Cine este membrul\u00a0<a href=\"https:\/\/www.torontomu.ca\/content\/ryerson\/cerc-migration\/People\/researchers\/\" target=\"_blank\" rel=\"noreferrer noopener\">echipei de cercetare CERC\u00a0<\/a>cu care a\u021bi dori s\u0103 lucra\u021bi ca gazd\u0103 academic\u0103 propus\u0103. Selecta\u021bi p\u00e2n\u0103 la dou\u0103 gazde poten\u021biale (o prima \u0219i a doua alegere).\u00a0<em>Not\u0103: Gazda academic\u0103 nu poate fi Anna Triandafyllidou, iar o gazd\u0103 va fi desemnat\u0103 \u00een func\u021bie de disponibilitatea acestora \u0219i la discre\u021bia CERC Migration.<\/em><\/li>\n\n\n\n<li class=\"text-content-justify\">Datele propuse pentru vizita  ar trebui s\u0103 aib\u0103 loc \u00eentre 20 \u0219i 35 de zile \u00eentre 1 octombrie 2024 \u0219i 30 iunie 2025.<\/li>\n<\/ul>\n\n\n\n<p><strong>Cei care doresc s\u0103 se \u00eenscrie o pot face <a href=\"https:\/\/docs.google.com\/forms\/d\/e\/1FAIpQLSdXEhG3QB2Pqjt2D2gguldyVFBvZL_hMoeYS8RDiTpdSg7tGw\/viewform\" data-type=\"link\" data-id=\"https:\/\/docs.google.com\/forms\/d\/e\/1FAIpQLSdXEhG3QB2Pqjt2D2gguldyVFBvZL_hMoeYS8RDiTpdSg7tGw\/viewform\">aici.<\/a><\/strong><\/p>\n","protected":false},"excerpt":{"rendered":"<p>Programul de burse CERC pentru societatea civil\u0103 \u0219i administra\u021bia public\u0103 invit\u0103\u00a0practicieni din organiza\u021biile societ\u0103\u021bii civile sau organisme guvernamentale\u00a0care au experien\u021b\u0103 interna\u021bional\u0103 \u00een domeniul migra\u021biei sau integr\u0103rii \u0219i incluziunii imigran\u021bilor s\u0103 aplice pentru a participa la un\u00a0reziden\u021biat de o lun\u0103\u00a0la Toronto Metropolitan University.\u00a0\u00a0 Programul de burse CERC pentru societatea civil\u0103 \u0219i administra\u021bia public\u0103 promoveaz\u0103 colaborarea interna\u021bional\u0103 [&hellip;]<\/p>\n","protected":false},"author":2,"featured_media":5527,"comment_status":"closed","ping_status":"closed","sticky":false,"template":"","format":"standard","meta":{"_et_pb_use_builder":"","_et_pb_old_content":"","_et_gb_content_width":"","footnotes":""},"categories":[4,5,19],"tags":[],"class_list":["post-5526","post","type-post","status-publish","format-standard","has-post-thumbnail","hentry","category-agenda","category-noutati","category-oportunitati-finantare-internationala"],"_links":{"self":[{"href":"https:\/\/uncjr.ro\/web\/wp-json\/wp\/v2\/posts\/5526","targetHints":{"allow":["GET"]}}],"collection":[{"href":"https:\/\/uncjr.ro\/web\/wp-json\/wp\/v2\/posts"}],"about":[{"href":"https:\/\/uncjr.ro\/web\/wp-json\/wp\/v2\/types\/post"}],"author":[{"embeddable":true,"href":"https:\/\/uncjr.ro\/web\/wp-json\/wp\/v2\/users\/2"}],"replies":[{"embeddable":true,"href":"https:\/\/uncjr.ro\/web\/wp-json\/wp\/v2\/comments?post=5526"}],"version-history":[{"count":1,"href":"https:\/\/uncjr.ro\/web\/wp-json\/wp\/v2\/posts\/5526\/revisions"}],"predecessor-version":[{"id":5528,"href":"https:\/\/uncjr.ro\/web\/wp-json\/wp\/v2\/posts\/5526\/revisions\/5528"}],"wp:featuredmedia":[{"embeddable":true,"href":"https:\/\/uncjr.ro\/web\/wp-json\/wp\/v2\/media\/5527"}],"wp:attachment":[{"href":"https:\/\/uncjr.ro\/web\/wp-json\/wp\/v2\/media?parent=5526"}],"wp:term":[{"taxonomy":"category","embeddable":true,"href":"https:\/\/uncjr.ro\/web\/wp-json\/wp\/v2\/categories?post=5526"},{"taxonomy":"post_tag","embeddable":true,"href":"https:\/\/uncjr.ro\/web\/wp-json\/wp\/v2\/tags?post=5526"}],"curies":[{"name":"wp","href":"https:\/\/api.w.org\/{rel}","templated":true}]}}