{"id":5111,"date":"2023-10-23T09:01:46","date_gmt":"2023-10-23T07:01:46","guid":{"rendered":"https:\/\/uncjr.ro\/web\/?p=5111"},"modified":"2025-01-27T15:51:30","modified_gmt":"2025-01-27T13:51:30","slug":"consultare-publica-europeana-fse-2014-2020","status":"publish","type":"post","link":"https:\/\/uncjr.ro\/web\/consultare-publica-europeana-fse-2014-2020\/","title":{"rendered":"Consultare public\u0103 european\u0103 FSE 2014-2020"},"content":{"rendered":"\n<p class=\"text-content-justify\"><strong>Comisia European\u0103 a deschis consultarea public\u0103 \u00ab<\/strong><strong><em>Fondul social european \u0219i Ini\u021biativa privind ocuparea for\u021bei de munc\u0103 \u00een r\u00e2ndul tinerilor 2014-2020 (evaluare)<\/em><\/strong><strong>\u00bb.<\/strong><\/p>\n\n\n\n<p class=\"text-content-justify\"><strong>Perioada consult\u0103rii<\/strong>: 17 octombrie 2023 &#8211; 09 ianuarie 2024 \u00a0(miezul nop\u021bii, ora Belgiei)<\/p>\n\n\n\n<p><strong>Consultarea vizeaz\u0103:<\/strong><\/p>\n\n\n\n<ul class=\"wp-block-list\">\n<li>evaluarea rezultatelor sprijinului FSE \u0219i al Ini\u0163iativei \u00een perioada 2014-2020;<\/li>\n\n\n\n<li class=\"text-content-justify\">evaluarea eficacit\u0103\u021bii, eficien\u021bei, relevan\u021bei \u0219i valoarii ad\u0103ugate a UE a ac\u021biunilor FSE, precum \u0219i analizarea complementarit\u0103\u021bii \u0219i coeren\u021bei acestora cu alte fonduri;<\/li>\n\n\n\n<li class=\"text-content-justify\">furnizarea de lec\u021bii \u00eenv\u0103\u021bate, care pot fi relevante pentru implementarea FSE+ \u00een perioada de programare 2021-2027;<\/li>\n\n\n\n<li>contribu\u021bia la proiectarea programelor viitoare dup\u0103 2027.<\/li>\n<\/ul>\n\n\n\n<p class=\"text-content-justify\">Rezultatele acestei consult\u0103ri vor contribui la realizarea studiului care va sta la baza evalu\u0103rii ex-post a FSE\/IET 2014-2020.&nbsp;Studiul va fi finalizat p\u00e2n\u0103 \u00een decembrie 2024 \u0219i va fi publicat pe website-ul Direc\u0163iei Generale Ocuparea for\u021bei de munc\u0103, afaceri sociale \u0219i incluziune.<\/p>\n\n\n\n<p class=\"text-content-justify\">Cine poate participa: Toate organiza\u021biile, autorit\u0103\u021bile publice \u0219i publicul larg interesat de subiect, spre exemplu, beneficiari ai celor dou\u0103 fonduri, autorit\u0103\u021bile publice de la nivel na\u021bional, regional \u0219i local, mediul academic \u015fi de cercetare, societatea civil\u0103, etc.<\/p>\n\n\n\n<p class=\"text-content-justify\">Formularul chestionarului poate fi completat la <a href=\"https:\/\/ec.europa.eu\/info\/law\/better-regulation\/have-your-say\/initiatives\/13450-Fondul-social-european-si-Initiativa-privind-ocuparea-fortei-de-munca-in-randul-tinerilor-2014-2020-evaluare-_ro\">aceast\u0103 adres\u0103<\/a>. <\/p>\n\n\n\n<p>Contact al Comisiei Europene pentru informa\u0163ii suplimentare:&nbsp;<a href=\"mailto:Marina.NAVARRO-MONTILLA@ec.europa.eu;%20Amparo.ROCA-ZAMORA@ec.europa.eu\" target=\"_blank\" rel=\"noreferrer noopener\">Marina.NAVARRO-MONTILLA@ec.europa.eu; Amparo.ROCA-ZAMORA@ec.europa.eu<\/a><\/p>\n","protected":false},"excerpt":{"rendered":"<p>Comisia European\u0103 a deschis consultarea public\u0103 \u00abFondul social european \u0219i Ini\u021biativa privind ocuparea for\u021bei de munc\u0103 \u00een r\u00e2ndul tinerilor 2014-2020 (evaluare)\u00bb. Perioada consult\u0103rii: 17 octombrie 2023 &#8211; 09 ianuarie 2024 \u00a0(miezul nop\u021bii, ora Belgiei) Consultarea vizeaz\u0103: Rezultatele acestei consult\u0103ri vor contribui la realizarea studiului care va sta la baza evalu\u0103rii ex-post a FSE\/IET 2014-2020.&nbsp;Studiul va [&hellip;]<\/p>\n","protected":false},"author":2,"featured_media":5112,"comment_status":"closed","ping_status":"closed","sticky":false,"template":"","format":"standard","meta":{"_et_pb_use_builder":"","_et_pb_old_content":"","_et_gb_content_width":"","footnotes":""},"categories":[4,24,5],"tags":[],"class_list":["post-5111","post","type-post","status-publish","format-standard","has-post-thumbnail","hentry","category-agenda","category-anunturi","category-noutati"],"_links":{"self":[{"href":"https:\/\/uncjr.ro\/web\/wp-json\/wp\/v2\/posts\/5111","targetHints":{"allow":["GET"]}}],"collection":[{"href":"https:\/\/uncjr.ro\/web\/wp-json\/wp\/v2\/posts"}],"about":[{"href":"https:\/\/uncjr.ro\/web\/wp-json\/wp\/v2\/types\/post"}],"author":[{"embeddable":true,"href":"https:\/\/uncjr.ro\/web\/wp-json\/wp\/v2\/users\/2"}],"replies":[{"embeddable":true,"href":"https:\/\/uncjr.ro\/web\/wp-json\/wp\/v2\/comments?post=5111"}],"version-history":[{"count":1,"href":"https:\/\/uncjr.ro\/web\/wp-json\/wp\/v2\/posts\/5111\/revisions"}],"predecessor-version":[{"id":5113,"href":"https:\/\/uncjr.ro\/web\/wp-json\/wp\/v2\/posts\/5111\/revisions\/5113"}],"wp:featuredmedia":[{"embeddable":true,"href":"https:\/\/uncjr.ro\/web\/wp-json\/wp\/v2\/media\/5112"}],"wp:attachment":[{"href":"https:\/\/uncjr.ro\/web\/wp-json\/wp\/v2\/media?parent=5111"}],"wp:term":[{"taxonomy":"category","embeddable":true,"href":"https:\/\/uncjr.ro\/web\/wp-json\/wp\/v2\/categories?post=5111"},{"taxonomy":"post_tag","embeddable":true,"href":"https:\/\/uncjr.ro\/web\/wp-json\/wp\/v2\/tags?post=5111"}],"curies":[{"name":"wp","href":"https:\/\/api.w.org\/{rel}","templated":true}]}}