{"id":5074,"date":"2023-10-05T15:56:44","date_gmt":"2023-10-05T13:56:44","guid":{"rendered":"https:\/\/uncjr.ro\/web\/?p=5074"},"modified":"2025-01-27T15:42:53","modified_gmt":"2025-01-27T13:42:53","slug":"reuniunea-comitetului-de-monitorizare-a-programului-operational-regional-2014-2020","status":"publish","type":"post","link":"https:\/\/uncjr.ro\/web\/reuniunea-comitetului-de-monitorizare-a-programului-operational-regional-2014-2020\/","title":{"rendered":"Reuniunea Comitetului de Monitorizare a Programului Opera\u021bional Regional 2014-2020"},"content":{"rendered":"\n<p class=\"text-content-justify\">Uniunea Na\u021bional\u0103 a Consiliilor Jude\u021bene din Rom\u00e2nia (UNCJR), reprezentat\u0103 de pre\u0219edintele Consiliului Jude\u021bean Mehedin\u021bi \u0219i membru titular al CM POR, Georgescu Aladin a participat la Reuniunea Comitetului de Monitorizare a Programului Opera\u021bional Regional 2014-2020 (CM POR). Evenimentul desf\u0103\u0219urat la Bucure\u0219ti, \u00een perioada 5-6 octombrie 2023 este organizat de Autoritatea de Management din cadrul Ministerului Investi\u021biilor \u0219i Proiectelor Europene (MIPE), \u00een colaborare cu Agen\u021bia pentru Dezvoltare Regional\u0103 Bucure\u0219ti-Ilfov. Reuniunea CM POR a adus al\u0103turi reprezentan\u021bi ai administra\u021biei publice centrale, secretarul de stat din cadrul MIPE,&nbsp; Lumini\u021ba Zezeanu, ai institu\u021biilor europene, \u0219eful adjunct al Unit\u0103\u021bii Rom\u00e2niei, DG Regio, Comisia European\u0103, Krzysztof Kasprzyk, membrii CM POR, dar \u0219i observatorii comitetului.<\/p>\n\n\n\n<p class=\"text-content-justify\">Agenda reuniunii a inclus stadiul de implementare a POR 2014-2020, gradul de absorb\u021bie, precum \u0219i m\u0103surile preg\u0103tite pentru \u00eenchiderea Programului. Membrii CM POR au analizat \u0219i discutat cele mai eficiente metode pentru a accelera absorb\u021bia fondurilor europene \u0219i pentru a asigura utilizarea practic\u0103 a acestora \u00een dezvoltarea regional\u0103 a \u021b\u0103rii noastre.<\/p>\n\n\n\n<p class=\"text-content-justify\">De asemenea, s-a discutat despre ac\u021biunile de informare \u0219i comunicare, pentru a asigura transparen\u021ba \u0219i implicarea cet\u0103\u021benilor \u00een procesul de implementare a proiectelor finan\u021bate prin POR 2014-2020. UNCJR a subliniat importan\u021ba unei comunic\u0103ri eficiente pentru a informa corect \u0219i a implica comunit\u0103\u021bile locale \u00een aceste proiecte de dezvoltare regional\u0103.<\/p>\n\n\n\n<p class=\"text-content-justify\">Uniunea Na\u021bional\u0103 a Consiliilor Jude\u021bene din Rom\u00e2nia (UNCJR) reitereaz\u0103 angajamentul s\u0103u ferm \u00een sprijinul dezvolt\u0103rii durabile a regiunilor din Rom\u00e2nia \u0219i \u00een utilizarea eficient\u0103 a fondurilor europene pentru dezvoltarea unitar\u0103 a jude\u021belor din Rom\u00e2nia.<\/p>\n\n\n\n<p class=\"text-content-justify\">Comitetul de Monitorizare a Programului Opera\u021bional Regional 2014-2020 reprezint\u0103 o structur\u0103 na\u021bional\u0103 de colaborare, f\u0103r\u0103 personalitate juridic\u0103, cu un rol strategic \u00een procesul de implementare a POR.<\/p>\n\n\n\n<figure class=\"wp-block-gallery has-nested-images columns-default is-cropped wp-block-gallery-1 is-layout-flex wp-block-gallery-is-layout-flex\">\n<figure class=\"wp-block-image size-large\"><img loading=\"lazy\" decoding=\"async\" width=\"720\" height=\"480\" data-id=\"5076\" src=\"https:\/\/uncjr.ro\/web\/wp-content\/uploads\/2023\/10\/CMPOR-1.jpg\" alt=\"\" class=\"wp-image-5076\" srcset=\"https:\/\/uncjr.ro\/web\/wp-content\/uploads\/2023\/10\/CMPOR-1.jpg 720w, https:\/\/uncjr.ro\/web\/wp-content\/uploads\/2023\/10\/CMPOR-1-480x320.jpg 480w\" sizes=\"(min-width: 0px) and (max-width: 480px) 480px, (min-width: 481px) 720px, 100vw\" \/><\/figure>\n\n\n\n<figure class=\"wp-block-image size-large\"><img loading=\"lazy\" decoding=\"async\" width=\"1024\" height=\"628\" data-id=\"5078\" src=\"https:\/\/uncjr.ro\/web\/wp-content\/uploads\/2023\/10\/385315100_713124347514030_1975269316810249940_n-1024x628.jpg\" alt=\"\" class=\"wp-image-5078\" srcset=\"https:\/\/uncjr.ro\/web\/wp-content\/uploads\/2023\/10\/385315100_713124347514030_1975269316810249940_n-980x601.jpg 980w, https:\/\/uncjr.ro\/web\/wp-content\/uploads\/2023\/10\/385315100_713124347514030_1975269316810249940_n-480x294.jpg 480w\" sizes=\"(min-width: 0px) and (max-width: 480px) 480px, (min-width: 481px) and (max-width: 980px) 980px, (min-width: 981px) 1024px, 100vw\" \/><\/figure>\n\n\n\n<figure class=\"wp-block-image size-large\"><img loading=\"lazy\" decoding=\"async\" width=\"1024\" height=\"576\" data-id=\"5079\" src=\"https:\/\/uncjr.ro\/web\/wp-content\/uploads\/2023\/10\/940d5f35-34c3-4135-ac10-96c5009ff415-1024x576.jpg\" alt=\"\" class=\"wp-image-5079\" srcset=\"https:\/\/uncjr.ro\/web\/wp-content\/uploads\/2023\/10\/940d5f35-34c3-4135-ac10-96c5009ff415-980x551.jpg 980w, https:\/\/uncjr.ro\/web\/wp-content\/uploads\/2023\/10\/940d5f35-34c3-4135-ac10-96c5009ff415-480x270.jpg 480w\" sizes=\"(min-width: 0px) and (max-width: 480px) 480px, (min-width: 481px) and (max-width: 980px) 980px, (min-width: 981px) 1024px, 100vw\" \/><\/figure>\n\n\n\n<figure class=\"wp-block-image size-large\"><img loading=\"lazy\" decoding=\"async\" width=\"1024\" height=\"768\" data-id=\"5080\" src=\"https:\/\/uncjr.ro\/web\/wp-content\/uploads\/2023\/10\/386346934_713124427514022_4552115956859858303_n-1024x768.jpg\" alt=\"\" class=\"wp-image-5080\" srcset=\"https:\/\/uncjr.ro\/web\/wp-content\/uploads\/2023\/10\/386346934_713124427514022_4552115956859858303_n-1024x768.jpg 1024w, https:\/\/uncjr.ro\/web\/wp-content\/uploads\/2023\/10\/386346934_713124427514022_4552115956859858303_n-980x735.jpg 980w, https:\/\/uncjr.ro\/web\/wp-content\/uploads\/2023\/10\/386346934_713124427514022_4552115956859858303_n-480x360.jpg 480w\" sizes=\"(min-width: 0px) and (max-width: 480px) 480px, (min-width: 481px) and (max-width: 980px) 980px, (min-width: 981px) 1024px, 100vw\" \/><\/figure>\n\n\n\n<figure class=\"wp-block-image size-large\"><img loading=\"lazy\" decoding=\"async\" width=\"1024\" height=\"768\" data-id=\"5077\" src=\"https:\/\/uncjr.ro\/web\/wp-content\/uploads\/2023\/10\/385356013_713124380847360_6489057624488560512_n-1024x768.jpg\" alt=\"\" class=\"wp-image-5077\" srcset=\"https:\/\/uncjr.ro\/web\/wp-content\/uploads\/2023\/10\/385356013_713124380847360_6489057624488560512_n-1024x768.jpg 1024w, https:\/\/uncjr.ro\/web\/wp-content\/uploads\/2023\/10\/385356013_713124380847360_6489057624488560512_n-980x735.jpg 980w, https:\/\/uncjr.ro\/web\/wp-content\/uploads\/2023\/10\/385356013_713124380847360_6489057624488560512_n-480x360.jpg 480w\" sizes=\"(min-width: 0px) and (max-width: 480px) 480px, (min-width: 481px) and (max-width: 980px) 980px, (min-width: 981px) 1024px, 100vw\" \/><\/figure>\n<\/figure>\n","protected":false},"excerpt":{"rendered":"<p>Uniunea Na\u021bional\u0103 a Consiliilor Jude\u021bene din Rom\u00e2nia (UNCJR), reprezentat\u0103 de pre\u0219edintele Consiliului Jude\u021bean Mehedin\u021bi \u0219i membru titular al CM POR, Georgescu Aladin a participat la Reuniunea Comitetului de Monitorizare a Programului Opera\u021bional Regional 2014-2020 (CM POR). Evenimentul desf\u0103\u0219urat la Bucure\u0219ti, \u00een perioada 5-6 octombrie 2023 este organizat de Autoritatea de Management din cadrul Ministerului Investi\u021biilor [&hellip;]<\/p>\n","protected":false},"author":2,"featured_media":5075,"comment_status":"closed","ping_status":"closed","sticky":false,"template":"","format":"standard","meta":{"_et_pb_use_builder":"","_et_pb_old_content":"","_et_gb_content_width":"","footnotes":""},"categories":[4,6,5],"tags":[],"class_list":["post-5074","post","type-post","status-publish","format-standard","has-post-thumbnail","hentry","category-agenda","category-comunicat-de-presa","category-noutati"],"_links":{"self":[{"href":"https:\/\/uncjr.ro\/web\/wp-json\/wp\/v2\/posts\/5074","targetHints":{"allow":["GET"]}}],"collection":[{"href":"https:\/\/uncjr.ro\/web\/wp-json\/wp\/v2\/posts"}],"about":[{"href":"https:\/\/uncjr.ro\/web\/wp-json\/wp\/v2\/types\/post"}],"author":[{"embeddable":true,"href":"https:\/\/uncjr.ro\/web\/wp-json\/wp\/v2\/users\/2"}],"replies":[{"embeddable":true,"href":"https:\/\/uncjr.ro\/web\/wp-json\/wp\/v2\/comments?post=5074"}],"version-history":[{"count":1,"href":"https:\/\/uncjr.ro\/web\/wp-json\/wp\/v2\/posts\/5074\/revisions"}],"predecessor-version":[{"id":5081,"href":"https:\/\/uncjr.ro\/web\/wp-json\/wp\/v2\/posts\/5074\/revisions\/5081"}],"wp:featuredmedia":[{"embeddable":true,"href":"https:\/\/uncjr.ro\/web\/wp-json\/wp\/v2\/media\/5075"}],"wp:attachment":[{"href":"https:\/\/uncjr.ro\/web\/wp-json\/wp\/v2\/media?parent=5074"}],"wp:term":[{"taxonomy":"category","embeddable":true,"href":"https:\/\/uncjr.ro\/web\/wp-json\/wp\/v2\/categories?post=5074"},{"taxonomy":"post_tag","embeddable":true,"href":"https:\/\/uncjr.ro\/web\/wp-json\/wp\/v2\/tags?post=5074"}],"curies":[{"name":"wp","href":"https:\/\/api.w.org\/{rel}","templated":true}]}}