{"id":4944,"date":"2023-08-18T10:05:33","date_gmt":"2023-08-18T08:05:33","guid":{"rendered":"https:\/\/uncjr.ro\/web\/?p=4944"},"modified":"2025-01-27T15:43:07","modified_gmt":"2025-01-27T13:43:07","slug":"cerere-de-candidaturi-initiativa-urbana-europeana-parteneriate-tematice","status":"publish","type":"post","link":"https:\/\/uncjr.ro\/web\/cerere-de-candidaturi-initiativa-urbana-europeana-parteneriate-tematice\/","title":{"rendered":"Cerere de candidaturi, Ini\u021biativa Urban\u0103 European\u0103, parteneriate tematice"},"content":{"rendered":"\n<p class=\"text-content-justify\">Ora\u0219ele (de toate dimensiunile), provinciile, regiunile (\u0219i agen\u021biile de dezvoltare regional\u0103), statele membre (prin ministerele \u0219i agen\u021biile relevante la nivel na\u021bional), statele partenere, organiza\u021biile-umbrel\u0103 europene \u0219i na\u021bionale ale ora\u0219elor \u0219i alte p\u0103r\u021bi interesate care doresc s\u0103 se al\u0103ture unuia sau ambelor Parteneriate tematice privind alimenta\u0163ia \u0219i ora\u0219ele egalit\u0103\u021bii \u00ee\u0219i pot ar\u0103ta interesul prin depunerea urm\u0103toarelor candidaturi p\u00e2n\u0103 la\u00a029 septembrie 2023 la ora 19:00 (ora Rom\u00e2niei):<\/p>\n\n\n\n<ul class=\"wp-block-list\">\n<li class=\"text-content-justify\"><a href=\"https:\/\/ec.europa.eu\/eusurvey\/runner\/UAEUCallForPartnersFood\" target=\"_blank\" rel=\"noreferrer noopener\">Parteneriatul tematic pentru alimenta\u0163ie<\/a>;<\/li>\n\n\n\n<li><a href=\"https:\/\/ec.europa.eu\/eusurvey\/runner\/UAEUCallForPartnersCitiesOfEqualities\" target=\"_blank\" rel=\"noreferrer noopener\">Parteneriatul tematic ora\u015fe ale egalit\u0103\u0163ii<\/a>.<\/li>\n<\/ul>\n\n\n\n<p class=\"text-content-justify\">Aceast\u0103 cerere de candidaturi este coordonat\u0103, gestionat\u0103 \u0219i implementat\u0103 de c\u0103tre \u201e<a href=\"https:\/\/www.urban-initiative.eu\/\" target=\"_blank\" rel=\"noreferrer noopener\">Ini\u021biativa Urban\u0103 European\u0103<\/a>\u201d, care prime\u0219te finan\u021bare a UE pentru a oferi sprijin \u201eAgendei Urbane pentru UE\u201d (UAEU) \u00een numele Comisiei Europene pentru perioada 2021-2027.<\/p>\n\n\n\n<p class=\"text-content-justify\"><strong><a rel=\"noreferrer noopener\" href=\"https:\/\/www.urbanagenda.urban-initiative.eu\/partnerships\/food\" target=\"_blank\">Parteneriatul pentru alimenta\u021bie<\/a>\u00a0<\/strong>pune accentul pe o abordare sistemic\u0103 a transform\u0103rii sistemelor alimentare, centrele urbane juc\u00e2nd un rol esen\u021bial.\u00a0Aliniat cu tendin\u021bele actuale, precum \u201e<a rel=\"noreferrer noopener\" href=\"https:\/\/eur-lex.europa.eu\/legal-content\/RO\/TXT\/HTML\/?uri=CELEX:52020DC0381&amp;from=EN\" target=\"_blank\">Cadrul UE pentru Sisteme Alimentare Durabile<\/a>\u201d \u0219i \u201e<a rel=\"noreferrer noopener\" href=\"https:\/\/european-union.europa.eu\/priorities-and-actions\/actions-topic\/food-safety_ro\" target=\"_blank\">Consiliul pentru Politic\u0103 Alimentar\u0103 al UE<\/a>&#8222;, parteneriatul \u00ee\u0219i propune s\u0103 impulsioneze ac\u021biuni legislative cuprinz\u0103toare pentru a consolida rezilien\u021ba sistemului alimentar.<\/p>\n\n\n\n<p class=\"text-content-justify\">Obiectivul s\u0103u principal este de a coordona diverse ini\u021biative, valorific\u00e2nd eforturile lor colective pentru a stimula schimb\u0103rile transformatoare din cadrul sistemelor alimentare \u0219i a defini ora\u0219ele ca agen\u021bi de schimbare.&nbsp;Ghidat de principii precum viziunea holistic\u0103 a sistemului alimentar \u0219i recunoa\u0219terea dreptului la hran\u0103 ca un drept al omului, parteneriatul promoveaz\u0103 guvernarea pe mai multe niveluri \u0219i ia \u00een considerare adev\u0103ratele costuri ale produc\u021biei de alimente.&nbsp;Teme precum agroecologia, justi\u021bia alimentar\u0103 \u0219i localizarea sistemelor alimentare sunt puncte cheie, pun\u00e2nd accent pe convergen\u0163a politicilor \u0219i punerea \u00een comun a resurselor.&nbsp;Aceast\u0103 ini\u0163iativ\u0103 se aliniaz\u0103 cu agende interna\u0163ionale mai largi, cum ar fi \u201ePactul verde european\u201d \u0219i \u201eObiectivele de dezvoltare durabil\u0103 ale ONU\u201d.<\/p>\n\n\n\n<p class=\"text-content-justify\">Parteneriatul reune\u0219te p\u0103r\u021bile interesate de-a lungul lan\u021bului alimentar, facilit\u00e2nd construirea unei viziuni \u00een colaborare pentru o implementare durabil\u0103 a ac\u0163iunilor.<\/p>\n\n\n\n<p class=\"text-content-justify\"><strong><a rel=\"noreferrer noopener\" href=\"https:\/\/www.urbanagenda.urban-initiative.eu\/partnerships\/cities-of-equality\" target=\"_blank\">Parteneriatul tematic pentru ora\u0219e ale egalit\u0103\u021bii<\/a><\/strong>: politicile europene care sus\u021bin tranzi\u021biile verzi, digitale \u0219i echitabile, \u00eempreun\u0103 cu schimb\u0103rile urbane \u0219i de mediu, prezint\u0103 oportunit\u0103\u021bi substan\u021biale cu resursele disponibile.\u00a0Cu toate acestea, provocarea const\u0103 \u00een implementarea concret\u0103 a strategiilor de incluziune \u0219i egalitate, \u00een special la nivel de ora\u0219.\u00a0Acest parteneriat ar trebui s\u0103 profite de aceast\u0103 oportunitate pentru a consolida dimensiunea social\u0103, abord\u00e2nd decalajul actual \u0219i consolid\u00e2nd m\u0103surile de egalitate \u00een cadrul acestor politici.<\/p>\n\n\n\n<p class=\"text-content-justify\">Abordarea guvernan\u021bei pe mai multe niveluri este vital\u0103 pentru tema \u201eOra\u0219e ale egalit\u0103\u021bii\u201d, asigur\u00e2nd o strategie coerent\u0103 la nivelul UE, al statelor membre, al regiunilor, al provinciilor \u0219i al ora\u0219elor.&nbsp;Aceast\u0103 abordare cuprinz\u0103toare aliniaz\u0103 viziunea, stimulentele \u0219i mecanismele pentru ob\u0163inerea de rezultate.&nbsp;Implicarea ora\u0219elor, \u00een special a celor mici \u0219i mijlocii, este crucial\u0103 pentru succesul parteneriatului.<\/p>\n\n\n\n<p class=\"text-content-justify\">V\u0103 rug\u0103m s\u0103 re\u021bine\u021bi c\u0103 participarea \u00een cadrul parteneriatului este voluntar\u0103 \u0219i c\u0103 nu se acord\u0103 finan\u021bare partenerilor.&nbsp;Prin urmare, participarea ar trebui s\u0103 se bazeze pe mijloacele \u0219i resursele disponibile \u0219i s\u0103 fie asigurat\u0103 pe toat\u0103 durata ac\u0163iunilor, inclusiv \u00een faza de implementare.&nbsp;Parteneriatul va beneficia de expertiz\u0103 \u0219i sprijin administrativ.&nbsp;\u00cen plus, autorit\u0103\u021bilor urbane eligibile li se ofer\u0103 sprijin financiar care acoper\u0103 cheltuielile de c\u0103l\u0103torie \u0219i cazare (autorit\u0103\u021bile urbane \u0219i asocia\u021biile sau grup\u0103rile de autorit\u0103\u021bi urbane trebuie s\u0103 aib\u0103 o popula\u021bie de maximum 500.000 de locuitori pentru a fi eligibile).<\/p>\n\n\n\n<p class=\"text-content-justify\">Al\u0103turarea la un parteneriat ofer\u0103 \u0219ansa de a influen\u021ba politicile, finan\u021barea \u0219i cuno\u0219tin\u021bele UE, al\u0103turi de crearea de re\u021bele cu organiza\u021bii cu opinie similar\u0103 \u0219i l\u0103rgirea re\u021belei UAEU.<\/p>\n","protected":false},"excerpt":{"rendered":"<p>Ora\u0219ele (de toate dimensiunile), provinciile, regiunile (\u0219i agen\u021biile de dezvoltare regional\u0103), statele membre (prin ministerele \u0219i agen\u021biile relevante la nivel na\u021bional), statele partenere, organiza\u021biile-umbrel\u0103 europene \u0219i na\u021bionale ale ora\u0219elor \u0219i alte p\u0103r\u021bi interesate care doresc s\u0103 se al\u0103ture unuia sau ambelor Parteneriate tematice privind alimenta\u0163ia \u0219i ora\u0219ele egalit\u0103\u021bii \u00ee\u0219i pot ar\u0103ta interesul prin depunerea urm\u0103toarelor [&hellip;]<\/p>\n","protected":false},"author":2,"featured_media":4945,"comment_status":"closed","ping_status":"closed","sticky":false,"template":"","format":"standard","meta":{"_et_pb_use_builder":"","_et_pb_old_content":"","_et_gb_content_width":"","footnotes":""},"categories":[4,5,19],"tags":[],"class_list":["post-4944","post","type-post","status-publish","format-standard","has-post-thumbnail","hentry","category-agenda","category-noutati","category-oportunitati-finantare-internationala"],"_links":{"self":[{"href":"https:\/\/uncjr.ro\/web\/wp-json\/wp\/v2\/posts\/4944","targetHints":{"allow":["GET"]}}],"collection":[{"href":"https:\/\/uncjr.ro\/web\/wp-json\/wp\/v2\/posts"}],"about":[{"href":"https:\/\/uncjr.ro\/web\/wp-json\/wp\/v2\/types\/post"}],"author":[{"embeddable":true,"href":"https:\/\/uncjr.ro\/web\/wp-json\/wp\/v2\/users\/2"}],"replies":[{"embeddable":true,"href":"https:\/\/uncjr.ro\/web\/wp-json\/wp\/v2\/comments?post=4944"}],"version-history":[{"count":1,"href":"https:\/\/uncjr.ro\/web\/wp-json\/wp\/v2\/posts\/4944\/revisions"}],"predecessor-version":[{"id":4946,"href":"https:\/\/uncjr.ro\/web\/wp-json\/wp\/v2\/posts\/4944\/revisions\/4946"}],"wp:featuredmedia":[{"embeddable":true,"href":"https:\/\/uncjr.ro\/web\/wp-json\/wp\/v2\/media\/4945"}],"wp:attachment":[{"href":"https:\/\/uncjr.ro\/web\/wp-json\/wp\/v2\/media?parent=4944"}],"wp:term":[{"taxonomy":"category","embeddable":true,"href":"https:\/\/uncjr.ro\/web\/wp-json\/wp\/v2\/categories?post=4944"},{"taxonomy":"post_tag","embeddable":true,"href":"https:\/\/uncjr.ro\/web\/wp-json\/wp\/v2\/tags?post=4944"}],"curies":[{"name":"wp","href":"https:\/\/api.w.org\/{rel}","templated":true}]}}