{"id":4845,"date":"2023-07-26T09:26:08","date_gmt":"2023-07-26T07:26:08","guid":{"rendered":"https:\/\/uncjr.ro\/web\/?p=4845"},"modified":"2025-01-27T15:43:07","modified_gmt":"2025-01-27T13:43:07","slug":"cerere-de-candidaturi-in-cadrul-initiativei-parlamentului-european-evenimentul-tineretului-european","status":"publish","type":"post","link":"https:\/\/uncjr.ro\/web\/cerere-de-candidaturi-in-cadrul-initiativei-parlamentului-european-evenimentul-tineretului-european\/","title":{"rendered":"Cerere de candidaturi \u00een cadrul ini\u021biativei Parlamentului European \u201eEvenimentul tineretului european &#8222;"},"content":{"rendered":"\n<p class=\"text-content-justify\">P<strong>arlamentul European (PE) a deschis recent cererea de propuneri de candidaturi pentru finan\u0163area a dou\u0103 evenimente locale organizate \u00een 2024 \u00een cadrul ini\u0163iativei\u00a0<\/strong><strong>\u201e<\/strong><strong>Evenimentul tineretului european (EYE)\u201d.<\/strong><strong>\u00a0<\/strong><strong>Aceast\u0103 cerere de propuneri face parte din ac\u021biunile Parlamentului European \u00een vederea preg\u0103tirii alegerilor europene din 2024, contribuind la procesul s\u0103u de implicare strategic\u0103, inclusiv la cre\u0219terea comunit\u0103\u021bii\u00a0<\/strong><a rel=\"noreferrer noopener\" href=\"https:\/\/together.europarl.europa.eu\/ro\/\" target=\"_blank\"><strong>together.eu<\/strong><\/a><strong>\u00a0\u0219i la activarea altor re\u021bele ale Parlamentului at\u00e2t la nivel local, c\u00e2t \u0219i la nivel central.<\/strong><\/p>\n\n\n\n<p class=\"text-content-justify\">EYE este un eveniment bienal care reune\u0219te la Parlamentul European (PE) de la Strasbourg \u0219i \u00een mediul online mii de tineri din toat\u0103 Uniunea European\u0103 pentru a-\u0219i \u00eemp\u0103rt\u0103\u0219i \u0219i a-\u0219i modela ideile despre viitorul Europei.&nbsp;Este o oportunitate unic\u0103 pentru tineri de a interac\u021biona, de a se inspira reciproc \u0219i de a face schimb de opinii cu exper\u021bi, activi\u0219ti, influenceri \u0219i factori de decizie.<\/p>\n\n\n\n<p class=\"text-content-justify\"><strong>Candidaturile pot fi depuse p\u00e2n\u0103 la 5 septembrie 2023.<\/strong><\/p>\n\n\n\n<p class=\"text-content-justify\"><strong>Eligibilitate<\/strong>:\u00a0Ac\u021biunile sus\u021binute \u00een cadrul acestei cereri sunt ac\u021biuni cu beneficiar unic.\u00a0Aceasta \u00eenseamn\u0103 c\u0103 exist\u0103 o singur\u0103 entitate juridic\u0103 care solicit\u0103 un grant.\u00a0Aplica\u021biile prezentate de consor\u021bii nu sunt eligibile. <\/p>\n\n\n\n<p class=\"text-content-justify\">Pentru a fi eligibili pentru un grant, solicitan\u021bii trebuie s\u0103 poat\u0103 demonstra c\u0103 sunt:<\/p>\n\n\n\n<ul class=\"wp-block-list\">\n<li>o organiza\u021bie non-profit;<\/li>\n\n\n\n<li>o persoan\u0103 juridic\u0103 privat\u0103 constituit\u0103 \u0219i \u00eenregistrat\u0103 ca persoan\u0103 juridic\u0103 de cel pu\u021bin trei ani la momentul depunerii cererii;<\/li>\n\n\n\n<li class=\"text-content-justify\">o persoan\u0103 juridic\u0103 cu sediul \u00eentr-unul dintre statele membre ale Uniunii Europene;<\/li>\n\n\n\n<li>o persoan\u0103 juridic\u0103 f\u0103r\u0103 afiliere politic\u0103.<\/li>\n<\/ul>\n\n\n\n<p class=\"text-content-justify\"><strong>Cine poate participa?<\/strong><\/p>\n\n\n\n<p class=\"text-content-justify\">Tineri europeni din \u021b\u0103rile membre UE cu v\u00e2rste \u00eentre 16 \u0219i 30 de ani.&nbsp;Ar trebui s\u0103 se acorde o aten\u021bie deosebit\u0103 comunit\u0103\u021bilor minoritare din regiunile periferice ale Europei \u0219i cet\u0103\u021benilor care \u00een mod normal nu au at\u00e2t de mult contact cu UE \u0219i sunt mai pu\u021bin probabil s\u0103 fie deja implica\u021bi \u00een ac\u021biunile UE, cum ar fi grupurile vulnerabile, spre exemplu:&nbsp;persoane din medii socio-economice defavorizate, din zone rurale \u0219i \u00eendep\u0103rtate \u0219i persoane cu dizabilit\u0103\u021bi. &nbsp;<\/p>\n\n\n\n<p class=\"text-content-justify\"><strong>Buget:<\/strong> se pot acorda maximum 110.000 EUR pentru fiecare eveniment, iar cofinan\u0163area este de 80%.<\/p>\n\n\n\n<p class=\"text-content-justify\"><strong>Tipuri de activit\u0103\u0163i:<\/strong> activit\u0103\u0163i educa\u0163ionale non-formale (dezbateri politice, ateliere de lucru interactive, form\u0103ri interculturale, activit\u0103\u0163i de re\u0163ea), concerte, spectacole de teatru, dans, acroba\u0163ie, expozi\u0163ii de art\u0103 \u015fi fotografie, evenimente de recreere creative etc.).<\/p>\n\n\n\n<p class=\"text-content-justify\"><strong>Ce rezultate sunt a\u015fteptate?<\/strong><\/p>\n\n\n\n<p class=\"text-content-justify\">\u201eEvenimentul tineretului european\u201d este o manifestare pentru tineri \u0219i cu tineri, care, \u015fi \u00een acest an, la nivel local, ar trebui s\u0103 urmeze acest principiu-cheie.&nbsp;Prin urmare, se a\u0219teapt\u0103 ca organiza\u021biile selectate pentru cofinan\u021bare \u00een cadrul acestei cereri de propuneri s\u0103 fie organiza\u021bii locale sau de tineret (\u00een calitate de solicitan\u021bi principali). Parteneriatul cu o autoritate public\u0103 pentru implementarea evenimentului va fi considerat un atu, pentru a asigura leg\u0103turi puternice cu nivelul local \u0219i o capacitate opera\u021bional\u0103 solid\u0103.<\/p>\n\n\n\n<p class=\"text-content-justify\">Mai multe detalii \u015fi depunerea candidaturii pe portalul european \u201e<a rel=\"noreferrer noopener\" href=\"https:\/\/ec.europa.eu\/info\/funding-tenders\/opportunities\/portal\/screen\/opportunities\/topic-details\/ep-comm-subv-2024-local-eye;callCode=null;freeTextSearchKeyword=;matchWholeText=true;typeCodes=1,0;statusCodes=31094501,31094502,31094503;programmePeriod=2021%20-%202027;programCcm2Id=43697167;programDivisionCode=null;focusAreaCode=null;destinationGroup=null;missionGroup=null;geographicalZonesCode=null;programmeDivisionProspect=null;startDateLte=null;startDateGte=null;crossCuttingPriorityCode=null;cpvCode=null;performanceOfDelivery=null;sortQuery=sortStatus;orderBy=asc;onlyTenders=false;topicListKey=topicSearchTablePageState\" target=\"_blank\">Funding and Tenders Opportunities<\/a>\u201d.<\/p>\n\n\n\n<p class=\"text-content-justify\"><strong>Contact:<\/strong><\/p>\n\n\n\n<p class=\"text-content-justify\">\u00centreb\u0103rile care nu sunt legate de IT trebuie trimise la urm\u0103toarele adrese de e-mail:&nbsp;<a rel=\"noreferrer noopener\" target=\"_blank\" href=\"mailto:dgcomm-subvention@europarl.europa.eu\">dgcomm-subvention@europarl.europa.eu<\/a>&nbsp;\u0219i&nbsp;<a rel=\"noreferrer noopener\" target=\"_blank\" href=\"mailto:eye@europarl.europa.eu\">eye@europarl.europa.eu<\/a>.<\/p>\n","protected":false},"excerpt":{"rendered":"<p>Parlamentul European (PE) a deschis recent cererea de propuneri de candidaturi pentru finan\u0163area a dou\u0103 evenimente locale organizate \u00een 2024 \u00een cadrul ini\u0163iativei\u00a0\u201eEvenimentul tineretului european (EYE)\u201d.\u00a0Aceast\u0103 cerere de propuneri face parte din ac\u021biunile Parlamentului European \u00een vederea preg\u0103tirii alegerilor europene din 2024, contribuind la procesul s\u0103u de implicare strategic\u0103, inclusiv la cre\u0219terea comunit\u0103\u021bii\u00a0together.eu\u00a0\u0219i la activarea [&hellip;]<\/p>\n","protected":false},"author":2,"featured_media":4846,"comment_status":"closed","ping_status":"closed","sticky":false,"template":"","format":"standard","meta":{"_et_pb_use_builder":"","_et_pb_old_content":"","_et_gb_content_width":"","footnotes":""},"categories":[4,5,19],"tags":[],"class_list":["post-4845","post","type-post","status-publish","format-standard","has-post-thumbnail","hentry","category-agenda","category-noutati","category-oportunitati-finantare-internationala"],"_links":{"self":[{"href":"https:\/\/uncjr.ro\/web\/wp-json\/wp\/v2\/posts\/4845","targetHints":{"allow":["GET"]}}],"collection":[{"href":"https:\/\/uncjr.ro\/web\/wp-json\/wp\/v2\/posts"}],"about":[{"href":"https:\/\/uncjr.ro\/web\/wp-json\/wp\/v2\/types\/post"}],"author":[{"embeddable":true,"href":"https:\/\/uncjr.ro\/web\/wp-json\/wp\/v2\/users\/2"}],"replies":[{"embeddable":true,"href":"https:\/\/uncjr.ro\/web\/wp-json\/wp\/v2\/comments?post=4845"}],"version-history":[{"count":1,"href":"https:\/\/uncjr.ro\/web\/wp-json\/wp\/v2\/posts\/4845\/revisions"}],"predecessor-version":[{"id":4847,"href":"https:\/\/uncjr.ro\/web\/wp-json\/wp\/v2\/posts\/4845\/revisions\/4847"}],"wp:featuredmedia":[{"embeddable":true,"href":"https:\/\/uncjr.ro\/web\/wp-json\/wp\/v2\/media\/4846"}],"wp:attachment":[{"href":"https:\/\/uncjr.ro\/web\/wp-json\/wp\/v2\/media?parent=4845"}],"wp:term":[{"taxonomy":"category","embeddable":true,"href":"https:\/\/uncjr.ro\/web\/wp-json\/wp\/v2\/categories?post=4845"},{"taxonomy":"post_tag","embeddable":true,"href":"https:\/\/uncjr.ro\/web\/wp-json\/wp\/v2\/tags?post=4845"}],"curies":[{"name":"wp","href":"https:\/\/api.w.org\/{rel}","templated":true}]}}