{"id":4727,"date":"2023-05-22T14:10:53","date_gmt":"2023-05-22T12:10:53","guid":{"rendered":"https:\/\/uncjr.ro\/web\/?p=4727"},"modified":"2025-01-27T15:43:24","modified_gmt":"2025-01-27T13:43:24","slug":"sesiune-de-informare-privind-finantare-europeana-prin-initiativa-fedr-investitii-interregionale-in-inovare-i3","status":"publish","type":"post","link":"https:\/\/uncjr.ro\/web\/sesiune-de-informare-privind-finantare-europeana-prin-initiativa-fedr-investitii-interregionale-in-inovare-i3\/","title":{"rendered":"Sesiune de informare privind finan\u021bare european\u0103 prin ini\u021biativa FEDR \u201eInvesti\u021bii interregionale \u00een inovare&#8221; I3"},"content":{"rendered":"\n<p class=\"text-content-justify\">Consiliul European pentru Inovare \u0219i Agen\u021bia Executiv\u0103 European\u0103 pentru IMM-uri (EISMEA) de la Bruxelles, prin mandat de gestiune acordat de c\u0103tre Comisia European\u0103, invit\u0103 toate p\u0103r\u0163ile interesate de la nivel local, jude\u0163ean \u015fi regional din statele membre la o\u00a0<strong>sesiune de informare privind cererea de propuneri de proiecte deschis\u0103 la 17 mai a.c., finan\u0163at\u0103 prin instrumentul de cooperare interregional\u0103 al FEDR &#8211; <u>\u201eInterregional Innovation Investment \u2013 I3<\/u>\u201d \u015fi prin programul \u201eOrizont Europa\u201c.<\/strong><\/p>\n\n\n\n<p class=\"text-content-justify\">Evenimentul se va desf\u0103\u015fura \u00een format webinar \u015fi va avea loc la 25 mai a.c. \u00eentre orele 10:30 \u015fi 13:30 (ora Rom\u00e2niei). \u00centregistr\u0103rile pentru participare (urgent) pot fi efectuate pe pagina oficial\u0103, <a rel=\"noreferrer noopener\" href=\"https:\/\/eismea.ec.europa.eu\/events\/online-info-session-regional-innovation-valleys-calls-proposal-25-may-2023-2023-05-25_en\" data-type=\"URL\" data-id=\"https:\/\/eismea.ec.europa.eu\/events\/online-info-session-regional-innovation-valleys-calls-proposal-25-may-2023-2023-05-25_en\" target=\"_blank\">aici<\/a>. Cei care nu au posibilitatea s\u0103 participe la aceast\u0103 sesiune de informare vor avea posibilitatea s\u0103 vizioneze \u00eenregistrarea prezent\u0103rilor pe aceea\u015fi pagina de web.<\/p>\n\n\n\n<p><strong>Context:<\/strong><\/p>\n\n\n\n<p class=\"text-content-justify\">\u00cen conformitate cu\u00a0<a rel=\"noreferrer noopener\" href=\"https:\/\/research-and-innovation.ec.europa.eu\/strategy\/support-policy-making\/shaping-eu-research-and-innovation-policy\/new-european-innovation-agenda_en\" target=\"_blank\">Noua agend\u0103 european\u0103 pentru inovare<\/a>, aceast\u0103 cerere de propuneri urm\u0103re\u0219te s\u0103 reuneasc\u0103 regiuni cu diferite niveluri de dezvoltare \u0219i regiuni din ce \u00een ce mai inovatoare, care \u00eemp\u0103rt\u0103\u0219esc ambi\u021bia de a deveni\u00a0<a rel=\"noreferrer noopener\" href=\"https:\/\/research-and-innovation.ec.europa.eu\/strategy\/support-policy-making\/shaping-eu-research-and-innovation-policy\/new-european-innovation-agenda\/new-european-innovation-agenda-roadmap\/flagship-3-accelerating-and-strengthening-innovation-european-innovation-ecosystems-across-eu-and_en\" target=\"_blank\">zone ale inova\u021biei<\/a>\u00a0\u0219i de a consolida coordonarea activit\u0103\u021bilor de cercetare \u0219i inovare pentru a face fa\u021b\u0103 priorit\u0103\u021bilor UE \u0219i celor mai arz\u0103toare provoc\u0103ri cu care se confrunt\u0103 Uniunea (\u0219i anume, reducerea dependen\u021bei de combustibilii fosili, cre\u0219terea securit\u0103\u021bii alimentare globale, st\u0103p\u00e2nirea transform\u0103rii digitale, inclusiv securitatea cibernetic\u0103, \u00eembun\u0103t\u0103\u021birea asisten\u021bei medicale \u0219i realizarea circularit\u0103\u021bii).<\/p>\n\n\n\n<p class=\"text-content-justify\"><strong>Buget disponibil:<\/strong> 122 de milioane EUR<\/p>\n\n\n\n<p class=\"text-content-justify\">Termenul-limit\u0103 pentru depunerea aplica\u0163iilor: 17 octombrie 2023.<\/p>\n\n\n\n<p class=\"text-content-justify\">I3 sprijin\u0103 o cooperare interregional\u0103 mai puternic\u0103 \u00een materie de investi\u021bii \u0219i creeaz\u0103 conexiuni sustenabile prin conectarea ecosistemelor regionale \u00een domenii de specializare inteligent\u0103 partajate, vitale pentru a accelera adoptarea de c\u0103tre pia\u021b\u0103 a rezultatelor cercet\u0103rii \u0219i pentru a stimula inovarea.<\/p>\n\n\n\n<p class=\"text-content-justify\">Cererea se va concentra pe urm\u0103toarele direc\u0163ii de ac\u0163iune:<\/p>\n\n\n\n<ul class=\"wp-block-list\">\n<li class=\"text-content-justify\">sprijin financiar \u0219i consultativ pentru&nbsp;investi\u021bii \u00een proiecte de inovare interregionale \u00een domenii de specializare inteligent\u0103 partajat\u0103 sau complementar\u0103, inclusiv \u00een regiunile mai pu\u021bin dezvoltate,<\/li>\n\n\n\n<li class=\"text-content-justify\">sprijin financiar \u0219i consultativ pentru dezvoltarea lan\u021burilor valorice \u00een regiunile mai pu\u021bin dezvoltate,<\/li>\n\n\n\n<li class=\"text-content-justify\">implementarea planurilor de ac\u021biune cofinan\u021bate pentru v\u0103ile inova\u021biei regionale conectate.<\/li>\n<\/ul>\n\n\n\n<p class=\"text-content-justify\">Aplica\u021biile \u00een cadrul prezentei cereri de propuneri trebuie s\u0103 abordeze una dintre urm\u0103toarele priorit\u0103\u021bi tematice:&nbsp;tranzi\u021bia digital\u0103, tranzi\u021bia verde, produc\u0163ia inteligent\u0103.<\/p>\n\n\n\n<p class=\"text-content-justify\">Contact pentru informa\u0163ii suplimentare:&nbsp;<strong><a href=\"mailto:EISMEA-I3-INSTRUMENT@ec.europa.eu\" target=\"_blank\" rel=\"noreferrer noopener\">EISMEA-I3-INSTRUMENT@ec.europa.eu<\/a><\/strong><\/p>\n","protected":false},"excerpt":{"rendered":"<p>Consiliul European pentru Inovare \u0219i Agen\u021bia Executiv\u0103 European\u0103 pentru IMM-uri (EISMEA) de la Bruxelles, prin mandat de gestiune acordat de c\u0103tre Comisia European\u0103, invit\u0103 toate p\u0103r\u0163ile interesate de la nivel local, jude\u0163ean \u015fi regional din statele membre la o\u00a0sesiune de informare privind cererea de propuneri de proiecte deschis\u0103 la 17 mai a.c., finan\u0163at\u0103 prin instrumentul [&hellip;]<\/p>\n","protected":false},"author":2,"featured_media":4728,"comment_status":"closed","ping_status":"closed","sticky":false,"template":"","format":"standard","meta":{"_et_pb_use_builder":"","_et_pb_old_content":"","_et_gb_content_width":"","footnotes":""},"categories":[4,5,19],"tags":[],"class_list":["post-4727","post","type-post","status-publish","format-standard","has-post-thumbnail","hentry","category-agenda","category-noutati","category-oportunitati-finantare-internationala"],"_links":{"self":[{"href":"https:\/\/uncjr.ro\/web\/wp-json\/wp\/v2\/posts\/4727","targetHints":{"allow":["GET"]}}],"collection":[{"href":"https:\/\/uncjr.ro\/web\/wp-json\/wp\/v2\/posts"}],"about":[{"href":"https:\/\/uncjr.ro\/web\/wp-json\/wp\/v2\/types\/post"}],"author":[{"embeddable":true,"href":"https:\/\/uncjr.ro\/web\/wp-json\/wp\/v2\/users\/2"}],"replies":[{"embeddable":true,"href":"https:\/\/uncjr.ro\/web\/wp-json\/wp\/v2\/comments?post=4727"}],"version-history":[{"count":1,"href":"https:\/\/uncjr.ro\/web\/wp-json\/wp\/v2\/posts\/4727\/revisions"}],"predecessor-version":[{"id":4729,"href":"https:\/\/uncjr.ro\/web\/wp-json\/wp\/v2\/posts\/4727\/revisions\/4729"}],"wp:featuredmedia":[{"embeddable":true,"href":"https:\/\/uncjr.ro\/web\/wp-json\/wp\/v2\/media\/4728"}],"wp:attachment":[{"href":"https:\/\/uncjr.ro\/web\/wp-json\/wp\/v2\/media?parent=4727"}],"wp:term":[{"taxonomy":"category","embeddable":true,"href":"https:\/\/uncjr.ro\/web\/wp-json\/wp\/v2\/categories?post=4727"},{"taxonomy":"post_tag","embeddable":true,"href":"https:\/\/uncjr.ro\/web\/wp-json\/wp\/v2\/tags?post=4727"}],"curies":[{"name":"wp","href":"https:\/\/api.w.org\/{rel}","templated":true}]}}