{"id":4581,"date":"2023-04-12T08:29:55","date_gmt":"2023-04-12T06:29:55","guid":{"rendered":"https:\/\/uncjr.ro\/web\/?p=4581"},"modified":"2025-01-27T15:43:25","modified_gmt":"2025-01-27T13:43:25","slug":"youth4regions-programul-european-pentru-tinerii-jurnalistii","status":"publish","type":"post","link":"https:\/\/uncjr.ro\/web\/youth4regions-programul-european-pentru-tinerii-jurnalistii\/","title":{"rendered":"Youth4Regions, programul european pentru tinerii jurnali\u0219ti"},"content":{"rendered":"\n<p class=\"text-content-justify\">\u201eYouth4Regions\u201d este programul Comisiei Europene care ajut\u0103 studen\u021bii la jurnalism \u0219i tinerii jurnali\u0219ti s\u0103 descopere ce face UE \u00een regiunea lor.<\/p>\n\n\n\n<p><strong>Programul ofer\u0103:<\/strong><\/p>\n\n\n\n<ul class=\"wp-block-list\">\n<li class=\"text-content-justify\">Cursuri de formare privind jurnalismul \u0219i politica de coeziune a UE;<\/li>\n\n\n\n<li class=\"text-content-justify\">\u0218ansa de a primi mentorat de la jurnali\u0219ti consacra\u021bi din \u021bara dumneavoastr\u0103;<\/li>\n\n\n\n<li class=\"text-content-justify\">Colaborarea cu jurnali\u0219ti renumi\u021bi \u00een cadrul S\u0103pt\u0103m\u00e2nii regiunilor&nbsp;<a rel=\"noreferrer noopener\" href=\"https:\/\/europa.eu\/regions-and-cities\/\" target=\"_blank\">UE<\/a>;<\/li>\n\n\n\n<li class=\"text-content-justify\">Vizite la sediul mass-media din domeniul afacerilor europene \u0219i la institu\u021biile UE;<\/li>\n\n\n\n<li class=\"text-content-justify\">Oportunitatea unic\u0103 de a participa \u00een calitate de jurnalist la vizitele de pres\u0103 ale Comisiei Europene \u00een statele membre;<\/li>\n\n\n\n<li class=\"text-content-justify\">Cheltuielile de cazare, de alimenta\u021bie \u0219i de c\u0103l\u0103torie acoperite de Comisia European\u0103.<\/li>\n<\/ul>\n\n\n\n<p><strong>Criterii de aplicare:<\/strong><\/p>\n\n\n\n<ul class=\"wp-block-list\">\n<li class=\"text-content-justify\">Demonstrarea unui interes real pentru jurnalism prin studii \u0219i\/sau experien\u021b\u0103 profesional\u0103;<\/li>\n\n\n\n<li class=\"text-content-justify\">Demonstrarea unui interes real pentru ceea ce face UE \u0219i politica de coeziune \u00een regiunea dumneavoastr\u0103;<\/li>\n\n\n\n<li class=\"text-content-justify\">Background \u00een jurnalism (studii sau p\u00e2n\u0103 la 2 ani de experien\u021b\u0103);<\/li>\n\n\n\n<li class=\"text-content-justify\">Cet\u0103\u021bean al UE sau al unei \u021b\u0103ri \u00eenvecinate cu v\u00e2rsta cuprins\u0103 \u00eentre 18 \u0219i 30 de ani;<\/li>\n\n\n\n<li class=\"text-content-justify\">Disponibilitate \u00een perioada 7-13 octombrie 2023;<\/li>\n<\/ul>\n\n\n\n<p class=\"text-content-justify\">Perioada de aplicare este deschis\u0103&nbsp;<strong>p\u00e2n\u0103 la 10 iulie 2023<\/strong>, ora 17:00 CET.<\/p>\n\n\n\n<p><strong><a rel=\"noreferrer noopener\" href=\"https:\/\/youth4regions.euregionsweek.eu\/\" target=\"_blank\">APLIC\u0102 ACUM!<\/a><\/strong><\/p>\n","protected":false},"excerpt":{"rendered":"<p>\u201eYouth4Regions\u201d este programul Comisiei Europene care ajut\u0103 studen\u021bii la jurnalism \u0219i tinerii jurnali\u0219ti s\u0103 descopere ce face UE \u00een regiunea lor. Programul ofer\u0103: Criterii de aplicare: Perioada de aplicare este deschis\u0103&nbsp;p\u00e2n\u0103 la 10 iulie 2023, ora 17:00 CET. APLIC\u0102 ACUM!<\/p>\n","protected":false},"author":2,"featured_media":4582,"comment_status":"closed","ping_status":"closed","sticky":false,"template":"","format":"standard","meta":{"_et_pb_use_builder":"","_et_pb_old_content":"","_et_gb_content_width":"","footnotes":""},"categories":[4,5,19],"tags":[],"class_list":["post-4581","post","type-post","status-publish","format-standard","has-post-thumbnail","hentry","category-agenda","category-noutati","category-oportunitati-finantare-internationala"],"_links":{"self":[{"href":"https:\/\/uncjr.ro\/web\/wp-json\/wp\/v2\/posts\/4581","targetHints":{"allow":["GET"]}}],"collection":[{"href":"https:\/\/uncjr.ro\/web\/wp-json\/wp\/v2\/posts"}],"about":[{"href":"https:\/\/uncjr.ro\/web\/wp-json\/wp\/v2\/types\/post"}],"author":[{"embeddable":true,"href":"https:\/\/uncjr.ro\/web\/wp-json\/wp\/v2\/users\/2"}],"replies":[{"embeddable":true,"href":"https:\/\/uncjr.ro\/web\/wp-json\/wp\/v2\/comments?post=4581"}],"version-history":[{"count":2,"href":"https:\/\/uncjr.ro\/web\/wp-json\/wp\/v2\/posts\/4581\/revisions"}],"predecessor-version":[{"id":4585,"href":"https:\/\/uncjr.ro\/web\/wp-json\/wp\/v2\/posts\/4581\/revisions\/4585"}],"wp:featuredmedia":[{"embeddable":true,"href":"https:\/\/uncjr.ro\/web\/wp-json\/wp\/v2\/media\/4582"}],"wp:attachment":[{"href":"https:\/\/uncjr.ro\/web\/wp-json\/wp\/v2\/media?parent=4581"}],"wp:term":[{"taxonomy":"category","embeddable":true,"href":"https:\/\/uncjr.ro\/web\/wp-json\/wp\/v2\/categories?post=4581"},{"taxonomy":"post_tag","embeddable":true,"href":"https:\/\/uncjr.ro\/web\/wp-json\/wp\/v2\/tags?post=4581"}],"curies":[{"name":"wp","href":"https:\/\/api.w.org\/{rel}","templated":true}]}}