{"id":4557,"date":"2023-04-05T08:10:30","date_gmt":"2023-04-05T06:10:30","guid":{"rendered":"https:\/\/uncjr.ro\/web\/?p=4557"},"modified":"2025-01-27T15:43:41","modified_gmt":"2025-01-27T13:43:41","slug":"programul-tineri-politicieni-alesi-2023","status":"publish","type":"post","link":"https:\/\/uncjr.ro\/web\/programul-tineri-politicieni-alesi-2023\/","title":{"rendered":"Programul \u201eTineri politicieni ale\u0219i\u201d 2023"},"content":{"rendered":"\n<p class=\"text-content-justify\">Cererea anual\u0103 de \u00eenscriere pentru Programul Comitetului European al Regiunilor (CoR) pentru tinerii politicieni ale\u0219i 2023 este deschis\u0103&nbsp;<strong>p\u00e2n\u0103 pe 10 aprilie 2023.<\/strong><\/p>\n\n\n\n<p class=\"text-content-justify\">Programul (Young Elected Politicians) YEP permite politicienilor locali \u0219i regionali s\u0103 participe la activit\u0103\u021bile \u0219i evenimentele CoR, inclusiv sesiunile plenare, \u0219i s\u0103 ia cuv\u00e2ntul.<\/p>\n\n\n\n<p class=\"text-content-justify\">Tinerii politicieni ale\u0219i care doresc s\u0103 se al\u0103ture acestei re\u021bele trebuie s\u0103 \u00eendeplineasc\u0103 urm\u0103toarele condi\u021bii:<\/p>\n\n\n\n<p class=\"text-content-justify\">\u00b7\u00a0\u00a0\u00a0\u00a0\u00a0\u00a0\u00a0\u00a0s\u0103 fi fost ales\/aleas\u0103 prin vot universal direct la nivel regional sau local;<\/p>\n\n\n\n<p class=\"text-content-justify\">\u00b7\u00a0\u00a0\u00a0\u00a0\u00a0\u00a0\u00a0\u00a0s\u0103 fie n\u0103scut(\u0103) dup\u0103 1 ianuarie 1983;<\/p>\n\n\n\n<p class=\"text-content-justify\">\u00b7\u00a0\u00a0\u00a0\u00a0\u00a0\u00a0\u00a0\u00a0s\u0103 nu de\u021bin\u0103 un mandat de membru titular sau supleant al CoR;<\/p>\n\n\n\n<p class=\"text-content-justify\">\u00b7\u00a0\u00a0\u00a0\u00a0\u00a0\u00a0\u00a0\u00a0s\u0103 aib\u0103 un nivel bun de cunoa\u0219tere a limbii engleze;<\/p>\n\n\n\n<p class=\"text-content-justify\">\u00b7&nbsp;&nbsp;&nbsp;&nbsp;&nbsp;&nbsp;&nbsp;&nbsp;s\u0103 completeze formularul de candidatur\u0103 \u0219i s\u0103 \u00eel transmit\u0103 p\u00e2n\u0103 la 10 aprilie 2023.<\/p>\n\n\n\n<p class=\"text-content-justify\">Candida\u021bii vor fi selecta\u021bi \u00een func\u021bie de calitatea formularului lor de candidatur\u0103, urm\u0103rind s\u0103 se asigure un echilibru \u00een ceea ce prive\u0219te genul, reprezentarea regional\u0103 \u0219i local\u0103, afilierea politic\u0103 \u0219i na\u021bionalitatea.<\/p>\n\n\n\n<p class=\"text-content-justify\">Vor fi luate \u00een considerare numai candidaturile \u00een limba englez\u0103 sau francez\u0103.<\/p>\n\n\n\n<p class=\"text-content-justify\"><strong>Cei interesa\u021bi pot accesa mai multe informa\u021bii, inclusiv formularul de candidatur\u0103&nbsp;<a rel=\"noreferrer noopener\" target=\"_blank\" href=\"https:\/\/cor.europa.eu\/ro\/engage\/Pages\/join-the-yep-community.aspx?utm_source=SharedLink&amp;utm_medium=ShortURL&amp;utm_campaign=yep%20call%202023\">aici.<\/a><\/strong><\/p>\n","protected":false},"excerpt":{"rendered":"<p>Cererea anual\u0103 de \u00eenscriere pentru Programul Comitetului European al Regiunilor (CoR) pentru tinerii politicieni ale\u0219i 2023 este deschis\u0103&nbsp;p\u00e2n\u0103 pe 10 aprilie 2023. Programul (Young Elected Politicians) YEP permite politicienilor locali \u0219i regionali s\u0103 participe la activit\u0103\u021bile \u0219i evenimentele CoR, inclusiv sesiunile plenare, \u0219i s\u0103 ia cuv\u00e2ntul. Tinerii politicieni ale\u0219i care doresc s\u0103 se al\u0103ture acestei [&hellip;]<\/p>\n","protected":false},"author":2,"featured_media":4558,"comment_status":"closed","ping_status":"closed","sticky":false,"template":"","format":"standard","meta":{"_et_pb_use_builder":"","_et_pb_old_content":"","_et_gb_content_width":"","footnotes":""},"categories":[4,5,19],"tags":[],"class_list":["post-4557","post","type-post","status-publish","format-standard","has-post-thumbnail","hentry","category-agenda","category-noutati","category-oportunitati-finantare-internationala"],"_links":{"self":[{"href":"https:\/\/uncjr.ro\/web\/wp-json\/wp\/v2\/posts\/4557","targetHints":{"allow":["GET"]}}],"collection":[{"href":"https:\/\/uncjr.ro\/web\/wp-json\/wp\/v2\/posts"}],"about":[{"href":"https:\/\/uncjr.ro\/web\/wp-json\/wp\/v2\/types\/post"}],"author":[{"embeddable":true,"href":"https:\/\/uncjr.ro\/web\/wp-json\/wp\/v2\/users\/2"}],"replies":[{"embeddable":true,"href":"https:\/\/uncjr.ro\/web\/wp-json\/wp\/v2\/comments?post=4557"}],"version-history":[{"count":1,"href":"https:\/\/uncjr.ro\/web\/wp-json\/wp\/v2\/posts\/4557\/revisions"}],"predecessor-version":[{"id":4559,"href":"https:\/\/uncjr.ro\/web\/wp-json\/wp\/v2\/posts\/4557\/revisions\/4559"}],"wp:featuredmedia":[{"embeddable":true,"href":"https:\/\/uncjr.ro\/web\/wp-json\/wp\/v2\/media\/4558"}],"wp:attachment":[{"href":"https:\/\/uncjr.ro\/web\/wp-json\/wp\/v2\/media?parent=4557"}],"wp:term":[{"taxonomy":"category","embeddable":true,"href":"https:\/\/uncjr.ro\/web\/wp-json\/wp\/v2\/categories?post=4557"},{"taxonomy":"post_tag","embeddable":true,"href":"https:\/\/uncjr.ro\/web\/wp-json\/wp\/v2\/tags?post=4557"}],"curies":[{"name":"wp","href":"https:\/\/api.w.org\/{rel}","templated":true}]}}