{"id":4522,"date":"2023-03-16T15:02:37","date_gmt":"2023-03-16T13:02:37","guid":{"rendered":"https:\/\/uncjr.ro\/web\/?p=4522"},"modified":"2025-01-27T15:43:41","modified_gmt":"2025-01-27T13:43:41","slug":"adoptarea-avizului-presedintelui-cj-timis-in-sesiunea-plenara-cor","status":"publish","type":"post","link":"https:\/\/uncjr.ro\/web\/adoptarea-avizului-presedintelui-cj-timis-in-sesiunea-plenara-cor\/","title":{"rendered":"Adoptarea avizului pre\u0219edintelui CJ Timi\u0219 \u00een sesiunea plenar\u0103 COR"},"content":{"rendered":"\n<p class=\"text-content-justify\">\u00cen cadrul sesiunii plenare a Comitetului European al Regiunilor, pe data de 15 martie 2023 a fost dezb\u0103tut \u015fi adoptat avizul pe tema \u201eViitorul Parteneriatului estic din perspectiv\u0103 local\u0103 \u0219i regional\u0103\u201d, raportor fiind Alin-Adrian Nica, pre\u0219edintele Consiliului Jude\u021bean Timi\u0219.<\/p>\n\n\n\n<p class=\"text-content-justify\"><br>\u00cen interven\u021bia sa, pre\u0219edintele Consiliului Jude\u021bean Timi\u0219 a men\u021bionat, printre altele faptul c\u0103:<\/p>\n\n\n\n<ul class=\"wp-block-list\">\n<li class=\"text-content-justify\">este responsabilitatea UE s\u0103 men\u021bin\u0103 Parteneriatul Estic astfel \u00eenc\u00e2t s\u0103 r\u0103spund\u0103 a\u0219tept\u0103rilor curajo\u0219ilor cet\u0103\u021beni ai Georgiei, a\u0219tept\u0103rilor de extindere ale cet\u0103\u021benilor Ucrainei \u0219i Moldovei \u0219i eforturilor opozi\u021biei democratice din Belarus, \u015fi s\u0103 sprijine pe to\u021bi cei din vecin\u0103tatea noastr\u0103 care se str\u0103duiesc s\u0103 adopte valorile europene;<\/li>\n\n\n\n<li class=\"text-content-justify\">cel mai puternic r\u0103spuns pe care \u00eel poate da Uniunea European\u0103 invaziei ruse \u00een Ucraina va fi \u00eentocmai sprijinirea statelor libere, democratice din Europa de Est, Caucazul de Sud \u0219i dincolo de el, cu autorit\u0103\u021bi regionale \u0219i locale puternice, ora\u0219e vibrante economic \u0219i cultural \u0219i societ\u0103\u021bi dedicate respect\u0103rii valorile europene;<\/li>\n\n\n\n<li class=\"text-content-justify\">Parteneriatul estic trebuie, \u00eentr-adev\u0103r, s\u0103 evolueze \u0219i s\u0103 se reformeze pentru a r\u0103spunde alegerilor \u0219i obiectivelor \u021b\u0103rilor partenere fa\u021b\u0103 de UE. \u00cen proiectul de aviz sus\u021bin o mai mare flexibilitate \u0219i diferen\u021biere at\u00e2t \u00een activitatea bilateral\u0103, c\u00e2t \u0219i \u00een cea multilateral\u0103 a Parteneriatului Estic, pentru a r\u0103spunde priorit\u0103\u021bilor \u0219i nevoilor diferitele ale fiec\u0103rui partener;<\/li>\n\n\n\n<li class=\"text-content-justify\">avizul dore\u0219te s\u0103 promoveze o implicare mai puternic\u0103 a autorit\u0103\u021bilor locale \u0219i regionale la conceperea priorit\u0103\u021bilor de cooperare cu impact teritorial &#8211; inclusiv \u00een materie de energie, conectivitate de transport, mediu, clim\u0103. Conferin\u021ba CoR a Autorit\u0103\u021bilor Regionale \u0219i Locale pentru Parteneriatul Estic (CORLEAP) ar trebui s\u0103 fie preg\u0103tit\u0103 s\u0103 sprijine elaborarea unor astfel de priorit\u0103\u021bi acolo unde este necesar;<\/li>\n\n\n\n<li class=\"text-content-justify\">vede \u00een continuare o nevoie puternic\u0103 de consolidare a capacit\u0103\u021bii administrative a autorit\u0103\u021bilor locale \u0219i regionale din Parteneriatul Estic. Din acest motiv, recomand\u0103 implementarea f\u0103r\u0103 \u00eent\u00e2rziere a proiectului pentru Academia de Administra\u021bie Public\u0103 Local\u0103 \u0219i Regional\u0103 \u00een Parteneriatul Estic, care va promova transparen\u021ba \u0219i bunele practici de guvernare, va contribui la combaterea corup\u021biei \u0219i va ajuta partenerii \u00een realizarea reformelor de descentralizare.<br><\/li>\n<\/ul>\n\n\n\n<p>Alin Nica, pre\u0219edintele Consiliului Jude\u021bean Timi\u0219 a punctat faptul c\u0103 \u201enu trebuie s\u0103 \u00eentoarcem spatele \u021b\u0103rilor din vecin\u0103tatea estic\u0103 a Uniunii Europene, mai ales acum, c\u00e2nd au at\u00e2ta nevoie de noi! Din contr\u0103, s\u0103 \u00eent\u0103rim acest Parteneriat Estic, s\u0103 r\u0103m\u00e2n\u0103 structura relevant\u0103 care s\u0103 sprijine \u00een continuare statul de drept, democra\u021bia \u0219i respectul pentru drepturile fundamentale\u201d. De asemenea, propune ca aceast\u0103 cooperare \u00een cadrul Parteneriatului Estic s\u0103 \u00eenceap\u0103 s\u0103 se deschid\u0103 \u0219i c\u0103tre a\u0219a-numi\u021bii \u201evecini ai vecinului\u201d, referindu-se\u00a0 la \u021b\u0103rile care doresc \u0219i sunt gata s\u0103 se angajeze fa\u021b\u0103 de valorile fundamentale, precum \u021b\u0103ri din Asia Central\u0103, \u0219i, de asemenea, la identificarea unor arii de cooperare cu \u021b\u0103rile din Balcanii de Vest.<\/p>\n\n\n\n<figure class=\"wp-block-gallery has-nested-images columns-default is-cropped wp-block-gallery-1 is-layout-flex wp-block-gallery-is-layout-flex\">\n<figure class=\"wp-block-image size-large\"><img loading=\"lazy\" decoding=\"async\" width=\"1024\" height=\"478\" data-id=\"4525\" src=\"https:\/\/uncjr.ro\/web\/wp-content\/uploads\/2023\/03\/Nica-1-1-1024x478.jpeg\" alt=\"\" class=\"wp-image-4525\" srcset=\"https:\/\/uncjr.ro\/web\/wp-content\/uploads\/2023\/03\/Nica-1-1-980x458.jpeg 980w, https:\/\/uncjr.ro\/web\/wp-content\/uploads\/2023\/03\/Nica-1-1-480x224.jpeg 480w\" sizes=\"(min-width: 0px) and (max-width: 480px) 480px, (min-width: 481px) and (max-width: 980px) 980px, (min-width: 981px) 1024px, 100vw\" \/><\/figure>\n\n\n\n<figure class=\"wp-block-image size-large\"><img loading=\"lazy\" decoding=\"async\" width=\"1024\" height=\"461\" data-id=\"4526\" src=\"https:\/\/uncjr.ro\/web\/wp-content\/uploads\/2023\/03\/Nica-4-1-1024x461.jpg\" alt=\"\" class=\"wp-image-4526\" srcset=\"https:\/\/uncjr.ro\/web\/wp-content\/uploads\/2023\/03\/Nica-4-1-980x441.jpg 980w, https:\/\/uncjr.ro\/web\/wp-content\/uploads\/2023\/03\/Nica-4-1-480x216.jpg 480w\" sizes=\"(min-width: 0px) and (max-width: 480px) 480px, (min-width: 481px) and (max-width: 980px) 980px, (min-width: 981px) 1024px, 100vw\" \/><\/figure>\n\n\n\n<figure class=\"wp-block-image size-large\"><img loading=\"lazy\" decoding=\"async\" width=\"1024\" height=\"461\" data-id=\"4524\" src=\"https:\/\/uncjr.ro\/web\/wp-content\/uploads\/2023\/03\/Nica-3-1-1024x461.jpeg\" alt=\"\" class=\"wp-image-4524\" srcset=\"https:\/\/uncjr.ro\/web\/wp-content\/uploads\/2023\/03\/Nica-3-1-980x442.jpeg 980w, https:\/\/uncjr.ro\/web\/wp-content\/uploads\/2023\/03\/Nica-3-1-480x216.jpeg 480w\" sizes=\"(min-width: 0px) and (max-width: 480px) 480px, (min-width: 481px) and (max-width: 980px) 980px, (min-width: 981px) 1024px, 100vw\" \/><\/figure>\n<\/figure>\n","protected":false},"excerpt":{"rendered":"<p>\u00cen cadrul sesiunii plenare a Comitetului European al Regiunilor, pe data de 15 martie 2023 a fost dezb\u0103tut \u015fi adoptat avizul pe tema \u201eViitorul Parteneriatului estic din perspectiv\u0103 local\u0103 \u0219i regional\u0103\u201d, raportor fiind Alin-Adrian Nica, pre\u0219edintele Consiliului Jude\u021bean Timi\u0219. \u00cen interven\u021bia sa, pre\u0219edintele Consiliului Jude\u021bean Timi\u0219 a men\u021bionat, printre altele faptul c\u0103: Alin Nica, pre\u0219edintele [&hellip;]<\/p>\n","protected":false},"author":2,"featured_media":4527,"comment_status":"closed","ping_status":"closed","sticky":false,"template":"","format":"standard","meta":{"_et_pb_use_builder":"","_et_pb_old_content":"","_et_gb_content_width":"","footnotes":""},"categories":[4,6,14,5],"tags":[],"class_list":["post-4522","post","type-post","status-publish","format-standard","has-post-thumbnail","hentry","category-agenda","category-comunicat-de-presa","category-evenimente","category-noutati"],"_links":{"self":[{"href":"https:\/\/uncjr.ro\/web\/wp-json\/wp\/v2\/posts\/4522","targetHints":{"allow":["GET"]}}],"collection":[{"href":"https:\/\/uncjr.ro\/web\/wp-json\/wp\/v2\/posts"}],"about":[{"href":"https:\/\/uncjr.ro\/web\/wp-json\/wp\/v2\/types\/post"}],"author":[{"embeddable":true,"href":"https:\/\/uncjr.ro\/web\/wp-json\/wp\/v2\/users\/2"}],"replies":[{"embeddable":true,"href":"https:\/\/uncjr.ro\/web\/wp-json\/wp\/v2\/comments?post=4522"}],"version-history":[{"count":1,"href":"https:\/\/uncjr.ro\/web\/wp-json\/wp\/v2\/posts\/4522\/revisions"}],"predecessor-version":[{"id":4528,"href":"https:\/\/uncjr.ro\/web\/wp-json\/wp\/v2\/posts\/4522\/revisions\/4528"}],"wp:featuredmedia":[{"embeddable":true,"href":"https:\/\/uncjr.ro\/web\/wp-json\/wp\/v2\/media\/4527"}],"wp:attachment":[{"href":"https:\/\/uncjr.ro\/web\/wp-json\/wp\/v2\/media?parent=4522"}],"wp:term":[{"taxonomy":"category","embeddable":true,"href":"https:\/\/uncjr.ro\/web\/wp-json\/wp\/v2\/categories?post=4522"},{"taxonomy":"post_tag","embeddable":true,"href":"https:\/\/uncjr.ro\/web\/wp-json\/wp\/v2\/tags?post=4522"}],"curies":[{"name":"wp","href":"https:\/\/api.w.org\/{rel}","templated":true}]}}