{"id":4474,"date":"2023-03-10T13:28:51","date_gmt":"2023-03-10T11:28:51","guid":{"rendered":"https:\/\/uncjr.ro\/web\/?p=4474"},"modified":"2025-01-27T15:43:41","modified_gmt":"2025-01-27T13:43:41","slug":"finantare-pentru-actiuni-de-management-al-riscurilor","status":"publish","type":"post","link":"https:\/\/uncjr.ro\/web\/finantare-pentru-actiuni-de-management-al-riscurilor\/","title":{"rendered":"Finan\u021bare pentru ac\u021biuni de management al riscurilor\u00a0"},"content":{"rendered":"\n<p class=\"text-content-justify\"><strong>Direc\u0163ia general\u0103 pentru protec\u0163ie civil\u0103 \u015fi opera\u0163ii de ajutor umanitar (DG ECHO) din cadrul Comisiei Europene\u00a0<\/strong><strong>a organizat la 10 martie a.c. o zi de informare privind noua cerere de propuneri de proiecte \u201eCuno\u015ftin\u0163e pentru ac\u0163iuni de preg\u0103tire \u015fi preven\u0163ie\u201d din cadrul programului european \u201eMecanismul pentru protec\u0163ie civil\u0103 a Uniunii\u201d (UCPM) 2021-2027.<\/strong><\/p>\n\n\n\n<p class=\"text-content-justify\">Aceast\u0103 finan\u0163are (primele dou\u0103 priorit\u0103\u0163i) este singura din \u00eentregul pachet de granturi pe care UPCM le acord\u0103 care se adreseaz\u0103 oric\u0103rui tip de organiza\u0163ii sau institu\u0163ii interesate de domeniul protec\u0163iei civile \u015fi al managementului riscului, indiferent de nivelul de guvernan\u0163\u0103 \u2013 local, jude\u0163ean, regional, na\u0163ional sau transna\u0163ional.<\/p>\n\n\n\n<p class=\"text-content-justify\">Prezenta cerere de propuneri are\u00a0trei tematici\u00a0pentru care se pot depune propuneri de proiecte:<\/p>\n\n\n\n<ol class=\"wp-block-list\" type=\"1\" start=\"1\">\n<li class=\"text-content-justify\">Preven\u0163ie\u00a0(ac\u0163iuni de reducere a riscurilor de dezastru care au \u00een vedere popula\u0163ia, mediul \u015fi bunurile, incluz\u00e2nd patrimoniul cultural). Principalele priorit\u0103\u0163i sunt: avertizarea timpurie; evaluarea riscurilor, managementul riscurilor \u015fi anticiparea; sensibilizarea fa\u0163\u0103 de riscurile poten\u0163iale; preven\u0163ia fa\u0163\u0103 de incendiile p\u0103durilor;<\/li>\n\n\n\n<li>Preg\u0103tire;\u00a0cele dou\u0103 priorit\u0103\u0163i privesc preg\u0103tirea institu\u0163ional\u0103 \u015fi \u00eent\u0103rirea capacit\u0103\u0163ii de preg\u0103tire individual\u0103 prin formare \u015fi instruire;<\/li>\n\n\n\n<li class=\"text-content-justify\">Exerci\u0163ii la scar\u0103 larg\u0103&nbsp;care implic\u0103 toate p\u0103r\u0163ile interesate de protec\u0163ia civil\u0103: aceast\u0103 prioritate este partea cea mai complex\u0103 ca tip de proiect \u015fi activit\u0103\u0163i \u015fi vizeaz\u0103 simularea unei situa\u0163ii de catastrof\u0103 (un scenariu), implic\u00e2nd institu\u0163ii, agen\u0163ii, organiza\u0163ii de la toate nivelurile de r\u0103spuns (local, regional, na\u0163ional \u015fi european) \u015fi activarea Mecanismului pentru Protec\u0163ie Civil\u0103, aplicarea diferitelor strategii \u015fi planuri de ac\u0163iune existente \u00een astfel de situa\u0163ii \u015fi participarea platformelor de cooperare deja existente la nivelul UE.<\/li>\n<\/ol>\n\n\n\n<p class=\"text-content-justify\"><strong>Termenul-limit\u0103<\/strong> pentru depunerea aplica\u0163iilor: 4 mai 2023, semnarea granturilor pentru finan\u0163are este prev\u0103zut\u0103 pentru lunile octombrie-noiembrie 2023.<\/p>\n\n\n\n<p class=\"text-content-justify\"><strong>Eligibilitate:<\/strong>\u00a0orice entitate public\u0103 sau privat\u0103 din \u0163\u0103rile participante la program\u00a0&#8211; state membre, \u0163\u0103ri candidate, \u0163\u0103ri IPA, \u0163\u0103ri care fac parte din Politica de Vecin\u0103tate a UE; consor\u0163iile trebuie s\u0103 fie constituite din minimum trei parteneri din minimum trei \u0163\u0103ri eligibile.\u00a0Pentru exerci\u0163iile la scar\u0103 larg\u0103 pot participa doar entit\u0103\u0163i de protec\u0163ie civil\u0103.<\/p>\n\n\n\n<p class=\"text-content-justify\"><strong>Budget disponibil<\/strong>\u00a0: 15.000.000 EUR\u00a0; cofinan\u0163area maxim\u0103 este de 85% din totalul costurilor eligibile.<\/p>\n\n\n\n<p class=\"text-content-justify\">Durata maxim\u0103 a implement\u0103rii este de 24 de luni, o prelungire excep\u0163ional\u0103 poate fi acordat\u0103 punctual, \u00een func\u0163ie de situa\u0163ie.<\/p>\n\n\n\n<p class=\"text-content-justify\">Sursa de documentare pentru actuala cerere este portalul unic al Comisiei Europene: \u201e<a rel=\"noreferrer noopener\" href=\"https:\/\/ec.europa.eu\/info\/funding-tenders\/opportunities\/portal\/screen\/opportunities\/topic-search;callCode=UCPM-2023-KAPP;freeTextSearchKeyword=;matchWholeText=true;typeCodes=1;statusCodes=31094501,31094502,31094503;programmePeriod=null;programCcm2Id=43298203;programDivisionCode=null;focusAreaCode=null;destinationGroup=null;missionGroup=null;geographicalZonesCode=null;programmeDivisionProspect=null;startDateLte=null;startDateGte=null;crossCuttingPriorityCode=null;cpvCode=null;performanceOfDelivery=null;sortQuery=sortStatus;orderBy=asc;onlyTenders=false;topicListKey=topicSearchTablePageState\" target=\"_blank\">Funding and Tender Opportunities<\/a>\u201d<\/p>\n\n\n\n<p class=\"text-content-justify\">Contact pentru informa\u0163ii suplimentare:&nbsp;<a href=\"mailto:ECHO-CP-KAPP@ec.europa.eu\" target=\"_blank\" rel=\"noreferrer noopener\">ECHO-CP-KAPP@ec.europa.eu<\/a><\/p>\n","protected":false},"excerpt":{"rendered":"<p>Direc\u0163ia general\u0103 pentru protec\u0163ie civil\u0103 \u015fi opera\u0163ii de ajutor umanitar (DG ECHO) din cadrul Comisiei Europene\u00a0a organizat la 10 martie a.c. o zi de informare privind noua cerere de propuneri de proiecte \u201eCuno\u015ftin\u0163e pentru ac\u0163iuni de preg\u0103tire \u015fi preven\u0163ie\u201d din cadrul programului european \u201eMecanismul pentru protec\u0163ie civil\u0103 a Uniunii\u201d (UCPM) 2021-2027. Aceast\u0103 finan\u0163are (primele dou\u0103 [&hellip;]<\/p>\n","protected":false},"author":2,"featured_media":4475,"comment_status":"closed","ping_status":"closed","sticky":false,"template":"","format":"standard","meta":{"_et_pb_use_builder":"","_et_pb_old_content":"","_et_gb_content_width":"","footnotes":""},"categories":[4,5,19],"tags":[],"class_list":["post-4474","post","type-post","status-publish","format-standard","has-post-thumbnail","hentry","category-agenda","category-noutati","category-oportunitati-finantare-internationala"],"_links":{"self":[{"href":"https:\/\/uncjr.ro\/web\/wp-json\/wp\/v2\/posts\/4474","targetHints":{"allow":["GET"]}}],"collection":[{"href":"https:\/\/uncjr.ro\/web\/wp-json\/wp\/v2\/posts"}],"about":[{"href":"https:\/\/uncjr.ro\/web\/wp-json\/wp\/v2\/types\/post"}],"author":[{"embeddable":true,"href":"https:\/\/uncjr.ro\/web\/wp-json\/wp\/v2\/users\/2"}],"replies":[{"embeddable":true,"href":"https:\/\/uncjr.ro\/web\/wp-json\/wp\/v2\/comments?post=4474"}],"version-history":[{"count":1,"href":"https:\/\/uncjr.ro\/web\/wp-json\/wp\/v2\/posts\/4474\/revisions"}],"predecessor-version":[{"id":4476,"href":"https:\/\/uncjr.ro\/web\/wp-json\/wp\/v2\/posts\/4474\/revisions\/4476"}],"wp:featuredmedia":[{"embeddable":true,"href":"https:\/\/uncjr.ro\/web\/wp-json\/wp\/v2\/media\/4475"}],"wp:attachment":[{"href":"https:\/\/uncjr.ro\/web\/wp-json\/wp\/v2\/media?parent=4474"}],"wp:term":[{"taxonomy":"category","embeddable":true,"href":"https:\/\/uncjr.ro\/web\/wp-json\/wp\/v2\/categories?post=4474"},{"taxonomy":"post_tag","embeddable":true,"href":"https:\/\/uncjr.ro\/web\/wp-json\/wp\/v2\/tags?post=4474"}],"curies":[{"name":"wp","href":"https:\/\/api.w.org\/{rel}","templated":true}]}}