{"id":4449,"date":"2023-02-24T10:30:34","date_gmt":"2023-02-24T08:30:34","guid":{"rendered":"https:\/\/uncjr.ro\/web\/?p=4449"},"modified":"2025-01-27T15:43:41","modified_gmt":"2025-01-27T13:43:41","slug":"uncjr-va-invita-sa-participati-la-conferinta-politica-rezilienta-si-redresare-o-abordare-multi-nivel-a-managementului-riscului","status":"publish","type":"post","link":"https:\/\/uncjr.ro\/web\/uncjr-va-invita-sa-participati-la-conferinta-politica-rezilienta-si-redresare-o-abordare-multi-nivel-a-managementului-riscului\/","title":{"rendered":"UNCJR v\u0103 invit\u0103 s\u0103 participa\u021bi la conferin\u021ba politic\u0103 \u201eRezilien\u021b\u0103 \u015fi Redresare \u2013 o abordare multi-nivel a managementului riscului\u201d"},"content":{"rendered":"\n<p class=\"text-content-justify\">Uniunea Na\u0163ional\u0103 a Consiliilor Jude\u0163ene din Rom\u00e2nia, al\u0103turi de partenerii s\u0103i din Confedera\u0163ia European\u0103 a Autorit\u0103\u0163ilor Locale de nivel Intermediar (CEPLI) \u2013 asocia\u0163iile similare din Belgia, Fran\u0163a, Germania, Italia, Polonia \u015fi Spania \u015fi re\u0163elele europene Arc Latin \u015fi Partenalia \u2013 invit\u0103 consiliile jude\u021bene \u015fi toate institu\u021biile \u015fi organiza\u021biile de la nivel local, regional \u015fi central interesate s\u0103 participa\u0163i la conferin\u0163a politic\u0103 <strong>\u00abRezilien\u021b\u0103 \u015fi Redresare \u2013 o abordare multi-nivel a managementului riscului\u00bb<\/strong>.<\/p>\n\n\n\n<p class=\"text-content-justify\">Evenimentul va avea loc \u00een format hibrid, la Ourense (regiunea Galicia, Spania) \u015fi online, la\u00a0data de <strong>7 martie 2023,<\/strong>\u00a0\u015fi va beneficia \u015fi de interpretariat \u00een limba rom\u00e2n\u0103, pentru participarea online v\u0103 pute\u021bi \u00eenregistra <a href=\"https:\/\/cepli.eu\/registration\" data-type=\"URL\" data-id=\"https:\/\/cepli.eu\/registration\" target=\"_blank\" rel=\"noreferrer noopener\">aici.<\/a><\/p>\n\n\n\n<p class=\"text-content-justify\">Data limit\u0103 pentru \u00eenregistrare difer\u0103 \u00een func\u0163ie de tipul de participare: 3 martie 2023, pentru prezen\u0163a \u00een persoan\u0103, \u015fi 6 martie 2023 (18:00, ora Rom\u00e2niei), pentru participan\u0163ii \u00een online.<\/p>\n\n\n\n<p class=\"text-content-justify\">Formularul pentru \u00eenregistrare \u015fi programul provizoriu al evenimentului (en, fr) sunt disponibile pe pagina de web a CEPLI&nbsp;:&nbsp;<a rel=\"noreferrer noopener\" target=\"_blank\" href=\"http:\/\/www.cepli.eu\/\">www.cepli.eu<\/a>. Informa\u021biile privind programul vor fi actualizate p\u00e2n\u0103 \u00een diminea\u021ba evenimentului, de aceea, consultarea paginii de web men\u021bionate \u00een timp real este important\u0103, mai ales pentru cei care particip\u0103 la distan\u021b\u0103. Fiecare participant \u00eenscris pentru participarea la distan\u021b\u0103 va primi separat un e-mail cu informa\u0163iile necesare pentru conectarea la eveniment \u015fi va avea posibilitatea s\u0103 pun\u0103 \u00eentreb\u0103ri oratorilor, a\u015fa cum este posibil \u015fi pentru participan\u0163ii de la fa\u0163a locului.<\/p>\n\n\n\n<p><strong>Context:<\/strong><\/p>\n\n\n\n<p class=\"text-content-justify\">Ca \u00een fiecare an de la \u00eenfiintarea CEPLI, conferin\u0163a politic\u0103 pe care membrii confedera\u0163iei o organizeaz\u0103 pune \u00een dezbatere un subiect de actualitate care are un impact major la nivel local \u015fi regional, cu scopul de a reuni exemple de bun\u0103 practic\u0103, idei \u015fi perspective utile at\u00e2t pentru ale\u015fii locali care reprezint\u0103 jude\u0163ele, provinciile, departamentele \u015fi alte administra\u0163ii similare din Europa, c\u00e2t \u015fi pentru responsabilii de la nivel european \u015fi reprezentan\u0163ii mediului academic sau de afaceri.<\/p>\n\n\n\n<p class=\"text-content-justify\">\u00cencep\u00e2nd cu 2020, CEPLI propune evenimente care dezbat abordarea holistic\u0103 a&nbsp;<strong>rezilien\u0163ei teritoriale<\/strong>, concept care are \u00een vedere un management de prevenire a oric\u0103rui tip de criz\u0103, \u015foc sau risc cu impact vital pentru colectivit\u0103\u0163ile teritoriale \u015fi cet\u0103\u0163eni.<\/p>\n\n\n\n<p class=\"text-content-justify\">Conferin\u021ba din acest an va dezbate&nbsp;<strong>tema dezastrelor naturale<\/strong>. Participan\u021bii vor discuta despre rolul consiliilor jude\u021bene (nivelul NUTS III) \u00een abordarea consecin\u021belor sociale, economice \u0219i sanitare ale inunda\u021biilor, incendiilor, cutremurelor, alunec\u0103rilor de teren, secetei, etc., colaborarea \u00een teritoriu cu al\u021bi parteneri abilita\u021bi, dar \u015fi instrumentele de comunicare utilizate \u00een astfel de situa\u021bii extreme.<\/p>\n\n\n\n<p class=\"text-content-justify\">Contact\u00a0pentru detalii: reprezentantul UNCJR \u00een Grupul Tehnic al CEPLI,\u00a0<a rel=\"noreferrer noopener\" href=\"mailto:madalina.trandafir@uncjr.org\" target=\"_blank\">madalina.trandafir@uncjr.o<\/a><\/p>\n\n\n\n<figure class=\"wp-block-image size-large\"><a href=\"https:\/\/cepli.eu\/registration\" target=\"_blank\" rel=\"noreferrer noopener\"><img loading=\"lazy\" decoding=\"async\" width=\"1024\" height=\"523\" src=\"https:\/\/uncjr.ro\/web\/wp-content\/uploads\/2023\/02\/banner-ourense-1024x523.png\" alt=\"\" class=\"wp-image-4450\" srcset=\"https:\/\/uncjr.ro\/web\/wp-content\/uploads\/2023\/02\/banner-ourense-980x500.png 980w, https:\/\/uncjr.ro\/web\/wp-content\/uploads\/2023\/02\/banner-ourense-480x245.png 480w\" sizes=\"(min-width: 0px) and (max-width: 480px) 480px, (min-width: 481px) and (max-width: 980px) 980px, (min-width: 981px) 1024px, 100vw\" \/><\/a><\/figure>\n","protected":false},"excerpt":{"rendered":"<p>Uniunea Na\u0163ional\u0103 a Consiliilor Jude\u0163ene din Rom\u00e2nia, al\u0103turi de partenerii s\u0103i din Confedera\u0163ia European\u0103 a Autorit\u0103\u0163ilor Locale de nivel Intermediar (CEPLI) \u2013 asocia\u0163iile similare din Belgia, Fran\u0163a, Germania, Italia, Polonia \u015fi Spania \u015fi re\u0163elele europene Arc Latin \u015fi Partenalia \u2013 invit\u0103 consiliile jude\u021bene \u015fi toate institu\u021biile \u015fi organiza\u021biile de la nivel local, regional \u015fi central [&hellip;]<\/p>\n","protected":false},"author":2,"featured_media":4451,"comment_status":"closed","ping_status":"closed","sticky":false,"template":"","format":"standard","meta":{"_et_pb_use_builder":"","_et_pb_old_content":"","_et_gb_content_width":"","footnotes":""},"categories":[4,14,5],"tags":[],"class_list":["post-4449","post","type-post","status-publish","format-standard","has-post-thumbnail","hentry","category-agenda","category-evenimente","category-noutati"],"_links":{"self":[{"href":"https:\/\/uncjr.ro\/web\/wp-json\/wp\/v2\/posts\/4449","targetHints":{"allow":["GET"]}}],"collection":[{"href":"https:\/\/uncjr.ro\/web\/wp-json\/wp\/v2\/posts"}],"about":[{"href":"https:\/\/uncjr.ro\/web\/wp-json\/wp\/v2\/types\/post"}],"author":[{"embeddable":true,"href":"https:\/\/uncjr.ro\/web\/wp-json\/wp\/v2\/users\/2"}],"replies":[{"embeddable":true,"href":"https:\/\/uncjr.ro\/web\/wp-json\/wp\/v2\/comments?post=4449"}],"version-history":[{"count":1,"href":"https:\/\/uncjr.ro\/web\/wp-json\/wp\/v2\/posts\/4449\/revisions"}],"predecessor-version":[{"id":4452,"href":"https:\/\/uncjr.ro\/web\/wp-json\/wp\/v2\/posts\/4449\/revisions\/4452"}],"wp:featuredmedia":[{"embeddable":true,"href":"https:\/\/uncjr.ro\/web\/wp-json\/wp\/v2\/media\/4451"}],"wp:attachment":[{"href":"https:\/\/uncjr.ro\/web\/wp-json\/wp\/v2\/media?parent=4449"}],"wp:term":[{"taxonomy":"category","embeddable":true,"href":"https:\/\/uncjr.ro\/web\/wp-json\/wp\/v2\/categories?post=4449"},{"taxonomy":"post_tag","embeddable":true,"href":"https:\/\/uncjr.ro\/web\/wp-json\/wp\/v2\/tags?post=4449"}],"curies":[{"name":"wp","href":"https:\/\/api.w.org\/{rel}","templated":true}]}}