{"id":4441,"date":"2023-02-23T11:09:20","date_gmt":"2023-02-23T09:09:20","guid":{"rendered":"https:\/\/uncjr.ro\/web\/?p=4441"},"modified":"2025-01-27T15:43:41","modified_gmt":"2025-01-27T13:43:41","slug":"uncjr-gazda-intalnirii-structurilor-asociative-cu-comisia-pentru-guvernare-locala-si-politica-regionala-din-seimul-republicii-poloneze","status":"publish","type":"post","link":"https:\/\/uncjr.ro\/web\/uncjr-gazda-intalnirii-structurilor-asociative-cu-comisia-pentru-guvernare-locala-si-politica-regionala-din-seimul-republicii-poloneze\/","title":{"rendered":"UNCJR gazda \u00eent\u00e2lnirii structurilor asociative cu Comisia pentru guvernare local\u0103 \u0219i politic\u0103 regional\u0103 din Seimul Republicii Poloneze"},"content":{"rendered":"\n<p class=\"text-content-justify\">Uniunea Na\u021bional\u0103 a Consiliilor Jude\u021bene din Rom\u00e2nia (UNCJR) a fost gazda \u00eent\u00e2lnirii structurilor asociative cu Comisia pentru guvernare local\u0103 \u0219i politic\u0103 regional\u0103 din Seimul Republicii Poloneze la invita\u021bia Comisiei pentru administra\u021bie public\u0103 \u0219i amenajarea teritoriului din Camera Deputa\u021bilor condus\u0103 de Simona-Bucura Oprescu, deputat. Evenimentul a avut loc miercuri, 23 februarie 2023 la sediul UNCJR unde reprezentan\u021bii structurilor asociative ale autorit\u0103\u021bilor publice locale, pre\u0219edintele Consiliului Jude\u021bean Vrancea, C\u0103t\u0103lin Toma, pre\u0219edintele Consiliului Jude\u021bean C\u0103l\u0103ra\u0219i, Vasile Iliu\u021b\u0103, dar \u0219i primari de municipii, ora\u0219e \u0219i comune s-au \u00eent\u00e2lnit cu reprezentan\u021bii delega\u021biei din Republica Polon\u0103.<\/p>\n\n\n\n<p class=\"text-content-justify\">Comisia pentru guvernare local\u0103 \u0219i politic\u0103 regional\u0103 din Seimul Republicii Polone a fost&nbsp; format\u0103 din pre\u0219edintele comisiei, \u0141awniczak Tomasz din Clubul parlamentar PiS, vicepre\u0219edin\u021bii Comisiei, Protas Jacek din clubul parlamentar PO \u0219i Wo\u017aniak Adam Grzegorz, din clubul parlamentar PiS, dar \u0219i pre\u0219edintele Subcomisiei permanente pentru politic\u0103 regional\u0103, Kwiecie\u0144 Anna din clubul parlamentar PO, Ryszard Wilczy\u0144ski din Clubul Parlamentar PO, Szczurek-\u017belazko J\u00f3zefa din Clubul Parlamentar PiS \u0219i secretarul senior al Comisiei, Jakubczak S\u0142awomir.<\/p>\n\n\n\n<p class=\"text-content-justify\">Reprezentan\u021bii celor patru structuri asociative ale administra\u021biei publice locale din Rom\u00e2nia au prezentat delega\u021biei poloneze modul \u00een care se desf\u0103\u0219oar\u0103 procedurile de consultare a acestora, dar \u0219i modul de cooperare \u00eentre membrii Parlamentului \u0219i cele patru structuri.<\/p>\n\n\n\n<p class=\"text-content-justify\">Polonia este un model din punct de vedere al atragerii de fonduri europene, av\u00e2nd unul dintre cele mai ridicate grade de absorb\u021bie a acestora din r\u00e2ndul \u021b\u0103rilor membre ale Uniunii Europene. Astfel, un alt subiect abordat \u00een cadrul vizitei a fost reprezentat de atragerea de fonduri europene \u00een parteneriat, cu at\u00e2t mai mult cu c\u00e2t leg\u0103turile dintre comunit\u0103\u021bile rom\u00e2ne \u0219i poloneze au o istorie de peste 20 de ani timp \u00een care au fost semnate 57 de acorduri de cooperare.<\/p>\n\n\n\n<p class=\"text-content-justify\">Comisia polonez\u0103 a explicat modul \u00een care s-a realizat reorganizarea administrativ-teritorial\u0103 \u0219i descentralizarea precum \u0219i cele mai importante aspecte ale implement\u0103rii politicii regionale \u00een Polonia, dar \u0219i reglementarea \u0219i furnizarea serviciilor publice la nivel local \u0219i regional.<\/p>\n\n\n\n<p class=\"text-content-justify\">Evenimentul a fost un bun prilej pentru a extrage modele de bune practici at\u00e2t de partea polonez\u0103 c\u00e2t \u0219i cea rom\u00e2n\u0103, eviden\u021biindu-se dorin\u021ba de a continua schimbul de experien\u021be. Mai mult, \u00eent\u00e2lnirea a reconfirmat buna rela\u021bie bilateral\u0103 existent\u0103 \u00eentre Rom\u00e2nia \u0219i Polonia, precum \u0219i rolul important al dialogului \u00eentre structurile asociative ale Rom\u00e2niei \u0219i Comisia polonez\u0103 pentru sus\u021binerea obiectivelor comune.<\/p>\n\n\n\n<figure class=\"wp-block-gallery has-nested-images columns-default is-cropped wp-block-gallery-1 is-layout-flex wp-block-gallery-is-layout-flex\">\n<figure class=\"wp-block-image size-large\"><img loading=\"lazy\" decoding=\"async\" width=\"1024\" height=\"768\" data-id=\"4446\" src=\"https:\/\/uncjr.ro\/web\/wp-content\/uploads\/2023\/02\/image00002-1024x768.jpeg\" alt=\"\" class=\"wp-image-4446\" srcset=\"https:\/\/uncjr.ro\/web\/wp-content\/uploads\/2023\/02\/image00002-980x735.jpeg 980w, https:\/\/uncjr.ro\/web\/wp-content\/uploads\/2023\/02\/image00002-480x360.jpeg 480w\" sizes=\"(min-width: 0px) and (max-width: 480px) 480px, (min-width: 481px) and (max-width: 980px) 980px, (min-width: 981px) 1024px, 100vw\" \/><\/figure>\n\n\n\n<figure class=\"wp-block-image size-large\"><img loading=\"lazy\" decoding=\"async\" width=\"768\" height=\"1024\" data-id=\"4444\" src=\"https:\/\/uncjr.ro\/web\/wp-content\/uploads\/2023\/02\/image00004-1-768x1024.jpeg\" alt=\"\" class=\"wp-image-4444\"\/><\/figure>\n\n\n\n<figure class=\"wp-block-image size-large\"><img loading=\"lazy\" decoding=\"async\" width=\"1024\" height=\"768\" data-id=\"4443\" src=\"https:\/\/uncjr.ro\/web\/wp-content\/uploads\/2023\/02\/image00003-1024x768.jpeg\" alt=\"\" class=\"wp-image-4443\" srcset=\"https:\/\/uncjr.ro\/web\/wp-content\/uploads\/2023\/02\/image00003-980x735.jpeg 980w, https:\/\/uncjr.ro\/web\/wp-content\/uploads\/2023\/02\/image00003-480x360.jpeg 480w\" sizes=\"(min-width: 0px) and (max-width: 480px) 480px, (min-width: 481px) and (max-width: 980px) 980px, (min-width: 981px) 1024px, 100vw\" \/><\/figure>\n\n\n\n<figure class=\"wp-block-image size-large\"><img loading=\"lazy\" decoding=\"async\" width=\"1024\" height=\"768\" data-id=\"4445\" src=\"https:\/\/uncjr.ro\/web\/wp-content\/uploads\/2023\/02\/image00001-1024x768.jpeg\" alt=\"\" class=\"wp-image-4445\" srcset=\"https:\/\/uncjr.ro\/web\/wp-content\/uploads\/2023\/02\/image00001-980x735.jpeg 980w, https:\/\/uncjr.ro\/web\/wp-content\/uploads\/2023\/02\/image00001-480x360.jpeg 480w\" sizes=\"(min-width: 0px) and (max-width: 480px) 480px, (min-width: 481px) and (max-width: 980px) 980px, (min-width: 981px) 1024px, 100vw\" \/><\/figure>\n<\/figure>\n","protected":false},"excerpt":{"rendered":"<p>Uniunea Na\u021bional\u0103 a Consiliilor Jude\u021bene din Rom\u00e2nia (UNCJR) a fost gazda \u00eent\u00e2lnirii structurilor asociative cu Comisia pentru guvernare local\u0103 \u0219i politic\u0103 regional\u0103 din Seimul Republicii Poloneze la invita\u021bia Comisiei pentru administra\u021bie public\u0103 \u0219i amenajarea teritoriului din Camera Deputa\u021bilor condus\u0103 de Simona-Bucura Oprescu, deputat. Evenimentul a avut loc miercuri, 23 februarie 2023 la sediul UNCJR unde [&hellip;]<\/p>\n","protected":false},"author":2,"featured_media":4442,"comment_status":"closed","ping_status":"closed","sticky":false,"template":"","format":"standard","meta":{"_et_pb_use_builder":"","_et_pb_old_content":"","_et_gb_content_width":"","footnotes":""},"categories":[14,5],"tags":[],"class_list":["post-4441","post","type-post","status-publish","format-standard","has-post-thumbnail","hentry","category-evenimente","category-noutati"],"_links":{"self":[{"href":"https:\/\/uncjr.ro\/web\/wp-json\/wp\/v2\/posts\/4441","targetHints":{"allow":["GET"]}}],"collection":[{"href":"https:\/\/uncjr.ro\/web\/wp-json\/wp\/v2\/posts"}],"about":[{"href":"https:\/\/uncjr.ro\/web\/wp-json\/wp\/v2\/types\/post"}],"author":[{"embeddable":true,"href":"https:\/\/uncjr.ro\/web\/wp-json\/wp\/v2\/users\/2"}],"replies":[{"embeddable":true,"href":"https:\/\/uncjr.ro\/web\/wp-json\/wp\/v2\/comments?post=4441"}],"version-history":[{"count":2,"href":"https:\/\/uncjr.ro\/web\/wp-json\/wp\/v2\/posts\/4441\/revisions"}],"predecessor-version":[{"id":4497,"href":"https:\/\/uncjr.ro\/web\/wp-json\/wp\/v2\/posts\/4441\/revisions\/4497"}],"wp:featuredmedia":[{"embeddable":true,"href":"https:\/\/uncjr.ro\/web\/wp-json\/wp\/v2\/media\/4442"}],"wp:attachment":[{"href":"https:\/\/uncjr.ro\/web\/wp-json\/wp\/v2\/media?parent=4441"}],"wp:term":[{"taxonomy":"category","embeddable":true,"href":"https:\/\/uncjr.ro\/web\/wp-json\/wp\/v2\/categories?post=4441"},{"taxonomy":"post_tag","embeddable":true,"href":"https:\/\/uncjr.ro\/web\/wp-json\/wp\/v2\/tags?post=4441"}],"curies":[{"name":"wp","href":"https:\/\/api.w.org\/{rel}","templated":true}]}}