{"id":4398,"date":"2023-02-08T14:21:11","date_gmt":"2023-02-08T12:21:11","guid":{"rendered":"https:\/\/uncjr.ro\/web\/?p=4398"},"modified":"2025-01-27T15:43:41","modified_gmt":"2025-01-27T13:43:41","slug":"cerere-de-candidaturi-pentru-asistenta-tehnica-regiuni-eligibile-pentru-fondul-european-pentru-o-tranzitie-justa","status":"publish","type":"post","link":"https:\/\/uncjr.ro\/web\/cerere-de-candidaturi-pentru-asistenta-tehnica-regiuni-eligibile-pentru-fondul-european-pentru-o-tranzitie-justa\/","title":{"rendered":"Cerere de candidaturi pentru asisten\u021b\u0103 tehnic\u0103 &#8211; regiuni eligibile pentru Fondul european pentru o Tranzi\u021bie Just\u0103"},"content":{"rendered":"\n<p class=\"text-content-justify\">La 6 februarie 2023,<strong>&nbsp;Platforma european\u0103 pentru o tranzi\u021bie just\u0103 (JTP) a lansat&nbsp;<u>o cerere de candidaturi pentru asisten\u021b\u0103 tehnic\u0103 direc\u021bionat\u0103<\/u>&nbsp;intitulat\u0103 \u201eJTP GROUNDWORK\u201d. Prin aceast\u0103 ini\u0163iativ\u0103, se va acorda sprijin regiunilor eligibile ale \u201eFondului pentru Tranzi\u021bie Just\u0103\u201d (JTF) \u00een implementarea Planurilor Teritoriale de Tranzi\u021bie Just\u0103 (TJTP).<\/strong><strong><\/strong><\/p>\n\n\n\n<p class=\"text-content-justify\">Aplica\u0163ia este deschis\u0103 p\u00e2n\u0103 la 28 februarie 2023.<\/p>\n\n\n\n<p>Exemple de servicii care ar putea fi oferite de c\u0103tre asisten\u0163a tehnic\u0103:<\/p>\n\n\n\n<ul class=\"wp-block-list\">\n<li class=\"text-content-justify\">identificarea \u0219i dezvoltarea proiectelor,<\/li>\n\n\n\n<li>consolidarea capacit\u0103\u021bilor administra\u021biilor regionale \u0219i locale \u0219i a altor p\u0103r\u021bi interesate-cheie,<\/li>\n\n\n\n<li>sprijin pentru mecanisme de guvernan\u021b\u0103 transparente, incluzive \u0219i eficiente pentru implementarea TJTP,<\/li>\n\n\n\n<li>implicarea \u0219i mobilizarea p\u0103r\u021bilor interesate,<\/li>\n\n\n\n<li>campanii de con\u0219tientizare \u0219i strategii de comunicare,<\/li>\n\n\n\n<li>sprijin pentru implicare \u00een cooperarea transfrontalier\u0103 cu alte regiuni JTF.<\/li>\n<\/ul>\n\n\n\n<p class=\"text-content-justify\">Toate informa\u0163iile necesare depunerii unei candidaturi sunt disponibile pe pagina oficial\u0103 a cererii:&nbsp;<a href=\"https:\/\/ec.europa.eu\/regional_policy\/whats-new\/newsroom\/02-06-2023-apply-for-just-transition-platform-groundwork-new-technical-assistance-for-just-transition-fund-regions_en\" target=\"_blank\" rel=\"noreferrer noopener\">https:\/\/ec.europa.eu\/regional_policy\/whats-new\/newsroom\/02-06-2023-apply-for-just-transition-platform-groundwork-new-technical-assistance-for-just-transition-fund-regions_en<\/a><\/p>\n","protected":false},"excerpt":{"rendered":"<p>La 6 februarie 2023,&nbsp;Platforma european\u0103 pentru o tranzi\u021bie just\u0103 (JTP) a lansat&nbsp;o cerere de candidaturi pentru asisten\u021b\u0103 tehnic\u0103 direc\u021bionat\u0103&nbsp;intitulat\u0103 \u201eJTP GROUNDWORK\u201d. Prin aceast\u0103 ini\u0163iativ\u0103, se va acorda sprijin regiunilor eligibile ale \u201eFondului pentru Tranzi\u021bie Just\u0103\u201d (JTF) \u00een implementarea Planurilor Teritoriale de Tranzi\u021bie Just\u0103 (TJTP). Aplica\u0163ia este deschis\u0103 p\u00e2n\u0103 la 28 februarie 2023. Exemple de servicii [&hellip;]<\/p>\n","protected":false},"author":2,"featured_media":4399,"comment_status":"closed","ping_status":"closed","sticky":false,"template":"","format":"standard","meta":{"_et_pb_use_builder":"","_et_pb_old_content":"","_et_gb_content_width":"","footnotes":""},"categories":[24,5,19],"tags":[],"class_list":["post-4398","post","type-post","status-publish","format-standard","has-post-thumbnail","hentry","category-anunturi","category-noutati","category-oportunitati-finantare-internationala"],"_links":{"self":[{"href":"https:\/\/uncjr.ro\/web\/wp-json\/wp\/v2\/posts\/4398","targetHints":{"allow":["GET"]}}],"collection":[{"href":"https:\/\/uncjr.ro\/web\/wp-json\/wp\/v2\/posts"}],"about":[{"href":"https:\/\/uncjr.ro\/web\/wp-json\/wp\/v2\/types\/post"}],"author":[{"embeddable":true,"href":"https:\/\/uncjr.ro\/web\/wp-json\/wp\/v2\/users\/2"}],"replies":[{"embeddable":true,"href":"https:\/\/uncjr.ro\/web\/wp-json\/wp\/v2\/comments?post=4398"}],"version-history":[{"count":1,"href":"https:\/\/uncjr.ro\/web\/wp-json\/wp\/v2\/posts\/4398\/revisions"}],"predecessor-version":[{"id":4400,"href":"https:\/\/uncjr.ro\/web\/wp-json\/wp\/v2\/posts\/4398\/revisions\/4400"}],"wp:featuredmedia":[{"embeddable":true,"href":"https:\/\/uncjr.ro\/web\/wp-json\/wp\/v2\/media\/4399"}],"wp:attachment":[{"href":"https:\/\/uncjr.ro\/web\/wp-json\/wp\/v2\/media?parent=4398"}],"wp:term":[{"taxonomy":"category","embeddable":true,"href":"https:\/\/uncjr.ro\/web\/wp-json\/wp\/v2\/categories?post=4398"},{"taxonomy":"post_tag","embeddable":true,"href":"https:\/\/uncjr.ro\/web\/wp-json\/wp\/v2\/tags?post=4398"}],"curies":[{"name":"wp","href":"https:\/\/api.w.org\/{rel}","templated":true}]}}