{"id":4378,"date":"2023-01-31T16:18:48","date_gmt":"2023-01-31T14:18:48","guid":{"rendered":"https:\/\/uncjr.ro\/web\/?p=4378"},"modified":"2025-01-27T15:43:42","modified_gmt":"2025-01-27T13:43:42","slug":"finantare-a-fondului-european-pentru-azil-migratie-si-integrare","status":"publish","type":"post","link":"https:\/\/uncjr.ro\/web\/finantare-a-fondului-european-pentru-azil-migratie-si-integrare\/","title":{"rendered":"Finan\u021bare a Fondului european pentru azil, migra\u021bie \u0219i integrare"},"content":{"rendered":"\n<p class=\"text-content-justify\"><strong>Comisia European\u0103, prin Direc\u021bia general\u0103 pentru Migra\u021bie \u015fi Afaceri Interne (DG Home), a deschis o finan\u021bare prin Fondul pentru Azil, Migra\u021bie \u015fi Integrare (AFIM).<\/strong><\/p>\n\n\n\n<p class=\"text-content-justify\">Apelul este lansat \u00een conformitate cu&nbsp;<a rel=\"noreferrer noopener\" href=\"https:\/\/home-affairs.ec.europa.eu\/system\/files\/2022-12\/AMIF-Work%20Programme%202023-2025_en.pdf\" target=\"_blank\">Programul de lucru 2023-2025<\/a> al Comisiei privind migra\u021bia, azilul \u015fi integrarea \u015fi \u00een concordan\u021b\u0103 cu&nbsp;<a rel=\"noreferrer noopener\" href=\"https:\/\/ec.europa.eu\/commission\/presscorner\/detail\/ro\/ip_20_2178\" target=\"_blank\">Planul de ac\u021biune privind integrarea \u015fi incluziunea 2021-2027<\/a>, fiind constituit din cinci tematici pentru care se poate aplica pentru ob\u021binerea unei finan\u021b\u0103ri&nbsp;:<\/p>\n\n\n\n<ol class=\"wp-block-list\" type=\"1\" start=\"1\">\n<li class=\"text-content-justify\">promovarea programelor de sponsorizare comunitar\u0103 \u0219i integrarea persoanelor care au nevoie de protec\u021bie interna\u021bional\u0103 (8.000.000 EUR);&nbsp;<\/li>\n\n\n\n<li>integrarea \u0219i incluziunea la nivel regional \u0219i local (8.000.000 EUR);&nbsp;<\/li>\n\n\n\n<li>sprijin pentru integrarea \u00een educa\u021bie a copiilor migran\u021bi \u0219i a adul\u021bilor tineri (6.000.000 EUR);&nbsp;<\/li>\n\n\n\n<li>ini\u021biative multipartite pentru integrarea migran\u021bilor pe pia\u021ba for\u021bei de munc\u0103 (6.000.000 EUR);&nbsp;<\/li>\n\n\n\n<li>ac\u021biuni transna\u021bionale de sprijinire a statelor membre \u00een domeniul protec\u021biei copiilor migran\u021bi (6.000.000 EUR).<\/li>\n<\/ol>\n\n\n\n<p class=\"text-content-justify\">Solicitan\u021bii sunt invita\u021bi s\u0103 consulte setul de instrumente privind utilizarea fondurilor UE pentru integrare \u00een perioada 2021-20277 pe care Comisia European\u0103 l-a publicat \u00een noiembrie 2021. Acesta ofer\u0103 informa\u021bii practice pentru a ajuta toate p\u0103r\u021bile interesate relevante de la nivel european, na\u021bional, regional \u0219i local s\u0103 conceap\u0103 m\u0103suri eficiente de integrare \u00een temeiul noilor programe de finan\u021bare ale UE (AMIF, Fondul Social European+, Fondul European de Dezvoltare Regional\u0103).<\/p>\n\n\n\n<p class=\"text-content-justify\"><strong>Bugetul alocat: <\/strong>40.000.000 EUR&nbsp;; cofinan\u021bare de maximum 90% din totalul costurilor eligibile.<\/p>\n\n\n\n<p class=\"text-content-justify\"><strong>Termenul-limit\u0103<\/strong> pentru depunerea aplica\u021biilor:&nbsp;<strong>16 mai 2023<\/strong>; implementarea proiectelor va demara la \u00eenceputul anului 2024.<\/p>\n\n\n\n<p class=\"text-content-justify\"><strong>Eligibilitate<\/strong>: entit\u0103\u021bi non-profit de orice tip din statele membre participante la AMIF (statele membre ale UE, cu excep\u021bia Danemarcei, \u021b\u0103ri ter\u021be care semneaz\u0103 un acord de cooperare) \u015fi organiza\u021bii interna\u021bionale. Entit\u0103\u021bile orientate spre profit pot participa doar ca partener \u00eentr-un consor\u021biu (detalii \u00een textul oficial al cererii, pag. 34).<\/p>\n\n\n\n<p class=\"text-content-justify\"><strong>Durata implement\u0103rii: <\/strong>30 sau 36 de luni, \u00een func\u021bie de tematica aleas\u0103.<\/p>\n\n\n\n<p class=\"text-content-justify\">Baza legal\u0103 a acestei cereri pentru propuneri de proiecte:<\/p>\n\n\n\n<p class=\"text-content-justify\"><a rel=\"noreferrer noopener\" href=\"https:\/\/eur-lex.europa.eu\/legal-content\/RO\/TXT\/HTML\/?uri=CELEX:32018R1046&amp;from=EN\" target=\"_blank\">Regulamentul financiar comun (UE) 1046\/2018<\/a>&nbsp;\u015fi<\/p>\n\n\n\n<p class=\"text-content-justify\"><a rel=\"noreferrer noopener\" href=\"https:\/\/eur-lex.europa.eu\/legal-content\/RO\/TXT\/HTML\/?uri=CELEX:32021R1147&amp;from=EN\" target=\"_blank\">Regulamentul (UE) 2021\/1147<\/a>&nbsp;al Parlamentului European \u015fi al Consiliului de instituire a Fondului pentru azil, migra\u021bie \u0219i integrare.<\/p>\n\n\n\n<p class=\"text-content-justify\">Contact pentru detalii, Comisia European\u0103:&nbsp;<a rel=\"noreferrer noopener\" href=\"mailto:home-amif-union-actions@ec.europa.eu\" target=\"_blank\">home-amif-union-actions@ec.europa.eu<\/a><\/p>\n","protected":false},"excerpt":{"rendered":"<p>Comisia European\u0103, prin Direc\u021bia general\u0103 pentru Migra\u021bie \u015fi Afaceri Interne (DG Home), a deschis o finan\u021bare prin Fondul pentru Azil, Migra\u021bie \u015fi Integrare (AFIM). Apelul este lansat \u00een conformitate cu&nbsp;Programul de lucru 2023-2025 al Comisiei privind migra\u021bia, azilul \u015fi integrarea \u015fi \u00een concordan\u021b\u0103 cu&nbsp;Planul de ac\u021biune privind integrarea \u015fi incluziunea 2021-2027, fiind constituit din cinci [&hellip;]<\/p>\n","protected":false},"author":2,"featured_media":4379,"comment_status":"closed","ping_status":"closed","sticky":false,"template":"","format":"standard","meta":{"_et_pb_use_builder":"","_et_pb_old_content":"","_et_gb_content_width":"","footnotes":""},"categories":[4,5,19],"tags":[],"class_list":["post-4378","post","type-post","status-publish","format-standard","has-post-thumbnail","hentry","category-agenda","category-noutati","category-oportunitati-finantare-internationala"],"_links":{"self":[{"href":"https:\/\/uncjr.ro\/web\/wp-json\/wp\/v2\/posts\/4378","targetHints":{"allow":["GET"]}}],"collection":[{"href":"https:\/\/uncjr.ro\/web\/wp-json\/wp\/v2\/posts"}],"about":[{"href":"https:\/\/uncjr.ro\/web\/wp-json\/wp\/v2\/types\/post"}],"author":[{"embeddable":true,"href":"https:\/\/uncjr.ro\/web\/wp-json\/wp\/v2\/users\/2"}],"replies":[{"embeddable":true,"href":"https:\/\/uncjr.ro\/web\/wp-json\/wp\/v2\/comments?post=4378"}],"version-history":[{"count":2,"href":"https:\/\/uncjr.ro\/web\/wp-json\/wp\/v2\/posts\/4378\/revisions"}],"predecessor-version":[{"id":4381,"href":"https:\/\/uncjr.ro\/web\/wp-json\/wp\/v2\/posts\/4378\/revisions\/4381"}],"wp:featuredmedia":[{"embeddable":true,"href":"https:\/\/uncjr.ro\/web\/wp-json\/wp\/v2\/media\/4379"}],"wp:attachment":[{"href":"https:\/\/uncjr.ro\/web\/wp-json\/wp\/v2\/media?parent=4378"}],"wp:term":[{"taxonomy":"category","embeddable":true,"href":"https:\/\/uncjr.ro\/web\/wp-json\/wp\/v2\/categories?post=4378"},{"taxonomy":"post_tag","embeddable":true,"href":"https:\/\/uncjr.ro\/web\/wp-json\/wp\/v2\/tags?post=4378"}],"curies":[{"name":"wp","href":"https:\/\/api.w.org\/{rel}","templated":true}]}}