{"id":4369,"date":"2023-01-25T14:26:52","date_gmt":"2023-01-25T12:26:52","guid":{"rendered":"https:\/\/uncjr.ro\/web\/?p=4369"},"modified":"2025-01-27T15:43:42","modified_gmt":"2025-01-27T13:43:42","slug":"zi-de-informare-privind-facilitatea-de-imprumut-pentru-sectorul-public","status":"publish","type":"post","link":"https:\/\/uncjr.ro\/web\/zi-de-informare-privind-facilitatea-de-imprumut-pentru-sectorul-public\/","title":{"rendered":"Zi de informare privind Facilitatea de \u00eemprumut pentru sectorul public"},"content":{"rendered":"\n<p><strong>La 9 februarie 2023, Agen\u021bia Executiv\u0103 pentru Clim\u0103, Infrastructur\u0103 \u0219i Mediu (CINEA) de la Bruxelles, \u00een colaborare cu Direc\u021bia General\u0103 Politic\u0103 Regional\u0103 \u0219i Urban\u0103 a Comisiei Europene (DG REGIO) \u0219i Banca European\u0103 de Investi\u021bii (BEI), va organiza&nbsp;<a rel=\"noreferrer noopener\" href=\"https:\/\/ec.europa.eu\/regional_policy\/whats-new\/newsroom\/20-01-2023-register-for-the-second-info-day-on-the-public-sector-loan-facility_en\" target=\"_blank\">o zi de informare<\/a><\/strong> <strong>privind \u201e<a rel=\"noreferrer noopener\" href=\"https:\/\/eur-lex.europa.eu\/legal-content\/RO\/TXT\/HTML\/?uri=CELEX:52020PC0453&amp;from=RO\" target=\"_blank\">Facilitatea de \u00eemprumut pentru sectorul public<\/a>\u201d<\/strong><strong>&nbsp;din cadrul \u201eMecanismului pentru tranzi\u021bie just\u0103\u201d.<\/strong><\/p>\n\n\n\n<p class=\"text-content-justify\">Entit\u0103\u0163ile interesate s\u0103 participe se pot \u00eenregistra pentru participare la acest webinar p\u00e2n\u0103 la 8 februarie (ora 13:00 \u00een Rom\u00e2nia) a.c. pe pagina:&nbsp;<a rel=\"noreferrer noopener\" href=\"https:\/\/ec.europa.eu\/eusurvey\/runner\/2023_JTM_Info_Day\" target=\"_blank\">https:\/\/ec.europa.eu\/eusurvey\/runner\/2023_JTM_Info_Day<\/a>&nbsp;.<\/p>\n\n\n\n<p class=\"text-content-justify\">Facilitatea de \u00eemprumut pentru sectorul public este unul dintre cei trei piloni ai Mecanismului, care face parte din Pactul ecologic european pentru a atinge neutralitatea climatic\u0103 a UE p\u00e2n\u0103 \u00een 2050. Facilitatea va oferi sprijin proiectelor entit\u0103\u021bilor din sectorul public. Pentru a fi eligibile, proiectele trebuie s\u0103 fie localizate sau s\u0103 beneficieze de teritorii pe care statele membre le-au identificat \u00een planurile lor teritoriale de tranzi\u021bie echitabil\u0103 ca fiind confruntate cu cele mai mari provoc\u0103ri pentru a se \u00eendep\u0103rta de combustibilii fosili \u0219i industriile cu consum intens de carbon.<strong><\/strong><\/p>\n\n\n\n<p class=\"text-content-justify\">Orice entitate din sectorul public care dore\u0219te s\u0103 finan\u021beze un proiect situat \u00eentr-un teritoriu eligibil pentru tranzi\u021bia just\u0103 sau care beneficiaz\u0103 de acesta poate depune o propunere prin apelul de propuneri publicat la 19 iulie 2022 (termenul-limit\u0103 pentru aplica\u0163ii: 19 aprilie 2023). <\/p>\n","protected":false},"excerpt":{"rendered":"<p>La 9 februarie 2023, Agen\u021bia Executiv\u0103 pentru Clim\u0103, Infrastructur\u0103 \u0219i Mediu (CINEA) de la Bruxelles, \u00een colaborare cu Direc\u021bia General\u0103 Politic\u0103 Regional\u0103 \u0219i Urban\u0103 a Comisiei Europene (DG REGIO) \u0219i Banca European\u0103 de Investi\u021bii (BEI), va organiza&nbsp;o zi de informare privind \u201eFacilitatea de \u00eemprumut pentru sectorul public\u201d&nbsp;din cadrul \u201eMecanismului pentru tranzi\u021bie just\u0103\u201d. Entit\u0103\u0163ile interesate s\u0103 [&hellip;]<\/p>\n","protected":false},"author":2,"featured_media":4371,"comment_status":"closed","ping_status":"closed","sticky":false,"template":"","format":"standard","meta":{"_et_pb_use_builder":"","_et_pb_old_content":"","_et_gb_content_width":"","footnotes":""},"categories":[4,5,19],"tags":[],"class_list":["post-4369","post","type-post","status-publish","format-standard","has-post-thumbnail","hentry","category-agenda","category-noutati","category-oportunitati-finantare-internationala"],"_links":{"self":[{"href":"https:\/\/uncjr.ro\/web\/wp-json\/wp\/v2\/posts\/4369","targetHints":{"allow":["GET"]}}],"collection":[{"href":"https:\/\/uncjr.ro\/web\/wp-json\/wp\/v2\/posts"}],"about":[{"href":"https:\/\/uncjr.ro\/web\/wp-json\/wp\/v2\/types\/post"}],"author":[{"embeddable":true,"href":"https:\/\/uncjr.ro\/web\/wp-json\/wp\/v2\/users\/2"}],"replies":[{"embeddable":true,"href":"https:\/\/uncjr.ro\/web\/wp-json\/wp\/v2\/comments?post=4369"}],"version-history":[{"count":2,"href":"https:\/\/uncjr.ro\/web\/wp-json\/wp\/v2\/posts\/4369\/revisions"}],"predecessor-version":[{"id":4373,"href":"https:\/\/uncjr.ro\/web\/wp-json\/wp\/v2\/posts\/4369\/revisions\/4373"}],"wp:featuredmedia":[{"embeddable":true,"href":"https:\/\/uncjr.ro\/web\/wp-json\/wp\/v2\/media\/4371"}],"wp:attachment":[{"href":"https:\/\/uncjr.ro\/web\/wp-json\/wp\/v2\/media?parent=4369"}],"wp:term":[{"taxonomy":"category","embeddable":true,"href":"https:\/\/uncjr.ro\/web\/wp-json\/wp\/v2\/categories?post=4369"},{"taxonomy":"post_tag","embeddable":true,"href":"https:\/\/uncjr.ro\/web\/wp-json\/wp\/v2\/tags?post=4369"}],"curies":[{"name":"wp","href":"https:\/\/api.w.org\/{rel}","templated":true}]}}