{"id":4366,"date":"2023-01-25T09:30:48","date_gmt":"2023-01-25T07:30:48","guid":{"rendered":"https:\/\/uncjr.ro\/web\/?p=4366"},"modified":"2025-01-27T15:43:42","modified_gmt":"2025-01-27T13:43:42","slug":"turneul-de-inovare-sociala-2023-idei-care-schimba-lumea","status":"publish","type":"post","link":"https:\/\/uncjr.ro\/web\/turneul-de-inovare-sociala-2023-idei-care-schimba-lumea\/","title":{"rendered":"Turneul de inovare social\u0103 2023 \u2014 Idei care schimb\u0103 lumea"},"content":{"rendered":"\n<p class=\"text-content-justify\">Cerere de propuneri de candidaturi a Institutului B\u0103ncii Europene de Investi\u0163ii (BEI). Institutul BEI organizeaz\u0103 cea de-a 12-a edi\u021bie a ini\u0163iativei \u201e<a rel=\"noreferrer noopener\" href=\"https:\/\/institute.eib.org\/social-innovation-tournament-2\/\" target=\"_blank\">Turneului de inovare social\u0103<\/a>\u201d (\u201e<em>Social Innovation Tournament<\/em>\u201d &#8211; SIT), demers care\u00a0recunoa\u0219te \u0219i sprijin\u0103 cei mai buni antreprenori europeni de impact, promoveaz\u0103 idei inovatoare \u0219i recompenseaz\u0103 ini\u021biativele care contribuie la crearea unui impact social, etic \u0219i\/sau de mediu.<\/p>\n\n\n\n<p class=\"text-content-justify\">De obicei, acesta acoper\u0103 proiecte \u00een domeniile educa\u021biei, asisten\u021bei medicale, mediului, economiei circulare, schimb\u0103rilor climatice, ora\u0219elor sustenabile, economiei albastre \u0219i verzi, incluziunii, cre\u0103rii de locuri de munc\u0103, \u00eemb\u0103tr\u00e2nirii \u0219i multe altele.<\/p>\n\n\n\n<p class=\"text-content-justify\">\u00cen acest an, acordarea premiilor va avea la Stockholm, \u00een perioada 27-28 septembrie 2023.<\/p>\n\n\n\n<p class=\"text-content-justify\">Toate proiectele concureaz\u0103 pentru dou\u0103 premii la&nbsp;categoria general\u0103, iar proiectele care abordeaz\u0103 tema din acest an,&nbsp;<strong>ora\u0219e \u0219i comunit\u0103\u021bi durabile<\/strong>, vor concura, de asemenea, pentru dou\u0103 premii la&nbsp;categoria special\u0103. Proiectele c\u00e2\u0219tig\u0103toare din ambele categorii vor primi un premiu \u00eent\u00e2i sau un premiu al doilea \u00een valoare de 100.000 EUR sau 40.000 EUR.&nbsp;Exist\u0103 \u015fi un Premiu de popularitate \u00een valoare de 10.000 EUR.<\/p>\n\n\n\n<p class=\"text-content-justify\">Competi\u0163ia este organizat\u0103 \u00een dou\u0103 runde. Prima rund\u0103 permite tuturor celor interesa\u0163i s\u0103-\u015fi depun\u0103 aplica\u0163iile care vor fi evaluate de c\u0103tre un juriu de exper\u0163i \u00een domeniu, at\u00e2t din mediul academic, c\u00e2t \u015fi de afaceri. \u00cen urma selec\u0163iei, 15 finali\u015fti i\u015fi vor prezenta ini\u0163iativele \u00een cadrul evenimentului final din Suedia.<\/p>\n\n\n\n<p>Finali\u015ftii tuturor edi\u0163iile SIT devin membri ai re\u0163elei \u201eSIT Alumni\u201d \u015fi beneficiaz\u0103 de numeroase oportunit\u0103\u0163i de formare \u0219i consolidare a capacit\u0103\u021bilor, cum ar fi <\/p>\n\n\n\n<ul class=\"wp-block-list\">\n<li>Programul\u00a0<a rel=\"noreferrer noopener\" href=\"https:\/\/institute.eib.org\/social-innovation-tournament-2\/scaling-for-impact-2\/\" target=\"_blank\">Scaling Impact Executive Programme<\/a>, un curs de formare cu norm\u0103 \u00eentreag\u0103, axat pe scalare, prezentare \u0219i implicare a investitorilor;<\/li>\n\n\n\n<li class=\"text-content-justify\"> acces la resurse umane \u0219i financiare (de exemplu, o re\u021bea de\u00a0<a rel=\"noreferrer noopener\" href=\"https:\/\/institute.eib.org\/sit-alumni\/resources\/eib-experts\/\" target=\"_blank\">exper\u021bi<\/a>) ai Grupului BEI \u0219i\u00a0<a rel=\"noreferrer noopener\" href=\"https:\/\/institute.eib.org\/2018\/12\/sitolarships-a-new-initiative-in-support-of-sit-alumni\/\" target=\"_blank\">burse SIT<\/a>, un program de granturi pentru inovare); <\/li>\n\n\n\n<li>recunoa\u0219tere \u0219i vizibilitate (de exemplu, interven\u0163ie\/participare la conferin\u021be din \u00eentreaga Europ\u0103 pentru a crea rela\u021bii cu investitori, filantropi \u0219i funda\u021bii care pot ajuta proiectul s\u0103 se extind\u0103).<\/li>\n<\/ul>\n\n\n\n<p class=\"text-content-justify\">\u00cen plus, pentru a explora sinergiile \u0219i complementarit\u0103\u021bile cu comunitatea \u00een cre\u0219tere a antreprenorilor sociali sus\u021binut\u0103 de Institut prin SIT, Institutul BEI sprijin\u0103 primul\u00a0<a rel=\"noreferrer noopener\" href=\"https:\/\/institute.eib.org\/whatwedo\/social\/social-incubator-iris-2\/\" target=\"_blank\">incubator social<\/a> din nordul Portugaliei.<\/p>\n\n\n\n<p class=\"text-content-justify\">Proiectele trebuie s\u0103 aibe dimensiune local\u0103, dar s\u0103 ofere solu\u0163ii care pot fi replicate, demonstr\u00e2ndu-se, astfel, poten\u0163ialul unui impact mare al rezultatelor.<\/p>\n\n\n\n<p class=\"text-content-justify\"><strong>Eligibilitate:<\/strong> orice persoan\u0103 sau echip\u0103 dintr-un stat membru al UE, \u0163ar\u0103 candidat\u0103 sau poten\u0163ial candidat\u0103 \u015fi \u0163ar\u0103 membr\u0103 a AELS (Asocia\u0163ia European\u0103 a Liberului Schimb) poate depune una sau mai multe propuneri.\u00a0Sunt vizate at\u00e2t entit\u0103\u0163ile non-profit, autorit\u0103\u0163ile locale, universit\u0103\u0163ile sau \u015fcolile, c\u00e2t \u015fi companiile, tinerii antreprenori sau \u00eentreprinderile sociale.<\/p>\n\n\n\n<p class=\"text-content-justify\">Aplica\u0163iile pot fi depuse doar \u00een limba englez\u0103, limba utilizat\u0103 de BEI pentru aceast\u0103 ini\u0163iativ\u0103.<\/p>\n\n\n\n<p class=\"text-content-justify\"><strong>Data limit\u0103 pentru depunerea aplica\u0163iilor: 23 februarie 2023<\/strong><\/p>\n\n\n\n<p class=\"text-content-justify\"><strong>O sesiune de informare online va fi organizat\u0103 la 9 februarie 2023.<\/strong><\/p>\n\n\n\n<p class=\"text-content-justify\">Contact&nbsp;direct pentru detalii:&nbsp;<a href=\"mailto:institute@eib.org\" target=\"_blank\" rel=\"noreferrer noopener\">institute@eib.org<\/a><\/p>\n","protected":false},"excerpt":{"rendered":"<p>Cerere de propuneri de candidaturi a Institutului B\u0103ncii Europene de Investi\u0163ii (BEI). Institutul BEI organizeaz\u0103 cea de-a 12-a edi\u021bie a ini\u0163iativei \u201eTurneului de inovare social\u0103\u201d (\u201eSocial Innovation Tournament\u201d &#8211; SIT), demers care\u00a0recunoa\u0219te \u0219i sprijin\u0103 cei mai buni antreprenori europeni de impact, promoveaz\u0103 idei inovatoare \u0219i recompenseaz\u0103 ini\u021biativele care contribuie la crearea unui impact social, etic [&hellip;]<\/p>\n","protected":false},"author":2,"featured_media":4367,"comment_status":"closed","ping_status":"closed","sticky":false,"template":"","format":"standard","meta":{"_et_pb_use_builder":"","_et_pb_old_content":"","_et_gb_content_width":"","footnotes":""},"categories":[4,5,19],"tags":[],"class_list":["post-4366","post","type-post","status-publish","format-standard","has-post-thumbnail","hentry","category-agenda","category-noutati","category-oportunitati-finantare-internationala"],"_links":{"self":[{"href":"https:\/\/uncjr.ro\/web\/wp-json\/wp\/v2\/posts\/4366","targetHints":{"allow":["GET"]}}],"collection":[{"href":"https:\/\/uncjr.ro\/web\/wp-json\/wp\/v2\/posts"}],"about":[{"href":"https:\/\/uncjr.ro\/web\/wp-json\/wp\/v2\/types\/post"}],"author":[{"embeddable":true,"href":"https:\/\/uncjr.ro\/web\/wp-json\/wp\/v2\/users\/2"}],"replies":[{"embeddable":true,"href":"https:\/\/uncjr.ro\/web\/wp-json\/wp\/v2\/comments?post=4366"}],"version-history":[{"count":2,"href":"https:\/\/uncjr.ro\/web\/wp-json\/wp\/v2\/posts\/4366\/revisions"}],"predecessor-version":[{"id":4492,"href":"https:\/\/uncjr.ro\/web\/wp-json\/wp\/v2\/posts\/4366\/revisions\/4492"}],"wp:featuredmedia":[{"embeddable":true,"href":"https:\/\/uncjr.ro\/web\/wp-json\/wp\/v2\/media\/4367"}],"wp:attachment":[{"href":"https:\/\/uncjr.ro\/web\/wp-json\/wp\/v2\/media?parent=4366"}],"wp:term":[{"taxonomy":"category","embeddable":true,"href":"https:\/\/uncjr.ro\/web\/wp-json\/wp\/v2\/categories?post=4366"},{"taxonomy":"post_tag","embeddable":true,"href":"https:\/\/uncjr.ro\/web\/wp-json\/wp\/v2\/tags?post=4366"}],"curies":[{"name":"wp","href":"https:\/\/api.w.org\/{rel}","templated":true}]}}