{"id":4341,"date":"2023-01-20T09:57:03","date_gmt":"2023-01-20T07:57:03","guid":{"rendered":"https:\/\/uncjr.ro\/web\/?p=4341"},"modified":"2025-01-27T15:43:59","modified_gmt":"2025-01-27T13:43:59","slug":"cererii-de-finantare-2023-a-programului-european-cerv-memorie-europeana","status":"publish","type":"post","link":"https:\/\/uncjr.ro\/web\/cererii-de-finantare-2023-a-programului-european-cerv-memorie-europeana\/","title":{"rendered":"Cereri de finan\u021bare 2023 a programului european CERV &#8211; Memorie European\u0103"},"content":{"rendered":"\n<p class=\"text-content-justify\"><strong>Agen\u0163ia Executiv\u0103 European\u0103 pentru Educa\u0163ie \u015fi Cultur\u0103 (EACEA) de la Bruxelles, prin mandate de gestiune primit de la Comisia European\u0103, a publicat la data de , 19 ianuarie a.c., textul oficial al cererii \u201e<\/strong><strong><a rel=\"noreferrer noopener\" href=\"https:\/\/ec.europa.eu\/info\/funding-tenders\/opportunities\/portal\/screen\/opportunities\/topic-details\/cerv-2023-citizens-rem;callCode=null;freeTextSearchKeyword=;matchWholeText=true;typeCodes=1,0;statusCodes=31094501,31094502,31094503;programmePeriod=2021%20-%202027;programCcm2Id=43251589;programDivisionCode=null;focusAreaCode=null;destinationGroup=null;missionGroup=null;geographicalZonesCode=null;programmeDivisionProspect=null;startDateLte=null;startDateGte=null;crossCuttingPriorityCode=null;cpvCode=null;performanceOfDelivery=null;sortQuery=sortStatus;orderBy=asc;onlyTenders=false;topicListKey=topicSearchTablePageState\" target=\"_blank\">Memorie european\u0103<\/a><\/strong><strong>\u201d 2023 din cadrul programului CERV \u2013 Cet\u0103\u0163eni, Egalitate, Drepturi \u015fi Valori 2021-2027.<\/strong><\/p>\n\n\n\n<p class=\"text-content-justify\"><strong>Bugetul total al cererii:<\/strong>&nbsp;10.200.000 EUR<\/p>\n\n\n\n<p><strong>Referin\u0163a cererii:<\/strong> CERV-2023-CITIZENS-REM<\/p>\n\n\n\n<p class=\"text-content-justify\"><strong>Obiective:<\/strong><\/p>\n\n\n\n<p class=\"text-content-justify\">Finan\u0163area vizeaz\u0103 sprijinirea proiectelor care vizeaz\u0103 comemorarea evenimentelor definitorii din istoria modern\u0103 a Europei, inclusiv cauzele \u0219i consecin\u021bele regimurilor autoritare \u0219i totalitare, precum \u0219i cre\u0219terea gradului de con\u0219tientizare \u00een r\u00e2ndul cet\u0103\u021benilor europeni cu privire la istoria, cultura, mo\u0219tenirea cultural\u0103 \u0219i valorile lor comune, \u00eembun\u0103t\u0103\u021bind astfel \u00een\u021belegerea lor asupra Uniunii, originile, scopul, diversitatea \u0219i realiz\u0103rile sale, precum \u0219i importan\u021ba \u00een\u021belegerii reciproce \u0219i a toleran\u021bei.<\/p>\n\n\n\n<p class=\"text-content-justify\"><strong>Priorit\u0103\u0163i pentru 2023:<\/strong><\/p>\n\n\n\n<ul class=\"wp-block-list\">\n<li> Tranzi\u021bia democratic\u0103, (re)construirea \u0219i consolidarea societ\u0103\u021bii bazate pe statul de drept, democra\u021bia \u0219i drepturile fundamentale;<\/li>\n\n\n\n<li class=\"text-content-justify\"> Consolidarea amintirii Holocaustului, a genocidului, a crimelor de r\u0103zboi \u0219i a crimelor \u00eempotriva umanit\u0103\u021bii pentru a consolida democra\u021bia \u00een UE;<\/li>\n\n\n\n<li> Migra\u021bie, decolonizare \u0219i societ\u0103\u021bi europene multiculturale;<\/li>\n\n\n\n<li>Integrarea european\u0103 \u0219i realiz\u0103rile ei definitorii.<\/li>\n<\/ul>\n\n\n\n<p class=\"text-content-justify\">Propunerile trebuie depuse de un consor\u021biu format din cel pu\u021bin doi solicitan\u021bi (solicitantul principal \u0219i cel pu\u021bin un co-solicitant, acesta nefiind entitate afiliat\u0103 sau partener asociat) \u015fi s\u0103 respecte interesele \u0219i priorit\u0103\u021bile politicii UE (cum ar fi politica de mediu, social\u0103, de securitate, industrial\u0103 \u0219i comercial\u0103 etc.).&nbsp;Proiectele ar trebui s\u0103 ia \u00een considerare rezultatele unor ac\u0163iuni sprijinite de alte programe de finan\u021bare ale UE.&nbsp;Complementarit\u0103\u021bile trebuie descrise \u00een propunere.<\/p>\n\n\n\n<p class=\"text-content-justify\"><strong>Durata implement\u0103rii:<\/strong> \u00eentre 12 \u0219i 24 de luni. Proiectele pot fi na\u021bionale sau transna\u021bionale.<\/p>\n\n\n\n<p class=\"text-content-justify\"><strong>Termenul-limit\u0103<\/strong> pentru depunerea aplica\u0163iilor:&nbsp;<strong>6 iunie 2023<\/strong>;&nbsp;sistemul de aplicare va fi deschis pe 16 februarie, publicarea cererii permi\u0163\u00e2nd p\u0103r\u0163ilor interesate s\u0103 demareze deja preg\u0103tirea unei propuneri de proiect.<\/p>\n\n\n\n<p class=\"text-content-justify\"><strong>Eligibilitate<\/strong>: solicitan\u021bii (beneficiarii \u0219i entit\u0103\u021bile afiliate) trebuie s\u0103 fie organiza\u021bii non-profit, publice sau private, sau organiza\u0163ii interna\u0163ionale din statele membre ale UE \u015fi \u0163\u0103rile participante la CERV. Pentru moment, \u015fi-au manifestat interesul pentru participare \u0163\u0103rile candidate \u015fi poten\u0163ial candidate, dar \u015fi cele pe cale de aderare: Albania, Bosnia \u015fi Her\u0163egovina,&nbsp;&nbsp; Kosovo, Muntenegru, Serbia, Ucraina.<\/p>\n\n\n\n<p class=\"text-content-justify\">Pot fi finan\u0163ate urm\u0103toarele tipuri de evenimente sau ac\u0163iuni:&nbsp;conferin\u021be, workshop-uri, form\u0103ri, seminarii, dezbateri, webinarii,&nbsp;expozi\u021bii, proiec\u021bii\/realiz\u0103ri de filme, campanii, sondaje, cercet\u0103ri, flashmob-uri etc.<\/p>\n\n\n\n<p class=\"text-content-justify\">Pentru \u00eentreb\u0103ri individuale despre sistemul de depunere a aplica\u0163iilor, pute\u021bi contacta&nbsp;<a rel=\"noreferrer noopener\" href=\"https:\/\/ec.europa.eu\/info\/funding-tenders\/opportunities\/portal\/screen\/support\/helpdesks\/contact-form\" target=\"_blank\">biroul de asisten\u021b\u0103 IT<\/a>&nbsp;al Comisiei Europene.&nbsp;\u00centreb\u0103rile care nu sunt legate de IT trebuie trimise la urm\u0103toarea adres\u0103 de e-mail:&nbsp;<a rel=\"noreferrer noopener\" href=\"mailto:EACEA-CERV@ec.europa.eu\" target=\"_blank\">EACEA-CERV@ec.europa.eu<\/a>&nbsp;sau la&nbsp;<a rel=\"noreferrer noopener\" href=\"https:\/\/commission.europa.eu\/system\/files\/2022-10\/cerv_contact_points_04_october_2022_2.pdf\" target=\"_blank\">Punctul na\u0163ional de contact CERV<\/a>.<\/p>\n","protected":false},"excerpt":{"rendered":"<p>Agen\u0163ia Executiv\u0103 European\u0103 pentru Educa\u0163ie \u015fi Cultur\u0103 (EACEA) de la Bruxelles, prin mandate de gestiune primit de la Comisia European\u0103, a publicat la data de , 19 ianuarie a.c., textul oficial al cererii \u201eMemorie european\u0103\u201d 2023 din cadrul programului CERV \u2013 Cet\u0103\u0163eni, Egalitate, Drepturi \u015fi Valori 2021-2027. Bugetul total al cererii:&nbsp;10.200.000 EUR Referin\u0163a cererii: CERV-2023-CITIZENS-REM [&hellip;]<\/p>\n","protected":false},"author":2,"featured_media":4346,"comment_status":"closed","ping_status":"closed","sticky":false,"template":"","format":"standard","meta":{"_et_pb_use_builder":"","_et_pb_old_content":"","_et_gb_content_width":"","footnotes":""},"categories":[4,5,19],"tags":[],"class_list":["post-4341","post","type-post","status-publish","format-standard","has-post-thumbnail","hentry","category-agenda","category-noutati","category-oportunitati-finantare-internationala"],"_links":{"self":[{"href":"https:\/\/uncjr.ro\/web\/wp-json\/wp\/v2\/posts\/4341","targetHints":{"allow":["GET"]}}],"collection":[{"href":"https:\/\/uncjr.ro\/web\/wp-json\/wp\/v2\/posts"}],"about":[{"href":"https:\/\/uncjr.ro\/web\/wp-json\/wp\/v2\/types\/post"}],"author":[{"embeddable":true,"href":"https:\/\/uncjr.ro\/web\/wp-json\/wp\/v2\/users\/2"}],"replies":[{"embeddable":true,"href":"https:\/\/uncjr.ro\/web\/wp-json\/wp\/v2\/comments?post=4341"}],"version-history":[{"count":2,"href":"https:\/\/uncjr.ro\/web\/wp-json\/wp\/v2\/posts\/4341\/revisions"}],"predecessor-version":[{"id":4345,"href":"https:\/\/uncjr.ro\/web\/wp-json\/wp\/v2\/posts\/4341\/revisions\/4345"}],"wp:featuredmedia":[{"embeddable":true,"href":"https:\/\/uncjr.ro\/web\/wp-json\/wp\/v2\/media\/4346"}],"wp:attachment":[{"href":"https:\/\/uncjr.ro\/web\/wp-json\/wp\/v2\/media?parent=4341"}],"wp:term":[{"taxonomy":"category","embeddable":true,"href":"https:\/\/uncjr.ro\/web\/wp-json\/wp\/v2\/categories?post=4341"},{"taxonomy":"post_tag","embeddable":true,"href":"https:\/\/uncjr.ro\/web\/wp-json\/wp\/v2\/tags?post=4341"}],"curies":[{"name":"wp","href":"https:\/\/api.w.org\/{rel}","templated":true}]}}