{"id":4338,"date":"2023-01-19T13:06:47","date_gmt":"2023-01-19T11:06:47","guid":{"rendered":"https:\/\/uncjr.ro\/web\/?p=4338"},"modified":"2025-01-27T15:43:59","modified_gmt":"2025-01-27T13:43:59","slug":"consultare-publica-fondul-european-de-dezvoltare-regionala-si-fondul-de-coeziune-2014-2020-evaluare-ex-post","status":"publish","type":"post","link":"https:\/\/uncjr.ro\/web\/consultare-publica-fondul-european-de-dezvoltare-regionala-si-fondul-de-coeziune-2014-2020-evaluare-ex-post\/","title":{"rendered":"Consultare public\u0103 Fondul european de dezvoltare regional\u0103 \u0219i Fondul de coeziune 2014-2020 \u2013 Evaluare ex-post"},"content":{"rendered":"\n<p class=\"text-content-justify\"><strong>Comisia European\u0103 a deschis p\u00e2n\u0103 la\u00a0<u>12 aprilie 2023<\/u>\u00a0consultarea public\u0103 \u201eFondul european de dezvoltare regional\u0103 \u0219i Fondul de coeziune 2014-2020 \u2013 Evaluare ex-post\u201d.<\/strong><\/p>\n\n\n\n<p class=\"text-content-justify\">Scopul acestei consult\u0103ri este de a solicita feedback de la principalele p\u0103r\u021bi interesate \u0219i de la publicul larg cu privire la interven\u021biile finan\u021bate de FEDR \u0219i FC \u00een perioada de programare 2014-2020 \u00een cele 27 de state membre \u015fi \u00een Regatul Unit. Aceast\u0103 ini\u0163iativ\u0103 va contribui la dovezile colectate \u00een cursul evalu\u0103rii\u00a0<em>ex post<\/em>\u00a0a FEDR \u0219i a <a rel=\"noreferrer noopener\" href=\"https:\/\/ec.europa.eu\/regional_policy\/policy\/evaluations\/ec\/2014-2020_en\" data-type=\"URL\" data-id=\"https:\/\/ec.europa.eu\/regional_policy\/policy\/evaluations\/ec\/2014-2020_en\" target=\"_blank\">Fondului de coeziune pentru perioada 2014-202<\/a>0.<\/p>\n\n\n\n<p class=\"text-content-justify\">Chestionarul consult\u0103rii este disponibil \u00een limba rom\u00e2n\u0103 \u015fi poate fi completat pe pagina oficial\u0103\u00a0a Comisiei Europene disponibil <a href=\"https:\/\/ec.europa.eu\/info\/law\/better-regulation\/have-your-say\/initiatives\/13301-Fondul-european-de-dezvoltare-regionala-si-Fondul-de-coeziune-2014-2020-Evaluare-ex-post\/public-consultation_ro\" data-type=\"URL\" data-id=\"https:\/\/ec.europa.eu\/info\/law\/better-regulation\/have-your-say\/initiatives\/13301-Fondul-european-de-dezvoltare-regionala-si-Fondul-de-coeziune-2014-2020-Evaluare-ex-post\/public-consultation_ro\" target=\"_blank\" rel=\"noreferrer noopener\">aici.<\/a><\/p>\n\n\n\n<p class=\"text-content-justify\">Contact direct la Comisia European\u0103&nbsp;pentru \u00eentreb\u0103ri specifice:&nbsp;<a href=\"mailto:%20REGIO-EVAL@ec.europa.eu\" target=\"_blank\" rel=\"noreferrer noopener\">REGIO-EVAL@ec.europa.eu<\/a><\/p>\n\n\n\n<p class=\"text-content-justify\">Comisia va publica toate contribu\u021biile la prezenta consultare public\u0103. Pute\u021bi alege dac\u0103 prefera\u021bi ca datele dumneavoastr\u0103 s\u0103 fie publicate sau s\u0103 r\u0103m\u00e2n\u0103 anonime la momentul public\u0103rii contribu\u021biei dumneavoastr\u0103.<\/p>\n","protected":false},"excerpt":{"rendered":"<p>Comisia European\u0103 a deschis p\u00e2n\u0103 la\u00a012 aprilie 2023\u00a0consultarea public\u0103 \u201eFondul european de dezvoltare regional\u0103 \u0219i Fondul de coeziune 2014-2020 \u2013 Evaluare ex-post\u201d. Scopul acestei consult\u0103ri este de a solicita feedback de la principalele p\u0103r\u021bi interesate \u0219i de la publicul larg cu privire la interven\u021biile finan\u021bate de FEDR \u0219i FC \u00een perioada de programare 2014-2020 \u00een [&hellip;]<\/p>\n","protected":false},"author":2,"featured_media":4339,"comment_status":"closed","ping_status":"closed","sticky":false,"template":"","format":"standard","meta":{"_et_pb_use_builder":"","_et_pb_old_content":"","_et_gb_content_width":"","footnotes":""},"categories":[4,14,5],"tags":[],"class_list":["post-4338","post","type-post","status-publish","format-standard","has-post-thumbnail","hentry","category-agenda","category-evenimente","category-noutati"],"_links":{"self":[{"href":"https:\/\/uncjr.ro\/web\/wp-json\/wp\/v2\/posts\/4338","targetHints":{"allow":["GET"]}}],"collection":[{"href":"https:\/\/uncjr.ro\/web\/wp-json\/wp\/v2\/posts"}],"about":[{"href":"https:\/\/uncjr.ro\/web\/wp-json\/wp\/v2\/types\/post"}],"author":[{"embeddable":true,"href":"https:\/\/uncjr.ro\/web\/wp-json\/wp\/v2\/users\/2"}],"replies":[{"embeddable":true,"href":"https:\/\/uncjr.ro\/web\/wp-json\/wp\/v2\/comments?post=4338"}],"version-history":[{"count":1,"href":"https:\/\/uncjr.ro\/web\/wp-json\/wp\/v2\/posts\/4338\/revisions"}],"predecessor-version":[{"id":4340,"href":"https:\/\/uncjr.ro\/web\/wp-json\/wp\/v2\/posts\/4338\/revisions\/4340"}],"wp:featuredmedia":[{"embeddable":true,"href":"https:\/\/uncjr.ro\/web\/wp-json\/wp\/v2\/media\/4339"}],"wp:attachment":[{"href":"https:\/\/uncjr.ro\/web\/wp-json\/wp\/v2\/media?parent=4338"}],"wp:term":[{"taxonomy":"category","embeddable":true,"href":"https:\/\/uncjr.ro\/web\/wp-json\/wp\/v2\/categories?post=4338"},{"taxonomy":"post_tag","embeddable":true,"href":"https:\/\/uncjr.ro\/web\/wp-json\/wp\/v2\/tags?post=4338"}],"curies":[{"name":"wp","href":"https:\/\/api.w.org\/{rel}","templated":true}]}}