{"id":4292,"date":"2023-01-11T12:25:03","date_gmt":"2023-01-11T10:25:03","guid":{"rendered":"https:\/\/uncjr.ro\/web\/?p=4292"},"modified":"2025-01-27T15:44:00","modified_gmt":"2025-01-27T13:44:00","slug":"prima-cerere-pentru-proiecte-pilot-de-mobilitate-a-tinerilor-dezavantajati","status":"publish","type":"post","link":"https:\/\/uncjr.ro\/web\/prima-cerere-pentru-proiecte-pilot-de-mobilitate-a-tinerilor-dezavantajati\/","title":{"rendered":"Prima cerere pentru proiecte pilot de mobilitate a tinerilor dezavantajati"},"content":{"rendered":"\n<p class=\"text-content-justify\"><strong>Comisia European\u0103 a deschis recent prima cerere de propuneri de proiecte pilot \u00een cadrul ini\u021biativei \u00abFSE Social Innovation Plus\u00bb<\/strong><strong>, \u201e<\/strong><strong><em><a rel=\"noreferrer noopener\" href=\"https:\/\/www.esf.lt\/en\/activities\/esf-social-innovation-initiative\/esf-social-innovation-alma-call\/1086\" target=\"_blank\">Mobilitatea european\u0103 \u0219i incluziunea social\u0103 a tinerilor dezavantaja\u021bi care nu au un loc de munc\u0103 sau nu urmeaz\u0103 o form\u0103 de educa\u021bie sau de formare (NEET)<\/a><\/em><\/strong><strong>\u201d<\/strong><\/p>\n\n\n\n<p class=\"text-content-justify\">Ini\u021biativa FSE Social Innovation+ \u00ee\u0219i propune s\u0103 accelereze transferul \u0219i extinderea solu\u021biilor inovatoare testate, \u00een special \u00een domeniile ocup\u0103rii \u0219i al mobilit\u0103\u021bii for\u021bei de munc\u0103, al educa\u021biei \u015fi al incluziunii sociale, inclusiv pentru a sprijini ac\u021biunea de eradicare a s\u0103r\u0103ciei. Astfel, ini\u021biativa contribuie la \u201eo Europ\u0103 mai social\u0103 \u0219i mai favorabil\u0103 incluziunii\u201d \u0219i la tranzi\u021bii echitabile, ecologice \u0219i digitale, implement\u00e2nd \u201e<a rel=\"noreferrer noopener\" href=\"https:\/\/op.europa.eu\/webpub\/empl\/european-pillar-of-social-rights\/ro\/index.html#:~:text=Acesta%20este%20modelul%20unic%20pe,handicap%2C%20v%C3%A2rst%C4%83%20sau%20orientare%20sexual%C4%83.\" target=\"_blank\">Pilonul european al drepturilor sociale<\/a>\u201d.<\/p>\n\n\n\n<p class=\"text-content-justify\">FSE Social Innovation+ are un buget de 197 de milioane EUR care corespunde perioadei de programare 2021-2027. Agen\u021bia Fondului Social European din Lituania a fost mandatat\u0103 s\u0103 implementeze ini\u021biativa \u00een perioada 2021-2027,&nbsp; prin dou\u0103 fluxuri de lucru: schema de granturi pentru inovare social\u0103 \u0219i Centrul european de competen\u021be pentru inovare social\u0103.<\/p>\n\n\n\n<p class=\"text-content-justify\">Obiectivul acestei cereri este de a sprijini statele membre s\u0103 integreze conceptul \u00abALMA\u00bb (Aim-Learn-Master-Achieve) \u00een programele lor FSE+. Acest lucru se va realiza prin pilotarea sau extinderea ac\u021biunilor de tip ALMA, o ini\u021biativ\u0103 de incluziune activ\u0103 pentru a \u00eemputernici cei mai vulnerabili tineri cu v\u00e2rsta cuprins\u0103 \u00eentre 18 \u0219i 29 de ani, care nu urmeaz\u0103 studii, nu au un loc de munc\u0103 sau nu particip\u0103 la vreo formare (NEET), prin implementarea unei abord\u0103ri personalizate.<\/p>\n\n\n\n<p class=\"text-content-justify\">Scopul este de a-i ajuta pe tinerii dezavantaja\u021bi s\u0103-\u015fi g\u0103seasc\u0103 un loc de munc\u0103 \u0219i s\u0103 se integreze \u00een societate, combin\u00e2nd sprijinul pentru educa\u021bie, formare profesional\u0103 sau angajare \u00een \u021bara lor de origine cu experien\u021be de \u00eenv\u0103\u021bare sau de la locul de munc\u0103 dintr-o alt\u0103 \u021bar\u0103 a UE. Finan\u021barea va permite mentorat \u015fi consiliere individual\u0103 \u00een toate etapele acestei ini\u021biative. Obiectivul ALMA nu este doar de a \u00eembun\u0103t\u0103\u021bi abilit\u0103\u021bile, cuno\u0219tin\u021bele \u0219i experien\u021ba acestor tineri, ci \u0219i de a le spori \u00eencrederea \u00een sine.<\/p>\n\n\n\n<p class=\"text-content-justify\">A\u015fadar, se ofer\u0103 acestor tineri consiliere \u00een \u021bara lor de origine, urmat\u0103 de o experien\u021b\u0103 de \u00eenv\u0103\u021bare supervizat\u0103, legat\u0103 de munc\u0103, \u00eentr-un alt stat membru al UE. Apelul contribuie, de asemenea, la obiectivele Anului european al competen\u021belor 2023, promov\u00e2nd diseminarea competen\u021belor care \u00eemputernicesc oamenii s\u0103 fac\u0103 fa\u021b\u0103 cu succes la schimb\u0103rile de pe pia\u021ba muncii.<\/p>\n\n\n\n<p class=\"text-content-justify\">ALMA va fi posibil\u0103 prin parteneriate \u0219i cooperare str\u00e2ns\u0103 \u00eentre organiza\u021biile de trimitere \u0219i cele de primire, incluz\u00e2nd serviciile publice \u0219i private de angajare, serviciile sociale, furnizorii de formare, organiza\u021biile de tineret \u0219i alte entit\u0103\u021bi care ajut\u0103 la selectarea participan\u021bilor.<\/p>\n\n\n\n<p class=\"text-content-justify\">Un proiectul-pilot ALMA va oferi organiza\u021biilor participante o oportunitate excelent\u0103 de a c\u00e2\u0219tiga experien\u021b\u0103 \u00een cooperarea european\u0103 \u0219i de a-\u015fi \u00eembun\u0103t\u0103\u021bi capacitatea administrativ\u0103. Proiectul va permite, deopotriv\u0103, partenerilor s\u0103-\u015fi \u00eensu\u015feasc\u0103 lec\u021bii \u015fi experien\u021be de bun\u0103 practic\u0103 pe care s\u0103 le aplice cu succes la o scar\u0103 mai larg\u0103.<\/p>\n\n\n\n<p class=\"text-content-justify\"><strong>Apelul va oferi finan\u021bare \u00een dou\u0103 etape:<\/strong><\/p>\n\n\n\n<p class=\"text-content-justify\">I. Prima faz\u0103 este faza de demaraj (maximum patru luni) \u015fi va urm\u0103ri:<\/p>\n\n\n\n<p class=\"text-content-justify\">&#8211; crearea de parteneriate \u0219i definirea rolurilor actorilor dintr-un stat membru\/regiune&nbsp;;<\/p>\n\n\n\n<p>&#8211; construirea de parteneriate transna\u021bionale cu actori relevan\u021bi \u00een cel pu\u021bin un stat membru gazd\u0103.<\/p>\n\n\n\n<p class=\"text-content-justify\">II. A doua faz\u0103 este faza de implementare (maximum 14 luni) \u015fi va presupune urm\u0103toarele ac\u021biuni:<\/p>\n\n\n\n<ul class=\"wp-block-list\">\n<li>selec\u021bia \u0219i preg\u0103tirea tinerilor NEET pentru mobilitate;<\/li>\n\n\n\n<li class=\"text-content-justify\">mobilitatea tinerilor (stagiu de munc\u0103 de 2-6 luni, cazare, activit\u0103\u021bi sociale, etc.). Cel pu\u021bin 2 grupuri de 8-12 tineri ar trebui trimise la stagii \u00een alt stat membru;<\/li>\n\n\n\n<li>monitorizarea tinerilor dup\u0103 \u0219ederea lor \u00een str\u0103in\u0103tate, inclusiv consiliere \u0219i orientare profesional\u0103 etc.;<\/li>\n\n\n\n<li>preg\u0103tirea unui raport final \u201eLec\u021bii \u00eenv\u0103\u021bate \u0219i planuri de viitor\u201d (incluz\u00e2nd analiza rezultatelor \u0219i a impactului proiectului, lec\u021biile \u00eenv\u0103\u021bate, recomand\u0103ri \u0219i planuri de viitor);<\/li>\n\n\n\n<li>diseminarea experien\u021bei \u0219i a celor mai bune practici la nivel na\u021bional.<\/li>\n<\/ul>\n\n\n\n<p class=\"text-content-justify\"><strong>Bugetul indicativ al cererii este de 15 milioane EUR<\/strong> (cofinan\u021bare de maximum 80%).<\/p>\n\n\n\n<p class=\"text-content-justify\"><strong>Termenul-limit\u0103<\/strong> pentru depunerea aplica\u021biilor: 15 martie 2023 (ora 18:00 \u00een Rom\u00e2nia)<\/p>\n\n\n\n<p class=\"text-content-justify\">Durata implement\u0103rii proiectelor: 18 luni.<\/p>\n\n\n\n<p class=\"text-content-justify\"><strong>Eligibilitate<\/strong>: cererea se adreseaz\u0103 organiza\u021biilor cu personalitate juridic\u0103 (organisme publice \u0219i private) stabilite \u00eentr-unul dintre statele membre ale UE, spre exemplu, ONG-uri, autorit\u0103\u021bi locale, centre de formare \u015fi educa\u021bie, servicii de ocupare, \u015fcoli, camere de comer\u021b \u015fi industrie, asocia\u021bii \u015fi agen\u021bii pentru validarea competen\u021belor, organiza\u021bii VET, etc.<\/p>\n\n\n\n<p>Doar organiza\u021biile care vor ac\u021biona \u00een proiect ca organiza\u021bii de trimitere pot depune cereri \u00een cadrul acestui apel.<\/p>\n\n\n\n<p class=\"text-content-justify\"><strong>Contacte:<\/strong><\/p>\n\n\n\n<p class=\"text-content-justify\">Pentru \u00eentreb\u0103rile legate de IT \u015fi func\u021bionarea sistemului informatic pentru depunerea aplica\u021biei, v\u0103 rug\u0103m s\u0103 contacta\u021bi serviciul informatic al autorit\u0103\u021bii de management la adresa de email&nbsp;<a href=\"mailto:IThelp@esf.lt\" target=\"_blank\" rel=\"noreferrer noopener\">IThelp@esf.lt<\/a><\/p>\n\n\n\n<p>Pentru \u00eentreb\u0103rile legate de textul \u015fi condi\u021biile cererii, v\u0103 rug\u0103m s\u0103 contacta\u021bi responsabilii europeni de la European Social Fund Agency la adresa de email&nbsp;<a href=\"mailto:ALMA@esf.lt\" target=\"_blank\" rel=\"noreferrer noopener\">ALMA@esf.lt<\/a><\/p>\n\n\n\n<p class=\"text-content-justify\">Surse complementare de informare:<\/p>\n\n\n\n<p><a href=\"https:\/\/www.esf.lt\/en\/esf-social-innovation-initiative\/esf-social-innovation-alma-call\/call-documents\/1087\" target=\"_blank\" rel=\"noreferrer noopener\">Documentele cererii<\/a><\/p>\n\n\n\n<p><a href=\"https:\/\/romania.representation.ec.europa.eu\/news\/comisia-lanseaza-lucrarile-privind-anul-european-al-competentelor-2022-10-13_ro\" target=\"_blank\" rel=\"noreferrer noopener\">Anul european al competentelor 2023<\/a><\/p>\n\n\n\n<p><a href=\"https:\/\/ec.europa.eu\/european-social-fund-plus\/en\/how-to-make-alma-work\" target=\"_blank\" rel=\"noreferrer noopener\">Ini\u021biativa ALMA \u2013 cum func\u021bioneaz\u0103<\/a><\/p>\n\n\n\n<p><a href=\"https:\/\/ec.europa.eu\/european-social-fund-plus\/en\" target=\"_blank\" rel=\"noreferrer noopener\">Fondul Social European Plus (ESF+)<\/a><\/p>\n\n\n\n<p><a href=\"https:\/\/ec.europa.eu\/european-social-fund-plus\/en\/esf-social-innovation\" target=\"_blank\" rel=\"noreferrer noopener\">FSE Social Innovation Plus<\/a><\/p>\n","protected":false},"excerpt":{"rendered":"<p>Comisia European\u0103 a deschis recent prima cerere de propuneri de proiecte pilot \u00een cadrul ini\u021biativei \u00abFSE Social Innovation Plus\u00bb, \u201eMobilitatea european\u0103 \u0219i incluziunea social\u0103 a tinerilor dezavantaja\u021bi care nu au un loc de munc\u0103 sau nu urmeaz\u0103 o form\u0103 de educa\u021bie sau de formare (NEET)\u201d Ini\u021biativa FSE Social Innovation+ \u00ee\u0219i propune s\u0103 accelereze transferul \u0219i [&hellip;]<\/p>\n","protected":false},"author":2,"featured_media":4294,"comment_status":"closed","ping_status":"closed","sticky":false,"template":"","format":"standard","meta":{"_et_pb_use_builder":"","_et_pb_old_content":"","_et_gb_content_width":"","footnotes":""},"categories":[4,5,19],"tags":[],"class_list":["post-4292","post","type-post","status-publish","format-standard","has-post-thumbnail","hentry","category-agenda","category-noutati","category-oportunitati-finantare-internationala"],"_links":{"self":[{"href":"https:\/\/uncjr.ro\/web\/wp-json\/wp\/v2\/posts\/4292","targetHints":{"allow":["GET"]}}],"collection":[{"href":"https:\/\/uncjr.ro\/web\/wp-json\/wp\/v2\/posts"}],"about":[{"href":"https:\/\/uncjr.ro\/web\/wp-json\/wp\/v2\/types\/post"}],"author":[{"embeddable":true,"href":"https:\/\/uncjr.ro\/web\/wp-json\/wp\/v2\/users\/2"}],"replies":[{"embeddable":true,"href":"https:\/\/uncjr.ro\/web\/wp-json\/wp\/v2\/comments?post=4292"}],"version-history":[{"count":2,"href":"https:\/\/uncjr.ro\/web\/wp-json\/wp\/v2\/posts\/4292\/revisions"}],"predecessor-version":[{"id":4297,"href":"https:\/\/uncjr.ro\/web\/wp-json\/wp\/v2\/posts\/4292\/revisions\/4297"}],"wp:featuredmedia":[{"embeddable":true,"href":"https:\/\/uncjr.ro\/web\/wp-json\/wp\/v2\/media\/4294"}],"wp:attachment":[{"href":"https:\/\/uncjr.ro\/web\/wp-json\/wp\/v2\/media?parent=4292"}],"wp:term":[{"taxonomy":"category","embeddable":true,"href":"https:\/\/uncjr.ro\/web\/wp-json\/wp\/v2\/categories?post=4292"},{"taxonomy":"post_tag","embeddable":true,"href":"https:\/\/uncjr.ro\/web\/wp-json\/wp\/v2\/tags?post=4292"}],"curies":[{"name":"wp","href":"https:\/\/api.w.org\/{rel}","templated":true}]}}