{"id":4282,"date":"2022-12-29T11:35:43","date_gmt":"2022-12-29T09:35:43","guid":{"rendered":"https:\/\/uncjr.ro\/web\/?p=4282"},"modified":"2025-01-27T15:44:00","modified_gmt":"2025-01-27T13:44:00","slug":"finantare-2023-a-programului-cerv-cerere-de-propuneri-de-proiecte-pentru-retele-de-orase","status":"publish","type":"post","link":"https:\/\/uncjr.ro\/web\/finantare-2023-a-programului-cerv-cerere-de-propuneri-de-proiecte-pentru-retele-de-orase\/","title":{"rendered":"Finan\u021bare 2023 a programului CERV, cerere de propuneri de proiecte pentru re\u021bele de ora\u0219e"},"content":{"rendered":"\n<p class=\"text-content-justify\">Comisia European\u0103 publicat textul oficial al cererii de propuneri de proiect al finan\u0163\u0103rii 2023 a programului european \u201eCERV \u2013 Cet\u0103\u0163eni, Egalitate, Drepturi \u015fi Valori\u201d care vizeaz\u0103 componenta \u201e<a rel=\"noreferrer noopener\" href=\"https:\/\/ec.europa.eu\/info\/funding-tenders\/opportunities\/portal\/screen\/opportunities\/topic-details\/cerv-2023-citizens-town-nt;callCode=null;freeTextSearchKeyword=;matchWholeText=true;typeCodes=1,0;statusCodes=31094501,31094502,31094503;programmePeriod=2021%20-%202027;programCcm2Id=43251589;programDivisionCode=null;focusAreaCode=null;destinationGroup=null;missionGroup=null;geographicalZonesCode=null;programmeDivisionProspect=null;startDateLte=null;startDateGte=null;crossCuttingPriorityCode=null;cpvCode=null;performanceOfDelivery=null;sortQuery=sortStatus;orderBy=asc;onlyTenders=false;topicListKey=topicSearchTablePageState\" data-type=\"URL\" data-id=\"https:\/\/ec.europa.eu\/info\/funding-tenders\/opportunities\/portal\/screen\/opportunities\/topic-details\/cerv-2023-citizens-town-nt;callCode=null;freeTextSearchKeyword=;matchWholeText=true;typeCodes=1,0;statusCodes=31094501,31094502,31094503;programmePeriod=2021%20-%202027;programCcm2Id=43251589;programDivisionCode=null;focusAreaCode=null;destinationGroup=null;missionGroup=null;geographicalZonesCode=null;programmeDivisionProspect=null;startDateLte=null;startDateGte=null;crossCuttingPriorityCode=null;cpvCode=null;performanceOfDelivery=null;sortQuery=sortStatus;orderBy=asc;onlyTenders=false;topicListKey=topicSearchTablePageState\" target=\"_blank\">Re\u0163elele de ora\u015fe<\/a>\u201d<\/p>\n\n\n\n<p class=\"text-content-justify\">Astfel, poten\u0163ialii beneficiari au posibilitatea s\u0103 demareze devoltarea unei propuneri de proiect \u015fi constituirea parteneriatului, pagina oficial\u0103 pentru depunerea aplica\u0163iilor urm\u00e2nd s\u0103 se deschid\u0103 la 19 ianuarie 2023.<\/p>\n\n\n\n<p class=\"text-content-justify\">Re\u021belele de ora\u0219e vor oferi autorit\u0103\u0163ilor publice locale posibilitatea de a-\u0219i aprofunda \u0219i intensifica cooperarea \u0219i dezbaterea pe teme de interes comun, de a dezvolta asocieri durabile \u0219i de a-\u0219i contura viziunea pe termen lung pentru viitorul integr\u0103rii europene.<\/p>\n\n\n\n<p>Comisia se a\u0219teapt\u0103 ca proiectele s\u0103 reflecte asupra unei nara\u021biuni holistice privind Europa, una orientat\u0103 c\u0103tre oameni \u015fi viitor \u0219i constructiv\u0103, \u0219i care ar fi mai captivant\u0103 \u00een special pentru genera\u021bia t\u00e2n\u0103r\u0103. Proiectele se pot baza pe rezultatul consult\u0103rilor cet\u0103\u021benilor \u0219i pot conduce la dezbateri despre modalit\u0103\u021bi specifice de a crea o UE mai democratic\u0103, de a \u00eencuraja cet\u0103\u021benii s\u0103 se angajeze din nou al\u0103turi de UE \u0219i de a-i ajuta s\u0103 dezvolte un sentiment mai puternic de apartenen\u0163\u0103 la proiectul european.<\/p>\n\n\n\n<p class=\"text-content-justify\">Aceast\u0103 cerere de propuneri \u00ee\u0219i propune s\u0103 sprijine urm\u0103toarele ini\u021biative politice: \u201e<a rel=\"noreferrer noopener\" href=\"https:\/\/commission.europa.eu\/strategy-and-policy\/priorities-2019-2024\/new-push-european-democracy\/european-democracy-action-plan_ro\" data-type=\"URL\" data-id=\"https:\/\/commission.europa.eu\/strategy-and-policy\/priorities-2019-2024\/new-push-european-democracy\/european-democracy-action-plan_ro\" target=\"_blank\">Planul de Ac\u0163iune pentru Democra\u0163ia European\u0103<\/a>\u201d, \u201e<a rel=\"noreferrer noopener\" href=\"https:\/\/commission.europa.eu\/publications\/new-eu-roma-strategic-framework-equality-inclusion-and-participation-full-package_ro\" data-type=\"URL\" data-id=\"https:\/\/commission.europa.eu\/publications\/new-eu-roma-strategic-framework-equality-inclusion-and-participation-full-package_ro\" target=\"_blank\">Noul cadru strategic al UE privind romii: egalitate, incluziune \u015fi participare<\/a>\u201d, <a href=\"https:\/\/mycitizenrights.eu\/\" data-type=\"URL\" data-id=\"https:\/\/mycitizenrights.eu\/\">\u201eEU Citizenship Report 2020\u201d<\/a>.<\/p>\n\n\n\n<p><strong>Tematici de abordat:<\/strong><\/p>\n\n\n\n<ul class=\"wp-block-list\">\n<li class=\"text-content-justify\">promovarea con\u0219tientiz\u0103rii \u0219i dezvoltarea cuno\u0219tin\u021belor cu privire la drepturile cet\u0103\u021beniei UE;<\/li>\n\n\n\n<li>promovarea con\u0219tientiz\u0103rii \u0219i dezvoltarea cuno\u0219tin\u021belor cu privire la cea de-a 30-a aniversare de la intrarea \u00een vigoare a Tratatului de la Maastricht (1 noiembrie 2023);<\/li>\n\n\n\n<li>promovarea gradului de con\u0219tientizare, construirea cuno\u0219tin\u021belor \u0219i \u00eemp\u0103rt\u0103\u0219irea celor mai bune practici cu privire la beneficiile diversit\u0103\u021bii, egalit\u0103\u021bii de gen, precum \u0219i m\u0103suri eficiente de combatere a discrimin\u0103rii \u0219i rasismului la nivel local;<\/li>\n\n\n\n<li>adunarea cet\u0103\u021benilor pentru a discuta despre ac\u021biunile locale privind clim\u0103 \u0219i mediu.<\/li>\n<\/ul>\n\n\n\n<p><strong>Bugetul total <\/strong>al cererii: 6.000.000 EUR.<\/p>\n\n\n\n<p class=\"text-content-justify\"><strong>Termenul-limit\u0103<\/strong> pentru depunerea aplica\u0163iilor: 20 aprilie 2023.<\/p>\n\n\n\n<p>Eligibilitate:<\/p>\n\n\n\n<p class=\"text-content-justify\">Solicitan\u021bii (beneficiarii \u0219i entit\u0103\u021bile afiliate) trebuie:<\/p>\n\n\n\n<ul class=\"wp-block-list\">\n<li>s\u0103 fie entit\u0103\u021bi publice sau private,<\/li>\n\n\n\n<li>s\u0103 fie un organism public sau o organiza\u021bie non-profit: ora\u0219e\/municipalit\u0103\u021bi \u0219i\/sau alte niveluri de autorit\u0103\u021bi locale \u015fi intermediare sau comitetele lor de \u00eenfr\u0103\u021bire sau alte organiza\u021bii non-profit care reprezint\u0103 autorit\u0103\u021bi locale \u015fi intermediare (jude\u0163ene) din statele membre ale UE, Albania, Bosnia \u015fi Her\u0163egovina, Kosovo, Muntenegru, Serbia, Ucraina<\/li>\n<\/ul>\n","protected":false},"excerpt":{"rendered":"<p>Comisia European\u0103 publicat textul oficial al cererii de propuneri de proiect al finan\u0163\u0103rii 2023 a programului european \u201eCERV \u2013 Cet\u0103\u0163eni, Egalitate, Drepturi \u015fi Valori\u201d care vizeaz\u0103 componenta \u201eRe\u0163elele de ora\u015fe\u201d Astfel, poten\u0163ialii beneficiari au posibilitatea s\u0103 demareze devoltarea unei propuneri de proiect \u015fi constituirea parteneriatului, pagina oficial\u0103 pentru depunerea aplica\u0163iilor urm\u00e2nd s\u0103 se deschid\u0103 la [&hellip;]<\/p>\n","protected":false},"author":2,"featured_media":4283,"comment_status":"closed","ping_status":"closed","sticky":false,"template":"","format":"standard","meta":{"_et_pb_use_builder":"","_et_pb_old_content":"","_et_gb_content_width":"","footnotes":""},"categories":[4,5,19],"tags":[],"class_list":["post-4282","post","type-post","status-publish","format-standard","has-post-thumbnail","hentry","category-agenda","category-noutati","category-oportunitati-finantare-internationala"],"_links":{"self":[{"href":"https:\/\/uncjr.ro\/web\/wp-json\/wp\/v2\/posts\/4282","targetHints":{"allow":["GET"]}}],"collection":[{"href":"https:\/\/uncjr.ro\/web\/wp-json\/wp\/v2\/posts"}],"about":[{"href":"https:\/\/uncjr.ro\/web\/wp-json\/wp\/v2\/types\/post"}],"author":[{"embeddable":true,"href":"https:\/\/uncjr.ro\/web\/wp-json\/wp\/v2\/users\/2"}],"replies":[{"embeddable":true,"href":"https:\/\/uncjr.ro\/web\/wp-json\/wp\/v2\/comments?post=4282"}],"version-history":[{"count":1,"href":"https:\/\/uncjr.ro\/web\/wp-json\/wp\/v2\/posts\/4282\/revisions"}],"predecessor-version":[{"id":4284,"href":"https:\/\/uncjr.ro\/web\/wp-json\/wp\/v2\/posts\/4282\/revisions\/4284"}],"wp:featuredmedia":[{"embeddable":true,"href":"https:\/\/uncjr.ro\/web\/wp-json\/wp\/v2\/media\/4283"}],"wp:attachment":[{"href":"https:\/\/uncjr.ro\/web\/wp-json\/wp\/v2\/media?parent=4282"}],"wp:term":[{"taxonomy":"category","embeddable":true,"href":"https:\/\/uncjr.ro\/web\/wp-json\/wp\/v2\/categories?post=4282"},{"taxonomy":"post_tag","embeddable":true,"href":"https:\/\/uncjr.ro\/web\/wp-json\/wp\/v2\/tags?post=4282"}],"curies":[{"name":"wp","href":"https:\/\/api.w.org\/{rel}","templated":true}]}}