{"id":4279,"date":"2022-12-29T10:11:38","date_gmt":"2022-12-29T08:11:38","guid":{"rendered":"https:\/\/uncjr.ro\/web\/?p=4279"},"modified":"2025-01-27T15:44:00","modified_gmt":"2025-01-27T13:44:00","slug":"finantare-europeana-pentru-consolidatare-capacitatii-administrative","status":"publish","type":"post","link":"https:\/\/uncjr.ro\/web\/finantare-europeana-pentru-consolidatare-capacitatii-administrative\/","title":{"rendered":"Finan\u021bare european\u0103 pentru consolidatare capacit\u0103\u021bii administrative\u00a0"},"content":{"rendered":"\n<p class=\"text-content-justify\">Agen\u0163ia executiv\u0103 Consiliul European pentru Inovare \u0219i IMM-uri (EISMEA) de la Bruxelles, prin mandatul de gestiune acordat de c\u0103tre Comisia European\u0103, a deschis o finan\u0163are care are \u00een vedere capacitatea administrativ\u0103 pentru\u00a0ini\u0163iativa \u201eInstrumentul FEDR de Investi\u021bii \u00een Inovare Interregional\u0103\u201d. Prezenta cerere are la baz\u0103 <a rel=\"noreferrer noopener\" href=\"https:\/\/ec.europa.eu\/regional_policy\/sources\/whats-new\/tenders-and-grants\/financing-decisions\/2021-2022_financing_decision_i3.pdf\" data-type=\"URL\" data-id=\"https:\/\/ec.europa.eu\/regional_policy\/sources\/whats-new\/tenders-and-grants\/financing-decisions\/2021-2022_financing_decision_i3.pdf\" target=\"_blank\">programul de lucru al Comisiei<\/a> 2021 \u0219i 2022.<\/p>\n\n\n\n<p class=\"text-content-justify\"><strong>Titlul cererii<\/strong>: \u201eComponenta 2b de consolidare a capacit\u0103\u021bilor \u00een cadrul Instrumentului de investi\u021bii \u00een inovare interregional\u0103\u201d <a href=\"https:\/\/ec.europa.eu\/info\/funding-tenders\/opportunities\/portal\/screen\/opportunities\/topic-details\/i3-2022-cap2b;callCode=null;freeTextSearchKeyword=;matchWholeText=true;typeCodes=1,0;statusCodes=31094501,31094502,31094503;programmePeriod=2021%20-%202027;programCcm2Id=44416173;programDivisionCode=null;focusAreaCode=null;destinationGroup=null;missionGroup=null;geographicalZonesCode=null;programmeDivisionProspect=null;startDateLte=null;startDateGte=null;crossCuttingPriorityCode=null;cpvCode=null;performanceOfDelivery=null;sortQuery=sortStatus;orderBy=asc;onlyTenders=false;topicListKey=topicSearchTablePageState\" data-type=\"URL\" data-id=\"https:\/\/ec.europa.eu\/info\/funding-tenders\/opportunities\/portal\/screen\/opportunities\/topic-details\/i3-2022-cap2b;callCode=null;freeTextSearchKeyword=;matchWholeText=true;typeCodes=1,0;statusCodes=31094501,31094502,31094503;programmePeriod=2021%20-%202027;programCcm2Id=44416173;programDivisionCode=null;focusAreaCode=null;destinationGroup=null;missionGroup=null;geographicalZonesCode=null;programmeDivisionProspect=null;startDateLte=null;startDateGte=null;crossCuttingPriorityCode=null;cpvCode=null;performanceOfDelivery=null;sortQuery=sortStatus;orderBy=asc;onlyTenders=false;topicListKey=topicSearchTablePageState\" target=\"_blank\" rel=\"noreferrer noopener\">(I3)<\/a>.<\/p>\n\n\n\n<p class=\"text-content-justify\">Entit\u0103\u0163ile interesate de aceast\u0103 ini\u0163iativ\u0103 \u015fi de finan\u0163\u0103rile ei sunt \u00eencurajate s\u0103 viziteze site-ul<a href=\"https:\/\/ec.europa.eu\/regional_policy\/policy\/themes\/research-innovation\/interregional-innovation-investments_en\" data-type=\"URL\" data-id=\"https:\/\/ec.europa.eu\/regional_policy\/policy\/themes\/research-innovation\/interregional-innovation-investments_en\" target=\"_blank\" rel=\"noreferrer noopener\"> web I3<\/a> \u0219i <a href=\"https:\/\/s3platform.jrc.ec.europa.eu\/\" data-type=\"URL\" data-id=\"https:\/\/s3platform.jrc.ec.europa.eu\/\" target=\"_blank\" rel=\"noreferrer noopener\">Platforma de specializare inteligent\u0103<\/a>.<\/p>\n\n\n\n<p class=\"text-content-justify\"><strong>Context: <\/strong>Europa se confrunt\u0103 cu multe provoc\u0103ri \u00een tranzi\u021bia sa c\u0103tre o planet\u0103 s\u0103n\u0103toas\u0103 \u0219i o nou\u0103 lume digital\u0103. Accelerarea \u0219i difuzarea inova\u021biei sunt elemente centrale pentru a aborda cele mai presante provoc\u0103ri sociale, economice \u0219i de mediu ale Europei, care au un impact deosebit \u00een regiunile mai pu\u021bin dezvoltate. \u00cen acest context, la 5 iulie 2022, Comisia European\u0103 a adoptat o nou\u0103 <a href=\"https:\/\/eur-lex.europa.eu\/legal-content\/RO\/TXT\/PDF\/?uri=CELEX:52022DC0332&amp;from=EN\" data-type=\"URL\" data-id=\"https:\/\/eur-lex.europa.eu\/legal-content\/RO\/TXT\/PDF\/?uri=CELEX:52022DC0332&amp;from=EN\" target=\"_blank\" rel=\"noreferrer noopener\">Agend\u0103 european\u0103 de inovare<\/a> menit\u0103 s\u0103 consolideze pozi\u021bia Europei \u00een fruntea noului val de inova\u021bii de ultim\u0103 genera\u0163ie.<\/p>\n\n\n\n<p class=\"text-content-justify\">Actuala politic\u0103 de coeziune a UE \u00eencurajeaz\u0103 regiunile \u0219i statele membre s\u0103 construiasc\u0103 coali\u021bii regionale pentru a sprijini crearea de noi lan\u021buri valorice europene caracterizate prin identificarea zonelor strategice favorabile cre\u0103rii de locuri de munc\u0103 \u0219i cre\u0219terii economice. Strategiile de specializare inteligent\u0103 (S3) sunt \u00een centrul acestei abord\u0103ri.<\/p>\n\n\n\n<p class=\"text-content-justify\">Regiunile mai pu\u021bin dezvoltate sunt definite ca regiuni al c\u0103ror PIB pe cap de locuitor este mai mic de 75% din PIB-ul mediu pe cap de locuitor al UE-27. Provoc\u0103rile specifice nu sunt predefinite de cerere. Acestea pot varia de la cele demografice, geografice, ecologice, digitale p\u00e2n\u0103 la anumite blocaje care provoac\u0103 o capcan\u0103 de dezvoltare. Regiunile care consider\u0103 c\u0103 se confrunt\u0103 cu astfel de provoc\u0103ri specifice \u0219i posibil unice sunt \u00eencurajate s\u0103 le sublinieze \u00een aplica\u021bia lor I3.<\/p>\n\n\n\n<p class=\"text-content-justify\"><strong>Eligibilitate<\/strong>: orice entitate public\u0103 \u015fi privat\u0103 din statele membre ale UE \u015fi \u0163\u0103rile ter\u0163e participante la ini\u0163iativ\u0103 (spre exemplu, administra\u0163ii publice locale\/jude\u0163ene sau regionale, organiza\u0163ii non-profit, centre de cercetare, camere de comer\u0163, IMM-uri, start-up-uri, agen\u0163ii de inovare, clustere, universit\u0103\u0163i, centre tehnologice etc.), GECT-uri \u015fi organiza\u0163ii interna\u0163ionale. <\/p>\n\n\n\n<p class=\"text-content-justify\">Propunerile trebuie depuse de c\u0103tre un consor\u021biu de solicitan\u021bi (beneficiari, entit\u0103\u021bi neafiliate), care respect\u0103 urm\u0103toarele condi\u021bii: coordonatorul trebuie s\u0103 fie stabilit \u00eentr-un stat membru al UE dintr-o \u201eregiune mai pu\u021bin dezvoltat\u0103\u201d \u0219i s\u0103 fie un organism public, o organiza\u021bie privat\u0103 non-profit sau o organiza\u021bie interna\u021bional\u0103, s\u0103 cuprind\u0103 minimum dou\u0103 entit\u0103\u021bi juridice independente care reprezint\u0103 dou\u0103 ecosisteme regionale diferite din dou\u0103 state membre UE diferite, consor\u021biul trebuie s\u0103 cuprind\u0103 cel pu\u021bin o \u201eregiune mai dezvoltat\u0103\u201d a unui stat membru al UE \u015fi s\u0103 includ\u0103 actori de inovare, cum ar fi administra\u021biile publice, mediul academic \u0219i de cercetare, industria, dar \u015fi utilizatorii finali.<\/p>\n\n\n\n<p class=\"text-content-justify\">Consor\u021biile sunt \u00eencurajate s\u0103 creeze oportunit\u0103\u021bi de finan\u021bare suplimentar\u0103 \u00een cadrul \u201eFondului european de dezvoltare regional\u0103\u201d (FEDR) \u0219i s\u0103 exploreze sinergiile cu FEDR \u0219i cu alte programe \u0219i instrumente de finan\u021bare ale Uniunii (\u00een special cu programele Interreg). De asemenea, se a\u0219teapt\u0103 ca proiectele s\u0103 faciliteze colaborarea cu \u201eRe\u021beaua Enterprise Europe\u201d &#8211; EEN (grupurile sectoriale EEN), p\u0103r\u021bile interesate ale Ecosistemului european de inovare, parteneriatele \u201eOrizont Europa\u201d, Comunitatea de practic\u0103 S3 (S3CoP) \u0219i alte re\u021bele sau parteneriate relevante.<\/p>\n\n\n\n<p class=\"text-content-justify\"><strong>Bugetul alocat:<\/strong> 7.155.858 EUR; se acord\u0103 \u00eentre 500.000 \u015fi 1.500.000 EUR\/proiect. Cofinan\u0163area poate s\u0103 ajung\u0103 p\u00e2n\u0103 la 100%.<\/p>\n\n\n\n<p class=\"text-content-justify\"><strong>Termenul-limit\u0103<\/strong> pentru depunerea aplica\u0163iilor: 16 martie 2023.<\/p>\n\n\n\n<p class=\"text-content-justify\">Durata proiectului trebuie s\u0103 fie cuprins\u0103 \u00eentre 18 \u015fi 24 de luni.<\/p>\n\n\n\n<p class=\"text-content-justify\">EISMEA pune la dispozi\u0163ia celor interesa\u0163i s\u0103 depun\u0103 o aplica\u0163ie adresa de contact: EISMEA-I3-INSTRUMENT@ec.europa.eu.<\/p>\n","protected":false},"excerpt":{"rendered":"<p>Agen\u0163ia executiv\u0103 Consiliul European pentru Inovare \u0219i IMM-uri (EISMEA) de la Bruxelles, prin mandatul de gestiune acordat de c\u0103tre Comisia European\u0103, a deschis o finan\u0163are care are \u00een vedere capacitatea administrativ\u0103 pentru\u00a0ini\u0163iativa \u201eInstrumentul FEDR de Investi\u021bii \u00een Inovare Interregional\u0103\u201d. Prezenta cerere are la baz\u0103 programul de lucru al Comisiei 2021 \u0219i 2022. Titlul cererii: \u201eComponenta [&hellip;]<\/p>\n","protected":false},"author":2,"featured_media":4280,"comment_status":"closed","ping_status":"closed","sticky":false,"template":"","format":"standard","meta":{"_et_pb_use_builder":"","_et_pb_old_content":"","_et_gb_content_width":"","footnotes":""},"categories":[4,5,19],"tags":[],"class_list":["post-4279","post","type-post","status-publish","format-standard","has-post-thumbnail","hentry","category-agenda","category-noutati","category-oportunitati-finantare-internationala"],"_links":{"self":[{"href":"https:\/\/uncjr.ro\/web\/wp-json\/wp\/v2\/posts\/4279","targetHints":{"allow":["GET"]}}],"collection":[{"href":"https:\/\/uncjr.ro\/web\/wp-json\/wp\/v2\/posts"}],"about":[{"href":"https:\/\/uncjr.ro\/web\/wp-json\/wp\/v2\/types\/post"}],"author":[{"embeddable":true,"href":"https:\/\/uncjr.ro\/web\/wp-json\/wp\/v2\/users\/2"}],"replies":[{"embeddable":true,"href":"https:\/\/uncjr.ro\/web\/wp-json\/wp\/v2\/comments?post=4279"}],"version-history":[{"count":1,"href":"https:\/\/uncjr.ro\/web\/wp-json\/wp\/v2\/posts\/4279\/revisions"}],"predecessor-version":[{"id":4281,"href":"https:\/\/uncjr.ro\/web\/wp-json\/wp\/v2\/posts\/4279\/revisions\/4281"}],"wp:featuredmedia":[{"embeddable":true,"href":"https:\/\/uncjr.ro\/web\/wp-json\/wp\/v2\/media\/4280"}],"wp:attachment":[{"href":"https:\/\/uncjr.ro\/web\/wp-json\/wp\/v2\/media?parent=4279"}],"wp:term":[{"taxonomy":"category","embeddable":true,"href":"https:\/\/uncjr.ro\/web\/wp-json\/wp\/v2\/categories?post=4279"},{"taxonomy":"post_tag","embeddable":true,"href":"https:\/\/uncjr.ro\/web\/wp-json\/wp\/v2\/tags?post=4279"}],"curies":[{"name":"wp","href":"https:\/\/api.w.org\/{rel}","templated":true}]}}