{"id":4275,"date":"2022-12-29T09:50:41","date_gmt":"2022-12-29T07:50:41","guid":{"rendered":"https:\/\/uncjr.ro\/web\/?p=4275"},"modified":"2025-01-27T15:44:00","modified_gmt":"2025-01-27T13:44:00","slug":"finantare-a-institutului-european-pentru-inovare-si-tehnologie-destinata-consolidarii-capacitatii-administrative-din-institutiile-de-invatamant-superior","status":"publish","type":"post","link":"https:\/\/uncjr.ro\/web\/finantare-a-institutului-european-pentru-inovare-si-tehnologie-destinata-consolidarii-capacitatii-administrative-din-institutiile-de-invatamant-superior\/","title":{"rendered":"Finan\u021bare a Institutului European pentru Inovare \u0219i Tehnologie destinat\u0103 consolid\u0103rii capacit\u0103\u021bii administrative din institu\u021biile de \u00eenv\u0103\u021b\u0103m\u00e2nt superior"},"content":{"rendered":"\n<p class=\"text-content-justify\">Institutul European de Inovare \u015fi Tehnologie <a href=\"https:\/\/european-union.europa.eu\/institutions-law-budget\/institutions-and-bodies\/institutions-and-bodies-profiles\/eit_ro\" data-type=\"URL\" data-id=\"https:\/\/european-union.europa.eu\/institutions-law-budget\/institutions-and-bodies\/institutions-and-bodies-profiles\/eit_ro\" target=\"_blank\" rel=\"noreferrer noopener\">(EIT)<\/a>, ini\u0163iativ\u0103 sprijinit\u0103 financiar de c\u0103tre Uniunea European\u0103, a lansat <a href=\"https:\/\/eit-hei.eu\/calls\/call-for-proposals-november-2022\/\" data-type=\"URL\" data-id=\"https:\/\/eit-hei.eu\/calls\/call-for-proposals-november-2022\/\" target=\"_blank\" rel=\"noreferrer noopener\">cea de-a treia cerere de propuneri<\/a> de proiecte pentru Institu\u0163iile de \u00cenv\u0103\u0163\u0103m\u00e2nt Superior (EIT HEI). Ini\u021biativa ajut\u0103 institu\u021biile de \u00eenv\u0103\u021b\u0103m\u00e2nt superior s\u0103-\u0219i dezvolte capacitatea de a preda inovarea \u0219i antreprenoriatul.<\/p>\n\n\n\n<p class=\"text-content-justify\">Titlul cererii: \u201eIni\u021biativa HEI a EIT &#8211; Dezvoltarea capacit\u0103\u021bii de inovare pentru \u00eenv\u0103\u021b\u0103m\u00e2ntul superior care ofer\u0103 oportunit\u0103\u021bi \u00een educa\u021bie, cercetare \u0219i antreprenoriat \u00een \u00eentreaga Europ\u0103\u201d<\/p>\n\n\n\n<p class=\"text-content-justify\"><strong>Context:<\/strong> <a href=\"https:\/\/eur-lex.europa.eu\/legal-content\/RO\/TXT\/HTML\/?uri=CELEX:32021D0820&amp;from=EN\" data-type=\"URL\" data-id=\"https:\/\/eur-lex.europa.eu\/legal-content\/RO\/TXT\/HTML\/?uri=CELEX:32021D0820&amp;from=EN\" target=\"_blank\" rel=\"noreferrer noopener\">Agenda Strategic\u0103 de Inovare a EIT<\/a> (SIA) 2021-20271 stabile\u0219te direc\u021bia strategic\u0103, priorit\u0103\u021bile \u0219i obiectivele Institutului European de Inovare \u0219i Tehnologie \u0219i ale Comunit\u0103\u021bilor sale de cunoa\u0219tere \u0219i inovare (CCI EIT). Un obiectiv specific \u00een agenda strategica EIT SIA 2021-2027 este acela de a crea un impact sistemic \u00een \u00eenv\u0103\u021b\u0103m\u00e2ntul superior la nivel institu\u021bional, prin sprijinirea institu\u021biilor de \u00eenv\u0103\u021b\u0103m\u00e2nt superior pentru a-\u0219i consolida capacitatea de inovare \u0219i antreprenoriat, pentru a se integra \u00een ecosistemele de inovare \u0219i pentru a se implica \u00een acestea. Proced\u00e2nd astfel, institu\u021biile de \u00eenv\u0103\u021b\u0103m\u00e2nt superior vor fi \u00eemputernicite s\u0103 devin\u0103 motoare de impact \u0219i s\u0103 sprijine realizarea unei societ\u0103\u021bi neutre din punct de vedere al emisiilor de carbon, digitale, circulare \u0219i incluzive.<\/p>\n\n\n\n<p class=\"text-content-justify\">Finan\u0163area va fi atribuit\u0103 unui num\u0103r de p\u00e2n\u0103 la 16 propuneri de proiect.<\/p>\n\n\n\n<p class=\"text-content-justify\"><strong>Eligibilitate:<\/strong> entit\u0103\u0163i publice \u015fi private constituite legal \u00eentr-o \u0163ar\u0103 participant\u0103 la programul \u201eOrizont Europa\u201d; \u0163\u0103rile care nu sunt eligibile pentru \u201eOrizont Europa\u201d pot participa ca parteneri asocia\u021bi, dar nu sunt eligibile pentru finan\u021barea Ini\u021biativei HEI.<\/p>\n\n\n\n<p class=\"text-content-justify\">Un consor\u021biu de proiect trebuie s\u0103 fie format din minimum patru organiza\u021bii. Un num\u0103r maxim de organiza\u021bii nu exist\u0103.<\/p>\n\n\n\n<p class=\"text-content-justify\">Tipurile de organiza\u021bii eligibile pentru participare \u0219i finan\u021bare pot fi: institu\u021bii de \u00eenv\u0103\u021b\u0103m\u00e2nt superior, \u00eentreprinderi publice sau private &#8211; mici, mijlocii sau mari (inclusiv \u00eentreprinderi sociale), institute de cercetare, autorit\u0103\u0163i publice de la nivel local, jude\u0163ean, regional sau na\u021bional, organiza\u021bii sau asocia\u021bii intermediare care reprezint\u0103 institu\u021bii de \u00eenv\u0103\u021b\u0103m\u00e2nt superior.<\/p>\n\n\n\n<p class=\"text-content-justify\">Se sugereaz\u0103 ca autorit\u0103\u021bile publice regionale\/teritoriale relevante s\u0103 fie consultate \u00een procesul de dezvoltare a aplica\u021biei pentru actuala cerere. Consor\u021biile existente de institu\u021bii de \u00eenv\u0103\u021b\u0103m\u00e2nt superior, cum ar fi Alian\u021bele Universitare Europene, finan\u021bate prin Ini\u021biativa European\u0103 Universitar\u0103, sunt \u00eencurajate s\u0103 depun\u0103 o aplica\u0163ie.<\/p>\n\n\n\n<p class=\"text-content-justify\">Este esen\u021bial ca pentru aceast\u0103 cerere consor\u021biile s\u0103 dezvolte o leg\u0103tur\u0103 cu strategiile regionale\/na\u021bionale de specializare inteligent\u0103 (S3), de exemplu, cu planurile de cooperare cu autorit\u0103\u021bile lor na\u021bionale\/regionale responsabile cu specializarea inteligent\u0103 \u0219i s\u0103 explice cum vor explora orice finan\u021bare disponibil\u0103 legat\u0103 de S3 \u00een Planul de ac\u021biune privind viziunea inov\u0103rii (IVAP). Solicitan\u0163ii sunt sf\u0103tui\u0163i s\u0103 ia \u00een considerare platformele tematice relevante S3, cum ar fi cele dedicate domeniului agroalimentar, energiei, moderniz\u0103rii industriale, \u00een special \u00een ceea ce prive\u0219te educa\u021bia \u0219i competen\u021bele pentru S3. IVAP ar trebui s\u0103 demonstreze modul \u00een care partenerii de proiect pl\u0103nuiesc s\u0103-\u0219i consolideze leg\u0103tura cu strategiile de specializare inteligent\u0103 (S3).<\/p>\n\n\n\n<p>Aplica\u0163ia prevede dou\u0103 faze, dup\u0103 cum urmeaz\u0103:<\/p>\n\n\n\n<p class=\"text-content-justify\">Faza 1: 1 mai \u2013 30 noiembrie 2023; 350.000 EUR\/proiect \u015fi o durat\u0103 de opt luni \u015fi jum\u0103tate pentru implementare;<br>Faza 2: 15 ianuarie &#8211; 31 iulie 2024; dup\u0103 finalizarea satisf\u0103c\u0103toare a fazei 1, un proiect poate continua cu faza 2, care va consta din 6 luni \u015fi jum\u0103tate pentru implementare \u0219i o finan\u021bare suplimentar\u0103 maxim\u0103 de 400.000 EUR\/proiect.<br>Rata de finan\u021bare care se aplic\u0103 proiectelor de selectate pentru finan\u021bare este de p\u00e2n\u0103 la 100%.<\/p>\n\n\n\n<p class=\"text-content-justify\">Institu\u021biile de \u00eenv\u0103\u021b\u0103m\u00e2nt superior trebuie s\u0103-\u0219i depun\u0103 cererile pe portalul de aplica\u021bii al ini\u021biativei HEI, <a href=\"https:\/\/eit-hei.eu\/\" data-type=\"URL\" data-id=\"https:\/\/eit-hei.eu\/\" target=\"_blank\" rel=\"noreferrer noopener\">aici<\/a>, p\u00e2n\u0103 la 28 februarie 2023, ora 18.00, ora Rom\u00e2niei.<\/p>\n\n\n\n<p class=\"text-content-justify\">O platform\u0103 pentru colaborare\/c\u0103utare de parteneri este disponibil\u0103 la adresa ce poate fi accesat\u0103<a href=\"https:\/\/events.conversationstarter.net\/e\/hei-eit\" data-type=\"URL\" data-id=\"https:\/\/events.conversationstarter.net\/e\/hei-eit\" target=\"_blank\" rel=\"noreferrer noopener\"> aici<\/a>.<\/p>\n\n\n\n<p class=\"text-content-justify\">Sesiuni informative online pentru a prezenta cererea de propuneri mai detaliat \u0219i pentru a r\u0103spunde la \u00eentreb\u0103rile solicitan\u021bilor au fost \u015fi vor continua a fi organizate pentru to\u0163i poten\u0163ialii beneficiari. Detaliile privind inregistr\u0103rile sesiunilor deja desf\u0103\u015furate, dar \u015fi \u00eenscrirerile pentru cele viitoare din 10 ianuarie \u015fi 7 februarie 2023 sunt disponibile pe <a href=\"https:\/\/eit.europa.eu\/our-activities\/eit-support-ukraine\" data-type=\"URL\" data-id=\"https:\/\/eit.europa.eu\/our-activities\/eit-support-ukraine\" target=\"_blank\" rel=\"noreferrer noopener\">pagina oficial\u0103<\/a>.<\/p>\n","protected":false},"excerpt":{"rendered":"<p>Institutul European de Inovare \u015fi Tehnologie (EIT), ini\u0163iativ\u0103 sprijinit\u0103 financiar de c\u0103tre Uniunea European\u0103, a lansat cea de-a treia cerere de propuneri de proiecte pentru Institu\u0163iile de \u00cenv\u0103\u0163\u0103m\u00e2nt Superior (EIT HEI). Ini\u021biativa ajut\u0103 institu\u021biile de \u00eenv\u0103\u021b\u0103m\u00e2nt superior s\u0103-\u0219i dezvolte capacitatea de a preda inovarea \u0219i antreprenoriatul. Titlul cererii: \u201eIni\u021biativa HEI a EIT &#8211; Dezvoltarea capacit\u0103\u021bii [&hellip;]<\/p>\n","protected":false},"author":2,"featured_media":4276,"comment_status":"closed","ping_status":"closed","sticky":false,"template":"","format":"standard","meta":{"_et_pb_use_builder":"","_et_pb_old_content":"","_et_gb_content_width":"","footnotes":""},"categories":[4,5,19],"tags":[],"class_list":["post-4275","post","type-post","status-publish","format-standard","has-post-thumbnail","hentry","category-agenda","category-noutati","category-oportunitati-finantare-internationala"],"_links":{"self":[{"href":"https:\/\/uncjr.ro\/web\/wp-json\/wp\/v2\/posts\/4275","targetHints":{"allow":["GET"]}}],"collection":[{"href":"https:\/\/uncjr.ro\/web\/wp-json\/wp\/v2\/posts"}],"about":[{"href":"https:\/\/uncjr.ro\/web\/wp-json\/wp\/v2\/types\/post"}],"author":[{"embeddable":true,"href":"https:\/\/uncjr.ro\/web\/wp-json\/wp\/v2\/users\/2"}],"replies":[{"embeddable":true,"href":"https:\/\/uncjr.ro\/web\/wp-json\/wp\/v2\/comments?post=4275"}],"version-history":[{"count":2,"href":"https:\/\/uncjr.ro\/web\/wp-json\/wp\/v2\/posts\/4275\/revisions"}],"predecessor-version":[{"id":4278,"href":"https:\/\/uncjr.ro\/web\/wp-json\/wp\/v2\/posts\/4275\/revisions\/4278"}],"wp:featuredmedia":[{"embeddable":true,"href":"https:\/\/uncjr.ro\/web\/wp-json\/wp\/v2\/media\/4276"}],"wp:attachment":[{"href":"https:\/\/uncjr.ro\/web\/wp-json\/wp\/v2\/media?parent=4275"}],"wp:term":[{"taxonomy":"category","embeddable":true,"href":"https:\/\/uncjr.ro\/web\/wp-json\/wp\/v2\/categories?post=4275"},{"taxonomy":"post_tag","embeddable":true,"href":"https:\/\/uncjr.ro\/web\/wp-json\/wp\/v2\/tags?post=4275"}],"curies":[{"name":"wp","href":"https:\/\/api.w.org\/{rel}","templated":true}]}}