{"id":4265,"date":"2022-12-19T09:35:30","date_gmt":"2022-12-19T07:35:30","guid":{"rendered":"https:\/\/uncjr.ro\/web\/?p=4265"},"modified":"2025-01-27T15:44:00","modified_gmt":"2025-01-27T13:44:00","slug":"sondaj-comisia-nat","status":"publish","type":"post","link":"https:\/\/uncjr.ro\/web\/sondaj-comisia-nat\/","title":{"rendered":"Sondaj Comisia NAT"},"content":{"rendered":"\n<p class=\"text-content-justify\">La solicitarea pre\u0219edin\u021biei cehe a Consiliului UE, Comitetul European al Regiunilor preg\u0103te\u0219te \u00een prezent avizul privind \u00eenchirierile pe termen scurt. Pentru a reflecta \u00eentreaga gam\u0103 de pozi\u021bii \u00een proiectul s\u0103u, raportorul avizului pre\u0219edintele Consiliului Regional Veneto, Roberto Ciambetti, v\u0103 solicit\u0103 participarea la sondajul de mai jos.<\/p>\n\n\n\n<p class=\"text-content-justify\">Este vorba despre nou\u0103 \u00eentreb\u0103ri DA\/NU \u2013 cu posibilitatea de a ad\u0103uga comentarii dac\u0103 se dore\u0219te. R\u0103spunsurile \u00eei vor oferi raportorului \u00eendrum\u0103ri \u0219i exemple suplimentare care pot \u00eembog\u0103\u021bi at\u00e2t pozi\u021bia final\u0103 a CoR, c\u00e2t \u0219i dezbaterea pe care Comisia NAT o va organiza pe aceast\u0103 tem\u0103 pe data de 31 ianuarie 2023.<\/p>\n\n\n\n<p class=\"text-content-justify\">Sondajul este accesibil <a href=\"https:\/\/ec.europa.eu\/eusurvey\/runner\/Ciambetti_Balancing_local_communities_2022\" data-type=\"URL\" data-id=\"https:\/\/ec.europa.eu\/eusurvey\/runner\/Ciambetti_Balancing_local_communities_2022\" target=\"_blank\" rel=\"noreferrer noopener\">aici<\/a> p\u00e2n\u0103 la data de 20 ianuarie 2023.<\/p>\n\n\n\n<p class=\"text-content-justify\">Rezultatele sondajului vor fi discutate cu ocazia urm\u0103toarei reuniuni a comisiei NAT din 31 ianuarie 2023.<\/p>\n","protected":false},"excerpt":{"rendered":"<p>La solicitarea pre\u0219edin\u021biei cehe a Consiliului UE, Comitetul European al Regiunilor preg\u0103te\u0219te \u00een prezent avizul privind \u00eenchirierile pe termen scurt. Pentru a reflecta \u00eentreaga gam\u0103 de pozi\u021bii \u00een proiectul s\u0103u, raportorul avizului pre\u0219edintele Consiliului Regional Veneto, Roberto Ciambetti, v\u0103 solicit\u0103 participarea la sondajul de mai jos. Este vorba despre nou\u0103 \u00eentreb\u0103ri DA\/NU \u2013 cu posibilitatea [&hellip;]<\/p>\n","protected":false},"author":2,"featured_media":4266,"comment_status":"closed","ping_status":"closed","sticky":false,"template":"","format":"standard","meta":{"_et_pb_use_builder":"","_et_pb_old_content":"","_et_gb_content_width":"","footnotes":""},"categories":[4,14,5],"tags":[],"class_list":["post-4265","post","type-post","status-publish","format-standard","has-post-thumbnail","hentry","category-agenda","category-evenimente","category-noutati"],"_links":{"self":[{"href":"https:\/\/uncjr.ro\/web\/wp-json\/wp\/v2\/posts\/4265","targetHints":{"allow":["GET"]}}],"collection":[{"href":"https:\/\/uncjr.ro\/web\/wp-json\/wp\/v2\/posts"}],"about":[{"href":"https:\/\/uncjr.ro\/web\/wp-json\/wp\/v2\/types\/post"}],"author":[{"embeddable":true,"href":"https:\/\/uncjr.ro\/web\/wp-json\/wp\/v2\/users\/2"}],"replies":[{"embeddable":true,"href":"https:\/\/uncjr.ro\/web\/wp-json\/wp\/v2\/comments?post=4265"}],"version-history":[{"count":1,"href":"https:\/\/uncjr.ro\/web\/wp-json\/wp\/v2\/posts\/4265\/revisions"}],"predecessor-version":[{"id":4267,"href":"https:\/\/uncjr.ro\/web\/wp-json\/wp\/v2\/posts\/4265\/revisions\/4267"}],"wp:featuredmedia":[{"embeddable":true,"href":"https:\/\/uncjr.ro\/web\/wp-json\/wp\/v2\/media\/4266"}],"wp:attachment":[{"href":"https:\/\/uncjr.ro\/web\/wp-json\/wp\/v2\/media?parent=4265"}],"wp:term":[{"taxonomy":"category","embeddable":true,"href":"https:\/\/uncjr.ro\/web\/wp-json\/wp\/v2\/categories?post=4265"},{"taxonomy":"post_tag","embeddable":true,"href":"https:\/\/uncjr.ro\/web\/wp-json\/wp\/v2\/tags?post=4265"}],"curies":[{"name":"wp","href":"https:\/\/api.w.org\/{rel}","templated":true}]}}