{"id":4241,"date":"2022-12-14T11:48:08","date_gmt":"2022-12-14T09:48:08","guid":{"rendered":"https:\/\/uncjr.ro\/web\/?p=4241"},"modified":"2025-01-27T15:44:00","modified_gmt":"2025-01-27T13:44:00","slug":"cerere-de-finantare-pentru-preevenirea-si-combaterea-violentei-de-gen","status":"publish","type":"post","link":"https:\/\/uncjr.ro\/web\/cerere-de-finantare-pentru-preevenirea-si-combaterea-violentei-de-gen\/","title":{"rendered":"Cerere de finan\u021bare pentru prevenirea \u0219i combaterea violen\u021bei de gen \u0219i a violen\u021bei \u00eempotriva copiilor"},"content":{"rendered":"\n<p class=\"text-content-justify\">Comisia european\u0103, prin intermediul Direc\u0163iei generale \u201eJusti\u0163ie\u201d (DG JUST), mandatat\u0103 ca autoritate de management, anun\u021b\u0103 deschiderea \u201e<a href=\"https:\/\/ec.europa.eu\/info\/funding-tenders\/opportunities\/portal\/screen\/opportunities\/topic-details\/cerv-2023-daphne;callCode=CERV-2023-DAPHNE;freeTextSearchKeyword=;matchWholeText=true;typeCodes=1;statusCodes=31094501,31094502,31094503;programmePeriod=null;programCcm2Id=43251589;programDivisionCode=null;focusAreaCode=null;destinationGroup=null;missionGroup=null;geographicalZonesCode=null;programmeDivisionProspect=null;startDateLte=null;startDateGte=null;crossCuttingPriorityCode=null;cpvCode=null;performanceOfDelivery=null;sortQuery=sortStatus;orderBy=asc;onlyTenders=false;topicListKey=callTopicSearchTableState\" data-type=\"URL\" data-id=\"https:\/\/ec.europa.eu\/info\/funding-tenders\/opportunities\/portal\/screen\/opportunities\/topic-details\/cerv-2023-daphne;callCode=CERV-2023-DAPHNE;freeTextSearchKeyword=;matchWholeText=true;typeCodes=1;statusCodes=31094501,31094502,31094503;programmePeriod=null;programCcm2Id=43251589;programDivisionCode=null;focusAreaCode=null;destinationGroup=null;missionGroup=null;geographicalZonesCode=null;programmeDivisionProspect=null;startDateLte=null;startDateGte=null;crossCuttingPriorityCode=null;cpvCode=null;performanceOfDelivery=null;sortQuery=sortStatus;orderBy=asc;onlyTenders=false;topicListKey=callTopicSearchTableState\" target=\"_blank\" rel=\"noreferrer noopener\">Cererii de propuneri pentru prevenirea \u0219i combaterea violen\u021bei de gen \u0219i a violen\u021bei \u00eempotriva copiilor, apel c\u0103tre intermediari<\/a> (acordarea de sprijin financiar organiza\u021biilor ter\u021be ale societ\u0103\u021bii civile)\u201d 2023  din cadrul program european \u201eCet\u0103\u021beni, egalitate, drepturi \u0219i valori\u201d (CERV) 2021-2027.<\/p>\n\n\n\n<p class=\"text-content-justify\">Scopul general al acestei cereri este de a sprijini, de a \u00eemputernici \u0219i de a dezvolta capacitatea organiza\u021biilor independente ale societ\u0103\u021bii civile active la nivel local, regional, na\u021bional \u0219i transna\u021bional \u00een combaterea violen\u021bei bazate pe gen \u0219i\/sau a violen\u021bei \u00eempotriva copiilor \u0219i \u00een sus\u021binerea valorilor UE, contribuind astfel la exercitarea deplin\u0103 a drepturilor femeilor \u0219i copiilor, \u00eemputernicirea egal\u0103 a femeilor \u0219i b\u0103rba\u021bilor, dar \u0219i a copiilor, \u00een toat\u0103 diversitatea lor.<\/p>\n\n\n\n<p class=\"text-content-justify\">Finan\u0163area va permite selectarea \u0219i sprijinirea un num\u0103r limitat de actori\/intermediari transna\u021bionali, na\u021bionali sau regionali care vor consolida capacit\u0103\u021bile \u0219i vor (re)acorda grantul unui num\u0103r mare de organiza\u021bii ale societ\u0103\u021bii civile (OSC) active la nivel local, regional, na\u021bional.<\/p>\n\n\n\n<p class=\"text-content-justify\">Prin intermediul schemei de reacordare a grantului, se a\u0219teapt\u0103 ca intermediarii s\u0103 ajung\u0103 la OSC-urile mici \u0219i locale, inclusiv organiza\u021bii cu sediul \u00een zone \u00eendep\u0103rtate \u0219i rurale, active \u00een domeniul prevenirii \u0219i combaterii violen\u021bei bazate pe gen \u0219i\/sau a violen\u021bei \u00eempotriva copiilor \u0219i a altor grupuri expuse riscului, cu prioritate organiza\u021biilor care tind s\u0103 aib\u0103 o capacitate mai limitat\u0103 \u0219i\/sau acces la surse de finan\u021bare.<\/p>\n\n\n\n<p class=\"text-content-justify\"><strong>Termenul-limit\u0103<\/strong> pentru depunerea aplica\u021biilor: 19 aprilie 2023.<\/p>\n\n\n\n<p class=\"text-content-justify\"><strong>Buget disponibi<\/strong>l pentru cofinan\u021b\u0101ri: 24.900.000 EUR.<\/p>\n\n\n\n<p class=\"text-content-justify\"><strong>Eligibilitate:<\/strong> solicitan\u0163ii trebuie s\u0103 fie organiza\u021bii non-profit ale societ\u0103\u021bii civile din statele membre; co-solicitan\u021bii (dac\u0103 exist\u0103) trebuie s\u0103 fie entit\u0103\u021bi juridice (organisme publice sau private) stabilite oficial \u00eentr-una dintre \u021b\u0103rile eligibile sau o organiza\u021bie interna\u021bional\u0103.<\/p>\n\n\n\n<p class=\"text-content-justify\">Solicitantul trebuie s\u0103 \u00eendeplineasc\u0103 ambele dintre urm\u0103toarele condi\u021bii: <\/p>\n\n\n\n<ul class=\"wp-block-list\">\n<li> s\u0103 aib\u0103 experien\u021b\u0103 recent\u0103 dovedit\u0103 de cel pu\u021bin trei ani \u00een implementarea activit\u0103\u021bilor de consolidare a capacit\u0103\u021bilor OSC; <\/li>\n\n\n\n<li> s\u0103 aib\u0103 experien\u021b\u0103 recent\u0103 dovedit\u0103 \u00een acordarea \u0219i gestionarea granturilor.<\/li>\n<\/ul>\n\n\n\n<p class=\"text-content-justify\">Durata maxim\u0103 a implement\u0103rii este de 36 de luni.<\/p>\n\n\n\n<p class=\"text-content-justify\">Grantul UE solicitat nu poate fi mai mic de 1.500.000 EUR sau mai mare de 3.000.000 EUR. Proiectul poate fi na\u021bional sau transna\u021bional.<\/p>\n\n\n\n<p class=\"text-content-justify\">Contact direct pentru detalii: EC-CERV-CALLS@ec.europa.eu<\/p>\n","protected":false},"excerpt":{"rendered":"<p>Comisia european\u0103, prin intermediul Direc\u0163iei generale \u201eJusti\u0163ie\u201d (DG JUST), mandatat\u0103 ca autoritate de management, anun\u021b\u0103 deschiderea \u201eCererii de propuneri pentru prevenirea \u0219i combaterea violen\u021bei de gen \u0219i a violen\u021bei \u00eempotriva copiilor, apel c\u0103tre intermediari (acordarea de sprijin financiar organiza\u021biilor ter\u021be ale societ\u0103\u021bii civile)\u201d 2023 din cadrul program european \u201eCet\u0103\u021beni, egalitate, drepturi \u0219i valori\u201d (CERV) 2021-2027. [&hellip;]<\/p>\n","protected":false},"author":2,"featured_media":4242,"comment_status":"closed","ping_status":"closed","sticky":false,"template":"","format":"standard","meta":{"_et_pb_use_builder":"","_et_pb_old_content":"","_et_gb_content_width":"","footnotes":""},"categories":[4,5,19],"tags":[],"class_list":["post-4241","post","type-post","status-publish","format-standard","has-post-thumbnail","hentry","category-agenda","category-noutati","category-oportunitati-finantare-internationala"],"_links":{"self":[{"href":"https:\/\/uncjr.ro\/web\/wp-json\/wp\/v2\/posts\/4241","targetHints":{"allow":["GET"]}}],"collection":[{"href":"https:\/\/uncjr.ro\/web\/wp-json\/wp\/v2\/posts"}],"about":[{"href":"https:\/\/uncjr.ro\/web\/wp-json\/wp\/v2\/types\/post"}],"author":[{"embeddable":true,"href":"https:\/\/uncjr.ro\/web\/wp-json\/wp\/v2\/users\/2"}],"replies":[{"embeddable":true,"href":"https:\/\/uncjr.ro\/web\/wp-json\/wp\/v2\/comments?post=4241"}],"version-history":[{"count":2,"href":"https:\/\/uncjr.ro\/web\/wp-json\/wp\/v2\/posts\/4241\/revisions"}],"predecessor-version":[{"id":4244,"href":"https:\/\/uncjr.ro\/web\/wp-json\/wp\/v2\/posts\/4241\/revisions\/4244"}],"wp:featuredmedia":[{"embeddable":true,"href":"https:\/\/uncjr.ro\/web\/wp-json\/wp\/v2\/media\/4242"}],"wp:attachment":[{"href":"https:\/\/uncjr.ro\/web\/wp-json\/wp\/v2\/media?parent=4241"}],"wp:term":[{"taxonomy":"category","embeddable":true,"href":"https:\/\/uncjr.ro\/web\/wp-json\/wp\/v2\/categories?post=4241"},{"taxonomy":"post_tag","embeddable":true,"href":"https:\/\/uncjr.ro\/web\/wp-json\/wp\/v2\/tags?post=4241"}],"curies":[{"name":"wp","href":"https:\/\/api.w.org\/{rel}","templated":true}]}}