{"id":4180,"date":"2022-12-06T09:42:02","date_gmt":"2022-12-06T07:42:02","guid":{"rendered":"https:\/\/uncjr.ro\/web\/?p=4180"},"modified":"2025-01-27T15:44:13","modified_gmt":"2025-01-27T13:44:13","slug":"s-a-deschis-cererea-de-candidaturi-pentru-competitia-regiunea-europeana-intreprinzatoare-2024","status":"publish","type":"post","link":"https:\/\/uncjr.ro\/web\/s-a-deschis-cererea-de-candidaturi-pentru-competitia-regiunea-europeana-intreprinzatoare-2024\/","title":{"rendered":"S-a deschis cererea de candidaturi pentru competi\u021bia \u201eRegiunea European\u0103 \u00centreprinz\u0103toare\u201d 2024"},"content":{"rendered":"\n<p class=\"text-content-justify\">Comitetul European al Regiunilor a lansat cererea de candidaturi pentru edi\u021bia 2024 a competi\u021biei \u201eRegiunea European\u0103 \u00centreprinz\u0103toare\u201d (REI). Premiul REI este accesibil tuturor comunelor, ora\u015felor, provinciilor, regiunilor, dar \u015fi GECT-urilor din UE care doresc s\u0103-\u0219i prezinte, s\u0103-\u0219i \u00eemp\u0103rt\u0103\u0219easc\u0103 \u0219i s\u0103-\u0219i dezvolte strategia \u0219i experien\u021ba \u00een ceea ce prive\u0219te promovarea cre\u0219terii sustenabile teritoriale.<\/p>\n\n\n\n<p class=\"text-content-justify\">Tema principal\u0103 a campaniei REI 2024 este \u201eOra\u0219e \u0219i regiuni pe calea c\u0103tre o cre\u0219tere durabil\u0103, rezilient\u0103 \u0219i digital\u0103\u201d, aceasta urm\u00e2nd s\u0103 eviden\u021bieze ac\u021biunile locale, jude\u0163ene \u0219i regionale care sprijin\u0103, \u00een urm\u0103torii doi ani, tranzi\u021bia verde \u0219i digital\u0103 a IMM-urilor, consolid\u00e2nd competitivitatea \u0219i rezilien\u021ba pe termen lung a economiilor lor locale.<\/p>\n\n\n\n<p class=\"text-content-justify\">Autorit\u0103\u021bile locale \u00ee\u0219i pot prezenta strategiile p\u00e2n\u0103 la 29 martie 2023, la adresa: eer-cdr@cor.europa.eu.<\/p>\n\n\n\n<p class=\"text-content-justify\">Prin ini\u021biativa REI, CoR contribuie la punerea \u00een aplicare a <a href=\"https:\/\/single-market-economy.ec.europa.eu\/smes\/sme-strategy_en\" data-type=\"URL\" data-id=\"https:\/\/single-market-economy.ec.europa.eu\/smes\/sme-strategy_en\" target=\"_blank\" rel=\"noreferrer noopener\">Strategiei UE pentru IMM-uri <\/a>\u0219i a priorit\u0103\u021bilor-cheie ale agendei strategice a UE pentru perioada 2019-2024 la nivel regional \u0219i local. C\u00e2\u0219tig\u0103torii edi\u021biei din 2024 vor fi anun\u021ba\u021bi \u00een cadrul sesiunii plenare a CoR din iulie 2023.<\/p>\n\n\n\n<p class=\"text-content-justify\">Detalii \u0219i informa\u021bii privind modul de \u00eenscriere la edi\u021bia 2024 a premiului REI sunt disponibile <a rel=\"noreferrer noopener\" href=\"https:\/\/cor.europa.eu\/en\/engage\/Documents\/How%20to%20apply.pdf\" data-type=\"URL\" data-id=\"https:\/\/cor.europa.eu\/en\/engage\/Documents\/How%20to%20apply.pdf\" target=\"_blank\">aici<\/a> \u0219i <a href=\"https:\/\/cor.europa.eu\/ro\/engage\/Pages\/european-entrepreneurial-region.aspx?utm_source=SharedLink&amp;utm_medium=ShortURL&amp;utm_campaign=EER2020\" data-type=\"URL\" data-id=\"https:\/\/cor.europa.eu\/ro\/engage\/Pages\/european-entrepreneurial-region.aspx?utm_source=SharedLink&amp;utm_medium=ShortURL&amp;utm_campaign=EER2020\" target=\"_blank\" rel=\"noreferrer noopener\">pe pagina<\/a> dedicat\u0103 acestei teme.<\/p>\n\n\n\n<p class=\"text-content-justify\"><strong>Ce este REI?<\/strong><\/p>\n\n\n\n<ul class=\"wp-block-list\">\n<li>o marc\u0103 de recunoa\u015ftere\/o etichet\u0103 acordat\u0103 anual de Comitetul European al Regiunilor, pentru maximum trei municipalit\u0103\u021bi, ora\u015fe, provincii sau regiuni cu strategii orientate spre viitor pentru a sprijini IMM-urile, start-up-urile \u015fi companiile la scara mare;<\/li>\n\n\n\n<li class=\"text-content-justify\">o re\u021bea de teritorii-pionier aflate \u00een dezvoltare, care consolideaz\u0103 \u00een mod activ ecosistemele lor antreprenoriale, schimb\u0103 exemple de bun\u0103 practic\u0103 \u015fi colaboreaz\u0103 pentru proiecte europene.<\/li>\n<\/ul>\n\n\n\n<p class=\"text-content-justify\"><strong>De ce ar fi util s\u0103 aplica\u021bi?<\/strong><\/p>\n\n\n\n<p class=\"text-content-justify\">REI ofer\u0103 recunoa\u015ftere \u015fi vizibilitate strategiei locale antreprenoriale \u015fi proiectelor concrete \u00eencurajate sau dezvoltate de administra\u021bia respectiv\u0103. REI ajut\u0103 p\u0103r\u021bile interesate ale ecosistemului antreprenorial s\u0103 se implice proactiv \u015fi s\u0103 stimuleze maturizarea ecosistemului. Aceast\u0103 ini\u021biativ\u0103 ofer\u0103, de asemenea, acces gratuit \u015fi nelimitat la o re\u021bea de poten\u021biali parteneri, pentru diferite oportunit\u0103\u021bi de cooperare.<\/p>\n\n\n\n<p class=\"text-content-justify\">P\u00e2n\u0103 \u00een prezent, 39 de teritorii europene din Austria, Bulgaria, Belgia, Finlanda, Fran\u021ba, Germania, Grecia, Irlanda, Italia, Marea Britanie, Polonia, Portugalia, Regatul \u0162\u0103rilor de Jos, Slovacia, Spania \u015fi Suedia au primit aceasta distinc\u021bie, la edi\u021bia 2022-2023 fiind premiate urm\u0103toarele candidaturi: ora\u015ful Barcelona (Spania), municipalitatea Penela (Portugalia), regiunea Pomerania de Vest (Polonia)\u200b.<\/p>\n","protected":false},"excerpt":{"rendered":"<p>Comitetul European al Regiunilor a lansat cererea de candidaturi pentru edi\u021bia 2024 a competi\u021biei \u201eRegiunea European\u0103 \u00centreprinz\u0103toare\u201d (REI). Premiul REI este accesibil tuturor comunelor, ora\u015felor, provinciilor, regiunilor, dar \u015fi GECT-urilor din UE care doresc s\u0103-\u0219i prezinte, s\u0103-\u0219i \u00eemp\u0103rt\u0103\u0219easc\u0103 \u0219i s\u0103-\u0219i dezvolte strategia \u0219i experien\u021ba \u00een ceea ce prive\u0219te promovarea cre\u0219terii sustenabile teritoriale. Tema principal\u0103 a [&hellip;]<\/p>\n","protected":false},"author":2,"featured_media":4181,"comment_status":"closed","ping_status":"closed","sticky":false,"template":"","format":"standard","meta":{"_et_pb_use_builder":"","_et_pb_old_content":"","_et_gb_content_width":"","footnotes":""},"categories":[4,5,19],"tags":[],"class_list":["post-4180","post","type-post","status-publish","format-standard","has-post-thumbnail","hentry","category-agenda","category-noutati","category-oportunitati-finantare-internationala"],"_links":{"self":[{"href":"https:\/\/uncjr.ro\/web\/wp-json\/wp\/v2\/posts\/4180","targetHints":{"allow":["GET"]}}],"collection":[{"href":"https:\/\/uncjr.ro\/web\/wp-json\/wp\/v2\/posts"}],"about":[{"href":"https:\/\/uncjr.ro\/web\/wp-json\/wp\/v2\/types\/post"}],"author":[{"embeddable":true,"href":"https:\/\/uncjr.ro\/web\/wp-json\/wp\/v2\/users\/2"}],"replies":[{"embeddable":true,"href":"https:\/\/uncjr.ro\/web\/wp-json\/wp\/v2\/comments?post=4180"}],"version-history":[{"count":1,"href":"https:\/\/uncjr.ro\/web\/wp-json\/wp\/v2\/posts\/4180\/revisions"}],"predecessor-version":[{"id":4182,"href":"https:\/\/uncjr.ro\/web\/wp-json\/wp\/v2\/posts\/4180\/revisions\/4182"}],"wp:featuredmedia":[{"embeddable":true,"href":"https:\/\/uncjr.ro\/web\/wp-json\/wp\/v2\/media\/4181"}],"wp:attachment":[{"href":"https:\/\/uncjr.ro\/web\/wp-json\/wp\/v2\/media?parent=4180"}],"wp:term":[{"taxonomy":"category","embeddable":true,"href":"https:\/\/uncjr.ro\/web\/wp-json\/wp\/v2\/categories?post=4180"},{"taxonomy":"post_tag","embeddable":true,"href":"https:\/\/uncjr.ro\/web\/wp-json\/wp\/v2\/tags?post=4180"}],"curies":[{"name":"wp","href":"https:\/\/api.w.org\/{rel}","templated":true}]}}