{"id":4143,"date":"2022-11-25T09:33:59","date_gmt":"2022-11-25T07:33:59","guid":{"rendered":"https:\/\/uncjr.ro\/web\/?p=4143"},"modified":"2025-01-27T15:44:14","modified_gmt":"2025-01-27T13:44:14","slug":"noi-cereri-de-propuneri-de-proiecte-prin-programul-europa-creativa-2021-2027","status":"publish","type":"post","link":"https:\/\/uncjr.ro\/web\/noi-cereri-de-propuneri-de-proiecte-prin-programul-europa-creativa-2021-2027\/","title":{"rendered":"Noi cereri de propuneri de proiecte prin Programul \u201eEuropa Creativ\u0103 2021-2027\u201d"},"content":{"rendered":"\n<p class=\"text-content-justify\">Comisia European\u0103, prin Agen\u021bia Executiv\u0103 pentru Educa\u021bie \u015fi Cultur\u0103 (EACEA) de la Bruxelles, entitate mandat\u0103 pentru gestiunea direct\u0103 a acestor finan\u0163\u0103ri, a deschis cererea de propuneri de proiecte 2023 \u201eProiecte europene de cooperare\u201d.<\/p>\n\n\n\n<p class=\"text-content-justify\">Programul prin care se asigur\u0103 finan\u0163area este <a rel=\"noreferrer noopener\" href=\"https:\/\/eur-lex.europa.eu\/legal-content\/RO\/TXT\/PDF\/?uri=CELEX:32021R0818&amp;from=RO\" data-type=\"URL\" data-id=\"https:\/\/eur-lex.europa.eu\/legal-content\/RO\/TXT\/PDF\/?uri=CELEX:32021R0818&amp;from=RO\" target=\"_blank\">EUROPA CREATIV\u0102 2021-2027<\/a>, componenta cultur\u0103.<\/p>\n\n\n\n<p class=\"text-content-justify\">Cererea a fost lansat\u0103 \u00een acord cu Programul anual de lucru 2023 al Comisiei pentru implementarea programului Europa Creativ\u0103.<\/p>\n\n\n\n<p class=\"text-content-justify\">Termenul \u201esectoare culturale \u0219i creative\u201d grupeaz\u0103 toate sectoarele ale c\u0103ror activit\u0103\u021bi se bazeaz\u0103 pe valori culturale sau artistice \u0219i alte expresii creative individuale sau colective. Activit\u0103\u021bile pot include crearea, dezvoltarea, produc\u021bia, diseminarea \u0219i conservarea bunurilor \u0219i serviciilor care \u00eentruchipeaz\u0103 expresii culturale, artistice sau creative, precum \u0219i educa\u021bia sau managementul, legate de aceste activit\u0103\u021bi. Sectoarele includ, printre altele, arhitectura, arhivele, bibliotecile \u0219i muzeele, me\u0219te\u0219ugurile artistice, audiovizualul, patrimoniu cultural material \u0219i imaterial, designul (inclusiv cel vestimentar), festivalurile, muzica, literatura, arta spectacolului, c\u0103r\u021bile \u0219i editurile, radioul \u0219i artele vizuale.<\/p>\n\n\n\n<p class=\"text-content-justify\">Proiectele de cooperare european\u0103 sunt proiecte transna\u021bionale care implic\u0103 organiza\u021bii culturale \u0219i creative din diferite \u021b\u0103ri care particip\u0103 la program. Ele ofer\u0103 organiza\u021biilor culturale de toate dimensiunile posibilitatea de a co-produce, coopera, experimenta, inova, de a fi mobile \u0219i de a \u00eenv\u0103\u021ba unele de la altele. Cererea urm\u0103re\u0219te \u00eembun\u0103t\u0103\u021birea accesului la cultura \u0219i la operele creative europene, dar \u015fi promovarea inova\u021biei \u015fi a crea\u0163iei.<\/p>\n\n\n\n<p class=\"text-content-justify\">Proiectele pot acoperi unul sau mai multe sectoare culturale \u0219i creative \u0219i pot fi interdisciplinare.<\/p>\n\n\n\n<p class=\"text-content-justify\">\u00cen func\u021bie de num\u0103rul organiza\u021biilor implicate, proiectele sprijinite pot fi la scar\u0103 mic\u0103, medie sau mare. Proiectele la scar\u0103 mic\u0103 sunt deosebit de potrivite pentru a promova accesul organiza\u021biilor de la nivel local \u0219i pentru a le sprijini pe acestea \u00een crearea de noi parteneriate \u0219i dezvoltarea de noi activit\u0103\u021bi \u0219i idei inovatoare, cum ar fi festivaluri, t\u00e2rguri de art\u0103, expozi\u021bii, spectacole etc.<\/p>\n\n\n\n<p class=\"text-content-justify\">Cererea este ancorat\u0103 \u00een cadrul politic al componentei \u201eCultur\u0103\u201d a programului Europa Creativ\u0103 \u0219i \u00een aspectele sale transversale (incluziune, reducerea impactului asupra mediului \u0219i egalitatea de gen). Proiectele de cooperare european\u0103 sunt, de asemenea, concepute pentru a contribui la implementarea ini\u021biativelor emergente de politic\u0103 european\u0103, cum ar fi Noul Bauhaus European. Consecin\u021bele r\u0103zboiului din Ucraina asupra popula\u021biei acesteia \u0219i asupra sectoarelor culturale \u0219i creative ale \u021b\u0103rii ar trebui luate \u00een considerare c\u00e2t mai mult \u00een propunerile de proiecte.<\/p>\n\n\n\n<p class=\"text-content-justify\">Se a\u015fteapt\u0103 ca prin aceast\u0103 cerere s\u0103 fie finan\u0163ate 130 de proiecte.<\/p>\n\n\n\n<p class=\"text-content-justify\"><strong>Termenul-limit\u0103 <\/strong>pentru depunerea propunerilor de proiect: 23 februarie 2023 (ora 17:00 la Bruxelles).<\/p>\n\n\n\n<p class=\"text-content-justify\"><strong>Eligibilitate:<\/strong> entit\u0103\u021bi private \u015fi publice, organiza\u021bii interna\u021bionale, oficii\/birouri ale programului \u00abEuropa Creativ\u0103\u00bb din statele membre ale UE \u015fi \u0163\u0103ri ter\u0163e asociate la <a rel=\"noreferrer noopener\" href=\"https:\/\/ec.europa.eu\/info\/funding-tenders\/opportunities\/docs\/2021-2027\/crea\/guidance\/list-3rd-country-participation_crea_en.pdf\" data-type=\"URL\" data-id=\"https:\/\/ec.europa.eu\/info\/funding-tenders\/opportunities\/docs\/2021-2027\/crea\/guidance\/list-3rd-country-participation_crea_en.pdf\" target=\"_blank\">program<\/a>.<\/p>\n\n\n\n<p class=\"text-content-justify\"><strong>Bugetul total al cererii:<\/strong> 60.076.809 EUR; cofinan\u0163\u0103ri \u00een func\u0163ie de tipul de proiect, pentru proiecte la scar\u0103 mic\u0103, 80%, pentru proiecte la scar\u0103 medie, 70%, iar pentru proiecte de mari dimensiuni, 60%.<\/p>\n\n\n\n<p class=\"text-content-justify\">Contact direct pentru detalii \u015fi \u00eentreb\u0103ri: EACEA-CREATIVE-EUROPE-COOPERATIONPROJECTS@ec.europa.eu<\/p>\n\n\n\n<p class=\"text-content-justify\">Mai multe detalii potfi consultate <a href=\"https:\/\/culture.ec.europa.eu\/calls\/european-cooperation-projects\" data-type=\"URL\" data-id=\"https:\/\/culture.ec.europa.eu\/calls\/european-cooperation-projects\" target=\"_blank\" rel=\"noreferrer noopener\">aici<\/a>.<\/p>\n","protected":false},"excerpt":{"rendered":"<p>Comisia European\u0103, prin Agen\u021bia Executiv\u0103 pentru Educa\u021bie \u015fi Cultur\u0103 (EACEA) de la Bruxelles, entitate mandat\u0103 pentru gestiunea direct\u0103 a acestor finan\u0163\u0103ri, a deschis cererea de propuneri de proiecte 2023 \u201eProiecte europene de cooperare\u201d. Programul prin care se asigur\u0103 finan\u0163area este EUROPA CREATIV\u0102 2021-2027, componenta cultur\u0103. Cererea a fost lansat\u0103 \u00een acord cu Programul anual de [&hellip;]<\/p>\n","protected":false},"author":2,"featured_media":4144,"comment_status":"closed","ping_status":"closed","sticky":false,"template":"","format":"standard","meta":{"_et_pb_use_builder":"","_et_pb_old_content":"","_et_gb_content_width":"","footnotes":""},"categories":[4,5,19],"tags":[],"class_list":["post-4143","post","type-post","status-publish","format-standard","has-post-thumbnail","hentry","category-agenda","category-noutati","category-oportunitati-finantare-internationala"],"_links":{"self":[{"href":"https:\/\/uncjr.ro\/web\/wp-json\/wp\/v2\/posts\/4143","targetHints":{"allow":["GET"]}}],"collection":[{"href":"https:\/\/uncjr.ro\/web\/wp-json\/wp\/v2\/posts"}],"about":[{"href":"https:\/\/uncjr.ro\/web\/wp-json\/wp\/v2\/types\/post"}],"author":[{"embeddable":true,"href":"https:\/\/uncjr.ro\/web\/wp-json\/wp\/v2\/users\/2"}],"replies":[{"embeddable":true,"href":"https:\/\/uncjr.ro\/web\/wp-json\/wp\/v2\/comments?post=4143"}],"version-history":[{"count":1,"href":"https:\/\/uncjr.ro\/web\/wp-json\/wp\/v2\/posts\/4143\/revisions"}],"predecessor-version":[{"id":4145,"href":"https:\/\/uncjr.ro\/web\/wp-json\/wp\/v2\/posts\/4143\/revisions\/4145"}],"wp:featuredmedia":[{"embeddable":true,"href":"https:\/\/uncjr.ro\/web\/wp-json\/wp\/v2\/media\/4144"}],"wp:attachment":[{"href":"https:\/\/uncjr.ro\/web\/wp-json\/wp\/v2\/media?parent=4143"}],"wp:term":[{"taxonomy":"category","embeddable":true,"href":"https:\/\/uncjr.ro\/web\/wp-json\/wp\/v2\/categories?post=4143"},{"taxonomy":"post_tag","embeddable":true,"href":"https:\/\/uncjr.ro\/web\/wp-json\/wp\/v2\/tags?post=4143"}],"curies":[{"name":"wp","href":"https:\/\/api.w.org\/{rel}","templated":true}]}}