{"id":4139,"date":"2022-11-24T10:13:22","date_gmt":"2022-11-24T08:13:22","guid":{"rendered":"https:\/\/uncjr.ro\/web\/?p=4139"},"modified":"2025-01-27T15:42:37","modified_gmt":"2025-01-27T13:42:37","slug":"finantari-pentru-analize-teritoriale-prin-programul-european-espon-deschise-pana-la-24-februarie-2023","status":"publish","type":"post","link":"https:\/\/uncjr.ro\/web\/finantari-pentru-analize-teritoriale-prin-programul-european-espon-deschise-pana-la-24-februarie-2023\/","title":{"rendered":"Finan\u021b\u0103ri pentru analize teritoriale prin programul european ESPON deschise p\u00e2n\u0103 la 24 februarie 2023"},"content":{"rendered":"\n<p class=\"text-content-justify\">Gruparea European\u0103 pentru Cooperare Teritorial\u0103 ESPON cu sediul la Luxemburg, Autoritate de Management mandatat\u0103 de c\u0103tre Comisia European\u0103 s\u0103 gestioneze fondurile europene disponibile pentru analizele teritoriale paneuropene a deschis, p\u00e2n\u0103 la 24 februarie 2023, cererea de propuneri de proiecte adresat\u0103 p\u0103r\u0163ilor interesate &#8211; factori de decizie \u015fi exper\u0163i &#8211; din administra\u0163iile publice locale, jude\u0163ene, regionale \u015fi na\u0163ionale, dar \u015fi din cadrul unor organisme europene de cooperare (GECT-uri, spre exemplu) pentru a prezenta propuneri de analize focalizate.<\/p>\n\n\n\n<p class=\"text-content-justify\">Obiectivul general al programului de cooperare ESPON este de a sprijini consolidarea eficacit\u0103\u021bii coeziunii UE. Aria programului acoper\u0103 teritoriul celor 27 state membre ale UE, precum \u0219i al celor cinci state partenere ale programului: Marea Britanie, Islanda, Norvegia, Lichtenstein \u0219i Elve\u021bia. Aloc\u0103rile bugetare provin din Fondul European pentru Dezvoltare Regional\u0103 pentru perioada 2021-2027 \u015fi din contribu\u0163ii na\u0163ionale ale partenerilor.<\/p>\n\n\n\n<p class=\"text-content-justify\">Actuala cerere de propuneri are la baza obiective \u015fi priorit\u0103\u0163i ale programului ESPON 2030, iar pentru acest apel sunt anun\u0163ate patru tematici de interes, dup\u0103 cum urmeaz\u0103: <\/p>\n\n\n\n<ol class=\"wp-block-list\">\n<li> Teritorii neutre din punct de vedere climatic;<\/li>\n\n\n\n<li> Guvernan\u0163a noilor geografii;<\/li>\n\n\n\n<li> Perspective pentru to\u0163i oamenii \u015fi toate locurile;<\/li>\n\n\n\n<li> Spa\u0163ii reziliente la crize.<\/li>\n<\/ol>\n\n\n\n<p class=\"text-content-justify\"><strong>Bugetul<\/strong> total comunicat pentru perioada 2021-2027: 50,5 milioane EUR.<\/p>\n\n\n\n<p class=\"text-content-justify\">P\u0103r\u0163ile interesate pot candida individual sau pot forma grupuri\/consor\u0163ii din mai mul\u0163i parteneri care au probleme \u015fi necesit\u0103\u0163i comune. Deoarece analizele focalizate ale ESPON vizeaz\u0103 ob\u0163inerea unor cuno\u015ftin\u0163e practice privind spa\u0163iul european, replicabile \u00een procesele de luare a deciziilor, dezvoltarea de noi politici locale \u015fi \u00een strategiile de management, solicitan\u0163ii trebuie s\u0103-\u015fi bazeze propunerile pe identificarea nevoilor lor \u00een ceea ce priveste dezvoltarea sau \u00eembun\u0103t\u0103\u0163irea politicilor \u015fi planificarea local\u0103, integr\u00e2nd \u00een acela\u015fi timp o perspectiv\u0103 european\u0103.<\/p>\n\n\n\n<p class=\"text-content-justify\">\u00cen decurs de un an, propunerilor selectate li se vor oferi urm\u0103toarele:<\/p>\n\n\n\n<ul class=\"wp-block-list\">\n<li class=\"text-content-justify\">sprijin administrativ \u015fi tehnic pentru proiectarea termenilor de referin\u0163\u0103 care au o leg\u0103tur\u0103 direct\u0103 cu \u00eentreb\u0103rile solicitan\u0163ilor \u015fi \u00een conformitate cu programul de cooperare ESPON;<\/li>\n\n\n\n<li class=\"text-content-justify\">asisten\u0163\u0103 tehnic\u0103 permanent\u0103 din partea echipei de exper\u0163i a ESPON pentru a se asigura progresul activit\u0103\u0163ii \u015fi calitatea rezultatelor;<\/li>\n\n\n\n<li class=\"text-content-justify\">un buget dedicat, \u00een general de aproximativ 250.000 \u20ac, pentru finan\u0163area unui studiu la nivel \u00eenalt condus de exper\u0163i selecta\u0163i cu aten\u0163ie din \u00eentreaga Europ\u0103 (prin proceduri de achizi\u0163ii publice);<\/li>\n\n\n\n<li class=\"text-content-justify\">oportunit\u0103\u0163i de a \u00eenv\u0103\u0163a \u00eempreun\u0103 cu al\u0163i colegii europeni \u015fi de a \u00eemp\u0103rt\u0103\u015fi dovezi \u015fi experien\u0163e cu alte p\u0103r\u0163i interesate (pe tema de interes);<\/li>\n\n\n\n<li class=\"text-content-justify\">participare la evenimentele organizate de ESPON, realizate, \u00een mod obi\u015fnuit, \u00een cooperare cu pre\u015fedin\u0163iile UE, pentru conectarea la o comunitate interna\u0163ional\u0103 de factori de decizie \u015fi exper\u0163i.<\/li>\n<\/ul>\n\n\n\n<p class=\"text-content-justify\">Propunerile selectate vor fi apoi transformate \u00een cereri de oferte pentru a finan\u0163a realizarea analizelor de c\u0103tre cercet\u0103torii europeni selecta\u0163i de c\u0103tre ESPON, \u00een colaborare cu practicienii care le-au ini\u0163iat. Aplica\u0163iile pot fi depuse doar \u00een format digital; informa\u0163iile detaliate privind formularul de aplicare \u015fi ghidul beneficiarului pot fi accesate <a rel=\"noreferrer noopener\" href=\"https:\/\/www.espon.eu\/participate\/targeted-analysis-cutoff-february-2023\" data-type=\"URL\" data-id=\"https:\/\/www.espon.eu\/participate\/targeted-analysis-cutoff-february-2023\" target=\"_blank\">aici<\/a>.<\/p>\n\n\n\n<p class=\"text-content-justify\">\u00centreb\u0103rile privind aceast\u0103 cerere de propuneri de proiecte trebuie adresate direct secretariatului ESPON, la email-ul pus la dispozi\u0163ia celor interesa\u0163i: application@espon.eu. Schimbul de idei pe aceasta tem\u0103 \u015fi c\u0103utarea de parteneri sunt posibile pe LinkedIn group \u201eESPON stakeholders&#8221;.<\/p>\n","protected":false},"excerpt":{"rendered":"<p>Gruparea European\u0103 pentru Cooperare Teritorial\u0103 ESPON cu sediul la Luxemburg, Autoritate de Management mandatat\u0103 de c\u0103tre Comisia European\u0103 s\u0103 gestioneze fondurile europene disponibile pentru analizele teritoriale paneuropene a deschis, p\u00e2n\u0103 la 24 februarie 2023, cererea de propuneri de proiecte adresat\u0103 p\u0103r\u0163ilor interesate &#8211; factori de decizie \u015fi exper\u0163i &#8211; din administra\u0163iile publice locale, jude\u0163ene, regionale [&hellip;]<\/p>\n","protected":false},"author":2,"featured_media":4142,"comment_status":"closed","ping_status":"closed","sticky":false,"template":"","format":"standard","meta":{"_et_pb_use_builder":"","_et_pb_old_content":"","_et_gb_content_width":"","footnotes":""},"categories":[4,5,19],"tags":[],"class_list":["post-4139","post","type-post","status-publish","format-standard","has-post-thumbnail","hentry","category-agenda","category-noutati","category-oportunitati-finantare-internationala"],"_links":{"self":[{"href":"https:\/\/uncjr.ro\/web\/wp-json\/wp\/v2\/posts\/4139","targetHints":{"allow":["GET"]}}],"collection":[{"href":"https:\/\/uncjr.ro\/web\/wp-json\/wp\/v2\/posts"}],"about":[{"href":"https:\/\/uncjr.ro\/web\/wp-json\/wp\/v2\/types\/post"}],"author":[{"embeddable":true,"href":"https:\/\/uncjr.ro\/web\/wp-json\/wp\/v2\/users\/2"}],"replies":[{"embeddable":true,"href":"https:\/\/uncjr.ro\/web\/wp-json\/wp\/v2\/comments?post=4139"}],"version-history":[{"count":1,"href":"https:\/\/uncjr.ro\/web\/wp-json\/wp\/v2\/posts\/4139\/revisions"}],"predecessor-version":[{"id":4141,"href":"https:\/\/uncjr.ro\/web\/wp-json\/wp\/v2\/posts\/4139\/revisions\/4141"}],"wp:featuredmedia":[{"embeddable":true,"href":"https:\/\/uncjr.ro\/web\/wp-json\/wp\/v2\/media\/4142"}],"wp:attachment":[{"href":"https:\/\/uncjr.ro\/web\/wp-json\/wp\/v2\/media?parent=4139"}],"wp:term":[{"taxonomy":"category","embeddable":true,"href":"https:\/\/uncjr.ro\/web\/wp-json\/wp\/v2\/categories?post=4139"},{"taxonomy":"post_tag","embeddable":true,"href":"https:\/\/uncjr.ro\/web\/wp-json\/wp\/v2\/tags?post=4139"}],"curies":[{"name":"wp","href":"https:\/\/api.w.org\/{rel}","templated":true}]}}