{"id":4136,"date":"2022-11-24T09:43:06","date_gmt":"2022-11-24T07:43:06","guid":{"rendered":"https:\/\/uncjr.ro\/web\/?p=4136"},"modified":"2025-01-27T15:42:28","modified_gmt":"2025-01-27T13:42:28","slug":"sedinta-externa-a-comisiei-coter-a-cor-va-fi-organizata-la-sibiu-in-iunie-2023","status":"publish","type":"post","link":"https:\/\/uncjr.ro\/web\/sedinta-externa-a-comisiei-coter-a-cor-va-fi-organizata-la-sibiu-in-iunie-2023\/","title":{"rendered":"\u0218edin\u021ba extern\u0103 a Comisiei COTER a CoR va fi organizat\u0103 la Sibiu \u00een iunie 2023"},"content":{"rendered":"\n<p class=\"text-content-justify\">\u0218edin\u021ba extern\u0103 a Comisiei COTER a CoR \u015fi conferin\u021ba pe tema \u201eCoeziunea, valoarea noastr\u0103 fundamental\u0103 pentru viitorul Europei: regiuni \u0219i ora\u0219e pentru o redresare puternic\u0103 \u0219i o tranzi\u021bie just\u0103\u201d va fi organizat\u0103 la Sibiu \u00een perioada 22-23 iunie 2023.<\/p>\n\n\n\n<p class=\"text-content-justify\"><br>\u00cen cadrul \u0219edin\u021bei Comisiei COTER (Politica de coeziune teritorial\u0103 \u015fi bugetul UE) a Comitetului European al Regiunilor (CoR) din 23 noiembrie 2022 a fost aprobat\u0103 propunerea de organizare la Sibiu, \u00een perioada 22-23 iunie 2023, a \u0219edin\u021bei externe a Comisiei \u015fi a unei conferin\u021be pe tema \u201eCoeziunea, valoarea noastr\u0103 fundamental\u0103 pentru viitorul Europei: regiuni \u0219i ora\u0219e pentru o redresare puternic\u0103 \u0219i o tranzi\u021bie just\u0103\u201d, ca manifestare comun\u0103 a CoR, Consiliului Jude\u021bean Sibiu \u0219i ora\u0219ului Cugir.<\/p>\n\n\n\n<p class=\"text-content-justify\"><br>Obiectivul este de a avea o contribu\u021bie activ\u0103 \u0219i tangibil\u0103 la consolidarea realiz\u0103rii politicii de coeziune, prin organizarea unei dezbateri la nivel \u00eenalt cu factorii decizionali din cadrul Guvernului Rom\u00e2niei \u0219i al Comisiei Europene. Inten\u021bia este de a aduce la aceea\u0219i mas\u0103 mini\u0219tri relevan\u021bi, comisarul european pentru politica de coeziune \u0219i reforme, precum \u0219i factori decizionali de la nivelul Comisiei \u0219i din cadrul administra\u021biilor na\u021bionale \u0219i locale ale UE, demonstr\u00e2nd c\u0103 politica de coeziune are un impact extrem de semnificativ asupra vie\u021bii tuturor europenilor din ora\u0219ele \u0219i regiunile UE \u0219i c\u0103 aceasta este cea mai important\u0103 politic\u0103 de investi\u021bii a UE.<\/p>\n","protected":false},"excerpt":{"rendered":"<p>\u0218edin\u021ba extern\u0103 a Comisiei COTER a CoR \u015fi conferin\u021ba pe tema \u201eCoeziunea, valoarea noastr\u0103 fundamental\u0103 pentru viitorul Europei: regiuni \u0219i ora\u0219e pentru o redresare puternic\u0103 \u0219i o tranzi\u021bie just\u0103\u201d va fi organizat\u0103 la Sibiu \u00een perioada 22-23 iunie 2023. \u00cen cadrul \u0219edin\u021bei Comisiei COTER (Politica de coeziune teritorial\u0103 \u015fi bugetul UE) a Comitetului European al [&hellip;]<\/p>\n","protected":false},"author":2,"featured_media":4137,"comment_status":"closed","ping_status":"closed","sticky":false,"template":"","format":"standard","meta":{"_et_pb_use_builder":"","_et_pb_old_content":"","_et_gb_content_width":"","footnotes":""},"categories":[4,14,5],"tags":[],"class_list":["post-4136","post","type-post","status-publish","format-standard","has-post-thumbnail","hentry","category-agenda","category-evenimente","category-noutati"],"_links":{"self":[{"href":"https:\/\/uncjr.ro\/web\/wp-json\/wp\/v2\/posts\/4136","targetHints":{"allow":["GET"]}}],"collection":[{"href":"https:\/\/uncjr.ro\/web\/wp-json\/wp\/v2\/posts"}],"about":[{"href":"https:\/\/uncjr.ro\/web\/wp-json\/wp\/v2\/types\/post"}],"author":[{"embeddable":true,"href":"https:\/\/uncjr.ro\/web\/wp-json\/wp\/v2\/users\/2"}],"replies":[{"embeddable":true,"href":"https:\/\/uncjr.ro\/web\/wp-json\/wp\/v2\/comments?post=4136"}],"version-history":[{"count":2,"href":"https:\/\/uncjr.ro\/web\/wp-json\/wp\/v2\/posts\/4136\/revisions"}],"predecessor-version":[{"id":4500,"href":"https:\/\/uncjr.ro\/web\/wp-json\/wp\/v2\/posts\/4136\/revisions\/4500"}],"wp:featuredmedia":[{"embeddable":true,"href":"https:\/\/uncjr.ro\/web\/wp-json\/wp\/v2\/media\/4137"}],"wp:attachment":[{"href":"https:\/\/uncjr.ro\/web\/wp-json\/wp\/v2\/media?parent=4136"}],"wp:term":[{"taxonomy":"category","embeddable":true,"href":"https:\/\/uncjr.ro\/web\/wp-json\/wp\/v2\/categories?post=4136"},{"taxonomy":"post_tag","embeddable":true,"href":"https:\/\/uncjr.ro\/web\/wp-json\/wp\/v2\/tags?post=4136"}],"curies":[{"name":"wp","href":"https:\/\/api.w.org\/{rel}","templated":true}]}}