{"id":4118,"date":"2022-11-17T20:51:35","date_gmt":"2022-11-17T18:51:35","guid":{"rendered":"https:\/\/uncjr.ro\/web\/?p=4118"},"modified":"2025-01-27T15:42:09","modified_gmt":"2025-01-27T13:42:09","slug":"presedintele-cj-timis-prezent-la-lucrarile-comisie-civex-de-la-bruxelles","status":"publish","type":"post","link":"https:\/\/uncjr.ro\/web\/presedintele-cj-timis-prezent-la-lucrarile-comisie-civex-de-la-bruxelles\/","title":{"rendered":"Pre\u0219edintele CJ Timi\u0219 prezent la lucr\u0103rile Comisie CIVEX de la Bruxelles"},"content":{"rendered":"\n<p class=\"text-content-justify\">Joi, 17 noiembrie 2022, s-au desf\u0103\u0219urat la Bruxelles lucr\u0103rile Comisiei CIVEX (Comisia pentru cet\u0103\u021benie, guvernan\u021b\u0103, afaceri externe \u015fi institu\u021bionale) a Comitetului European al Regiunilor (CoR). Pe agenda \u0219edin\u021bei a figurat \u015fi un schimb de opinii cu Alin-Adrian Nica, pre\u0219edintele Consiliului Jude\u021bean Timi\u0219 \u015fi pre\u0219edinte al delega\u021biei Rom\u00e2niei la CoR privind viitorul s\u0103u aviz pe tema \u201eViitorul Parteneriatului estic din perspectiv\u0103 local\u0103 \u0219i regional\u0103\u201d.<\/p>\n\n\n\n<p class=\"text-content-justify\"><br>Pre\u0219edintele delga\u021biei, Alin-Adrian Nica a precizat, printre altele, \u00een interven\u021bia sa, faptul c\u0103 \u201emen\u021binerea Parteneriatului estic pe drumul cel bun va necesita o redefinire a obiectivelor sale de politic\u0103, a arhitecturii sale multilaterale \u0219i o motiva\u021bie puternic\u0103 din partea tuturor partenerilor, bazate pe propriile alegeri \u0219i obiective fa\u021b\u0103 de UE. Reuniunea anual\u0103 a Conferin\u021bei Autorit\u0103\u021bilor Regionale \u0219i Locale pentru Parteneriatul Estic, care a avut loc la \u00eenceputul acestei luni, a confirmat dorin\u021ba tuturor p\u0103r\u021bilor de a apropia aceste \u021b\u0103ri \u0219i oamenii lor, de a face mai mult \u0219i de a deveni mai creativi \u00een eforturile depuse. Criza actual\u0103 aduce cu sine \u015fi o oportunitate: aceea de a adapta Parteneriatul la noi termeni \u0219i realit\u0103\u021bi, de a modela un format flexibil \u0219i de a crea instrumente personalizate pentru a r\u0103spunde at\u00e2t nevoilor noilor candida\u021bi la UE, c\u00e2t \u0219i ale celorlal\u021bi parteneri\u201d.<\/p>\n\n\n\n<p class=\"text-content-justify\"><br>El a solicitat, de asemenea, membrilor Comisiei, s\u0103 reflecteze la eventualitatea reg\u00e2ndirii Parteneriatului estic ca instrument modular pentru dezvoltare durabil\u0103 &#8211; care nu este legat de procesul de extindere a UE \u0219i de a \u00eencerca s\u0103 fie transformat, de exemplu, \u00eentr-o platform\u0103 regional\u0103 bazat\u0103 pe proiecte care urmeaz\u0103 s\u0103 fie realizate pe teren, \u00een vederea atingerii Obiectivelor de dezvoltare durabil\u0103 ale ONU. O astfel de uniune de proiecte cu aceste \u021b\u0103ri ar putea avea un secretariat comun care s\u0103 urm\u0103reasc\u0103 conturarea \u0219i implementarea (\u00een cooperare cu ALR) de proiecte menite s\u0103 sprijine dezvoltarea teritorial\u0103, inclusiv prin \u00eemp\u0103rt\u0103\u0219irea celor mai bune practici \u00eentre ALR \u0219i cooperarea peer-to-peer\u201d.<\/p>\n\n\n\n<p class=\"text-content-justify\"><br>Mai mult, Alin- Adrian Nica crede c\u0103 \u201e\u021b\u0103rilor partenere ar trebui s\u0103 li se acorde flexibilitate \u00een alegerea programelor care sunt cele mai relevante pentru ele \u0219i, \u00een acela\u0219i timp, s\u0103 fie prioritizate programele \u00eendreptate c\u0103tre organismele locale \u0219i regionale. Prin urmare, acest lucru va conferi CoR un rol \u0219i o responsabilitate special\u0103, nu numai \u00een procesul de restructurare a Parteneriatului Estic, dar \u015fi \u00een perspectiv\u0103\u201d.<\/p>\n","protected":false},"excerpt":{"rendered":"<p>Joi, 17 noiembrie 2022, s-au desf\u0103\u0219urat la Bruxelles lucr\u0103rile Comisiei CIVEX (Comisia pentru cet\u0103\u021benie, guvernan\u021b\u0103, afaceri externe \u015fi institu\u021bionale) a Comitetului European al Regiunilor (CoR). Pe agenda \u0219edin\u021bei a figurat \u015fi un schimb de opinii cu Alin-Adrian Nica, pre\u0219edintele Consiliului Jude\u021bean Timi\u0219 \u015fi pre\u0219edinte al delega\u021biei Rom\u00e2niei la CoR privind viitorul s\u0103u aviz pe tema [&hellip;]<\/p>\n","protected":false},"author":2,"featured_media":4119,"comment_status":"closed","ping_status":"closed","sticky":false,"template":"","format":"standard","meta":{"_et_pb_use_builder":"","_et_pb_old_content":"","_et_gb_content_width":"","footnotes":""},"categories":[6,5],"tags":[],"class_list":["post-4118","post","type-post","status-publish","format-standard","has-post-thumbnail","hentry","category-comunicat-de-presa","category-noutati"],"_links":{"self":[{"href":"https:\/\/uncjr.ro\/web\/wp-json\/wp\/v2\/posts\/4118","targetHints":{"allow":["GET"]}}],"collection":[{"href":"https:\/\/uncjr.ro\/web\/wp-json\/wp\/v2\/posts"}],"about":[{"href":"https:\/\/uncjr.ro\/web\/wp-json\/wp\/v2\/types\/post"}],"author":[{"embeddable":true,"href":"https:\/\/uncjr.ro\/web\/wp-json\/wp\/v2\/users\/2"}],"replies":[{"embeddable":true,"href":"https:\/\/uncjr.ro\/web\/wp-json\/wp\/v2\/comments?post=4118"}],"version-history":[{"count":1,"href":"https:\/\/uncjr.ro\/web\/wp-json\/wp\/v2\/posts\/4118\/revisions"}],"predecessor-version":[{"id":4120,"href":"https:\/\/uncjr.ro\/web\/wp-json\/wp\/v2\/posts\/4118\/revisions\/4120"}],"wp:featuredmedia":[{"embeddable":true,"href":"https:\/\/uncjr.ro\/web\/wp-json\/wp\/v2\/media\/4119"}],"wp:attachment":[{"href":"https:\/\/uncjr.ro\/web\/wp-json\/wp\/v2\/media?parent=4118"}],"wp:term":[{"taxonomy":"category","embeddable":true,"href":"https:\/\/uncjr.ro\/web\/wp-json\/wp\/v2\/categories?post=4118"},{"taxonomy":"post_tag","embeddable":true,"href":"https:\/\/uncjr.ro\/web\/wp-json\/wp\/v2\/tags?post=4118"}],"curies":[{"name":"wp","href":"https:\/\/api.w.org\/{rel}","templated":true}]}}