{"id":4114,"date":"2022-11-16T10:08:44","date_gmt":"2022-11-16T08:08:44","guid":{"rendered":"https:\/\/uncjr.ro\/web\/?p=4114"},"modified":"2025-01-27T15:42:05","modified_gmt":"2025-01-27T13:42:05","slug":"se-cauta-companii-specializate-pe-dezvoltarea-aplicatiilor-web-pentru-formarea-elevilor-prin-programul-erasmus","status":"publish","type":"post","link":"https:\/\/uncjr.ro\/web\/se-cauta-companii-specializate-pe-dezvoltarea-aplicatiilor-web-pentru-formarea-elevilor-prin-programul-erasmus\/","title":{"rendered":"Se caut\u0103 companii specializate pe dezvoltarea aplica\u021biilor web pentru formarea elevilor prin programul Erasmus+"},"content":{"rendered":"\n<p class=\"text-content-justify\">\u0218coala secundar\u0103 \u201eIES Dos Mares\u201d (\u00eenv\u0103\u0163\u0103m\u00e2nt liceal general \u015fi profesional, post secundar) din regiunea spaniol\u0103 Murcia caut\u0103 companii din Uniunea European\u0103 care ar putea fi interesate s\u0103 g\u0103zduiasc\u0103 patru elevi \u00een cadrul unui program de mobilitate organizat prin programul \u201eErasmus+\u201d, ac\u0163iunea-cheie 131-HED.<\/p>\n\n\n\n<p class=\"text-content-justify\">\u201eIES Dos Mares\u201d este o institu\u021bie public\u0103 de \u00eenv\u0103\u021b\u0103m\u00e2nt din localitatea San Pedro del Pinatar, municipalitate situat\u0103 pe malul lacului s\u0103rat \u201eMar Menor\u201d \u0219i al M\u0103rii Mediterane, care organizeaz\u0103 cursuri de educa\u0163ie general\u0103 obligatorie, finalizate cu un examen de Bacalaureat \u0219i filiere profesionale finalizate cu diferite calific\u0103ri legate de tehnologiile informa\u021bionale \u0219i informatic\u0103, farmacie \u0219i \u00eenv\u0103\u021b\u0103m\u00e2ntul pedagogic pentru pre\u015fcolari.<\/p>\n\n\n\n<p class=\"text-content-justify\">Propunerea de mobilitate vizeaz\u0103 studen\u0163ii din ciclul de \u00eenv\u0103\u021b\u0103m\u00e2nt post secundar \u0219i de formare profesional\u0103 de nivel superior (VET) cu specializarea \u201edezvoltarea aplica\u021biilor web\u201d. Aceasta este o diplom\u0103 de doi ani (program educa\u021bional de 2.000 de ore) care urm\u0103re\u015fte formarea profesioni\u0219tilor capabili s\u0103 dezvolte, s\u0103 implementeze \u0219i s\u0103 \u00eentre\u021bin\u0103 aplica\u021bii web. Programa de studii prevede un stagiu de 400 de ore \u00eentr-o companie care poate avea sediul \u00eentr-o \u021bar\u0103 european\u0103 participant\u0103 la programul Erasmus+.<\/p>\n\n\n\n<p class=\"text-content-justify\">Departamentul IT din cadrul \u201eIES Dos Mares\u201d organizeaz\u0103 astfel de stagii din 2016, iar experien\u021bele anterioare au indicat un grad ridicat de satisfac\u021bie ob\u021binut de la companiile care au colaborat la formarea studen\u021bilor.<\/p>\n\n\n\n<p class=\"text-content-justify\">De men\u0163ionat c\u0103, toate costurile sunt acoperite prin programul \u201eErasmus+\u201d, companiile care accept\u0103 mobilitatea nefiind obligate s\u0103 suporte vreo cheltuial\u0103 suplimentar\u0103.<\/p>\n\n\n\n<p class=\"text-content-justify\">\u00cen documenta\u021bia ata\u0219at\u0103 <a href=\"https:\/\/uncjr.ro\/web\/wp-content\/uploads\/IES-Dos-Mares-Erasmus-traineeship-description-Web-Development-English.pdf\" data-type=\"URL\" data-id=\"https:\/\/uncjr.ro\/web\/wp-content\/uploads\/IES-Dos-Mares-Erasmus-traineeship-description-Web-Development-English.pdf\" target=\"_blank\" rel=\"noreferrer noopener\">aici<\/a>, ve\u021bi g\u0103si c\u00e2teva informa\u021bii despre condi\u021biile \u00een care se desf\u0103\u0219oar\u0103 stagiile, termenii \u00een care compania gazd\u0103 ar putea colabora \u0219i profilul profesional al stagiarilor. Pentru mai multe informa\u021bii sau pentru a colabora cu aceast\u0103 \u015fcoal\u0103, v\u0103 rug\u0103m s\u0103 contacta\u0163i direct pe:<\/p>\n\n\n\n<p class=\"text-content-justify\">Gonzalo Fern\u00e1ndez Hern\u00e1ndez, Coordonator Erasmus+ la IES Dos Mares &#8211; gonzalo.fernandez@murciaeduca.es<br>Lu\u00eds Ram\u00f3n Eg\u00edo Vallejo, director, &#8211; 30005338@murciaeduca.es.<\/p>\n\n\n\n<p><\/p>\n","protected":false},"excerpt":{"rendered":"<p>\u0218coala secundar\u0103 \u201eIES Dos Mares\u201d (\u00eenv\u0103\u0163\u0103m\u00e2nt liceal general \u015fi profesional, post secundar) din regiunea spaniol\u0103 Murcia caut\u0103 companii din Uniunea European\u0103 care ar putea fi interesate s\u0103 g\u0103zduiasc\u0103 patru elevi \u00een cadrul unui program de mobilitate organizat prin programul \u201eErasmus+\u201d, ac\u0163iunea-cheie 131-HED. \u201eIES Dos Mares\u201d este o institu\u021bie public\u0103 de \u00eenv\u0103\u021b\u0103m\u00e2nt din localitatea San Pedro [&hellip;]<\/p>\n","protected":false},"author":2,"featured_media":4116,"comment_status":"closed","ping_status":"closed","sticky":false,"template":"","format":"standard","meta":{"_et_pb_use_builder":"","_et_pb_old_content":"","_et_gb_content_width":"","footnotes":""},"categories":[5,19],"tags":[],"class_list":["post-4114","post","type-post","status-publish","format-standard","has-post-thumbnail","hentry","category-noutati","category-oportunitati-finantare-internationala"],"_links":{"self":[{"href":"https:\/\/uncjr.ro\/web\/wp-json\/wp\/v2\/posts\/4114","targetHints":{"allow":["GET"]}}],"collection":[{"href":"https:\/\/uncjr.ro\/web\/wp-json\/wp\/v2\/posts"}],"about":[{"href":"https:\/\/uncjr.ro\/web\/wp-json\/wp\/v2\/types\/post"}],"author":[{"embeddable":true,"href":"https:\/\/uncjr.ro\/web\/wp-json\/wp\/v2\/users\/2"}],"replies":[{"embeddable":true,"href":"https:\/\/uncjr.ro\/web\/wp-json\/wp\/v2\/comments?post=4114"}],"version-history":[{"count":1,"href":"https:\/\/uncjr.ro\/web\/wp-json\/wp\/v2\/posts\/4114\/revisions"}],"predecessor-version":[{"id":4117,"href":"https:\/\/uncjr.ro\/web\/wp-json\/wp\/v2\/posts\/4114\/revisions\/4117"}],"wp:featuredmedia":[{"embeddable":true,"href":"https:\/\/uncjr.ro\/web\/wp-json\/wp\/v2\/media\/4116"}],"wp:attachment":[{"href":"https:\/\/uncjr.ro\/web\/wp-json\/wp\/v2\/media?parent=4114"}],"wp:term":[{"taxonomy":"category","embeddable":true,"href":"https:\/\/uncjr.ro\/web\/wp-json\/wp\/v2\/categories?post=4114"},{"taxonomy":"post_tag","embeddable":true,"href":"https:\/\/uncjr.ro\/web\/wp-json\/wp\/v2\/tags?post=4114"}],"curies":[{"name":"wp","href":"https:\/\/api.w.org\/{rel}","templated":true}]}}