{"id":4111,"date":"2022-11-15T10:01:39","date_gmt":"2022-11-15T08:01:39","guid":{"rendered":"https:\/\/uncjr.ro\/web\/?p=4111"},"modified":"2025-01-27T15:42:01","modified_gmt":"2025-01-27T13:42:01","slug":"cerere-de-propuneri-de-proiecte-prin-programul-actiuni-de-informare-in-domeniul-politicii-agricole-comune","status":"publish","type":"post","link":"https:\/\/uncjr.ro\/web\/cerere-de-propuneri-de-proiecte-prin-programul-actiuni-de-informare-in-domeniul-politicii-agricole-comune\/","title":{"rendered":"Cerere de propuneri de proiecte prin programul \u201eAc\u0163iuni de informare \u00een domeniul Politicii agricole comune\u201d"},"content":{"rendered":"\n<p class=\"text-content-justify\">Direc\u0163ia General\u0103 Agricultur\u0103 \u015fi Dezvoltare Rural\u0103 (DG AGRI) din cadrul Comisiei Europene a deschis pe 10 noiembrie a.c., cererea de propuneri de proiecte 2023 \u201eSprijin pentru m\u0103surile de informare privind Politica Agricol\u0103 Comun\u0103\u201d (PAC), ini\u0163iativ\u0103 anual\u0103 prin care se are \u00een vedere promovarea beneficiilor acestei politici comunitare pentru to\u0163i cet\u0103\u0163enii din Uniunea European\u0103.<\/p>\n\n\n\n<p class=\"text-content-justify\">Tematica principal\u0103 a cererii este promovarea unei agriculturi europene sustenabile, \u00een acord cu obiectivele Pactului ecologic european \u015fi strategiile incluse \u00een acesta: \u201eDe la ferm\u0103 la consumator\u201d, \u201eBiodiversitate pentru 2030\u201d \u015fi \u201ePlanul de ac\u0163iune pentru produc\u0163ia ecologic\u0103 a UE\u201d.<\/p>\n\n\n\n<p class=\"text-content-justify\">Programul prin care se acord\u0103 finan\u0163are este \u201eAc\u0163iuni de informare \u00een domeniul Politicii agricole comune\u201d (IMCAP).<\/p>\n\n\n\n<p class=\"text-content-justify\"><strong>Bugetul<\/strong> total al cererii: 4.000.000\u20ac ; se acord\u0103 \u00eentre 125.000 \u015fi 500.000 EUR.<\/p>\n\n\n\n<p class=\"text-content-justify\"><strong>Termenul-limit\u0103 <\/strong>pentru depunerea propunerilor de proiecte: 5 ianuarie 2023.<\/p>\n\n\n\n<p class=\"text-content-justify\"><strong>Durata<\/strong> implement\u0103rii ac\u0163iunilor: 12 luni.<\/p>\n\n\n\n<p class=\"text-content-justify\"><strong>Eligibilitate:<\/strong> orice entitate public\u0103 \u015fi privat\u0103 din statele membre ale UE: autorit\u0103\u0163i publice locale, jude\u0163ene \u015fi na\u0163ionale, ONG-uri, asocia\u0163ii, agen\u0163ii, universit\u0103\u0163i, \u015fcoli, centre de cercetare, companii etc. \u015fi organiza\u0163ii interna\u0163ionale din statele membre ale UE.<\/p>\n\n\n\n<p class=\"text-content-justify\">M\u0103surile de informare trebuie s\u0103 includ\u0103 una sau mai multe activit\u0103\u021bi care s\u0103 aib\u0103 un impact semnificativ la nivelul cet\u0103\u021benilor, cum ar fi:<\/p>\n\n\n\n<p class=\"text-content-justify\">\u2212 producerea \u0219i distribu\u021bia\/difuzarea de materiale tip\u0103rite, multimedia sau audio-vizuale,<\/p>\n\n\n\n<p class=\"text-content-justify\">\u2212 activit\u0103\u021bi de informare \u00een online \u0219i pe re\u021belele sociale,<\/p>\n\n\n\n<p class=\"text-content-justify\">\u2212 evenimente media,<\/p>\n\n\n\n<p class=\"text-content-justify\">\u2212 conferin\u021be, seminarii, ateliere,<\/p>\n\n\n\n<p class=\"text-content-justify\">\u2212 studii privind aspectele legate de PAC (dac\u0103 sunt necesare pentru a sprijini implementarea m\u0103surilor de informare).<\/p>\n\n\n\n<p class=\"text-content-justify\">Urm\u0103toarele activit\u0103\u021bi nu sunt eligibile:<\/p>\n\n\n\n<p class=\"text-content-justify\">\u2212 m\u0103surile impuse de lege,<\/p>\n\n\n\n<p class=\"text-content-justify\">\u2212 adun\u0103rile generale sau statutare,<\/p>\n\n\n\n<p class=\"text-content-justify\">\u2212 alte activit\u0103\u021bi \u00een care m\u0103surile de comunicare \u0219i informare nu sunt componenta principal\u0103.<\/p>\n\n\n\n<p class=\"text-content-justify\">Sunt permise doar cererile de la un singur solicitant (beneficiari unici); entit\u0103\u021bile afiliate \u0219i al\u021bi participan\u021bi sunt permi\u015fi, dac\u0103 este necesar.<\/p>\n\n\n\n<p class=\"text-content-justify\">Contact direct pentru alte informa\u0163ii sau nel\u0103muriri: Comisia European\u0103, DG AGRI: AGRI-GRANTS@ec.europa.eu<\/p>\n\n\n\n<p class=\"text-content-justify\">Surse de informare:<\/p>\n\n\n\n<p><a href=\"https:\/\/ec.europa.eu\/info\/funding-tenders\/opportunities\/docs\/2021-2027\/imcap\/wp-call\/2023\/call-fiche_imcap-2023-infome_en.pdf\" data-type=\"URL\" data-id=\"https:\/\/ec.europa.eu\/info\/funding-tenders\/opportunities\/docs\/2021-2027\/imcap\/wp-call\/2023\/call-fiche_imcap-2023-infome_en.pdf\" target=\"_blank\" rel=\"noreferrer noopener\">Textul oficial al cererii<\/a><\/p>\n\n\n\n<p class=\"text-content-justify\">Portalul unic <a href=\"https:\/\/ec.europa.eu\/info\/funding-tenders\/opportunities\/portal\/screen\/opportunities\/topic-details\/imcap-2023-infome;callCode=null;freeTextSearchKeyword=;matchWholeText=true;typeCodes=1,0;statusCodes=31094501,31094502,31094503;programmePeriod=2021%20-%202027;programCcm2Id=43251882;programDivisionCode=null;focusAreaCode=null;destination=null;mission=null;geographicalZonesCode=null;programmeDivisionProspect=null;startDateLte=null;startDateGte=null;crossCuttingPriorityCode=null;cpvCode=null;performanceOfDelivery=null;sortQuery=sortStatus;orderBy=asc;onlyTenders=false;topicListKey=topicSearchTablePageState\" data-type=\"URL\" data-id=\"https:\/\/ec.europa.eu\/info\/funding-tenders\/opportunities\/portal\/screen\/opportunities\/topic-details\/imcap-2023-infome;callCode=null;freeTextSearchKeyword=;matchWholeText=true;typeCodes=1,0;statusCodes=31094501,31094502,31094503;programmePeriod=2021%20-%202027;programCcm2Id=43251882;programDivisionCode=null;focusAreaCode=null;destination=null;mission=null;geographicalZonesCode=null;programmeDivisionProspect=null;startDateLte=null;startDateGte=null;crossCuttingPriorityCode=null;cpvCode=null;performanceOfDelivery=null;sortQuery=sortStatus;orderBy=asc;onlyTenders=false;topicListKey=topicSearchTablePageState\" target=\"_blank\" rel=\"noreferrer noopener\">Funding and Tender Opportunities<\/a><\/p>\n\n\n\n<p class=\"text-content-justify\">Cadrul de reglementare pentru acest program de finan\u021bare al UE este stabilit \u00een:<\/p>\n\n\n\n<p class=\"text-content-justify\">\u2212 <a rel=\"noreferrer noopener\" href=\"https:\/\/eur-lex.europa.eu\/legal-content\/RO\/TXT\/HTML\/?uri=CELEX:32018R1046&amp;from=RO\" data-type=\"URL\" data-id=\"https:\/\/eur-lex.europa.eu\/legal-content\/RO\/TXT\/HTML\/?uri=CELEX:32018R1046&amp;from=RO\" target=\"_blank\">Regulamentul 2018\/1046<\/a> (Regulamentul financiar comun al UE),<\/p>\n\n\n\n<p class=\"text-content-justify\">\u2212 <a href=\"https:\/\/eur-lex.europa.eu\/legal-content\/RO\/TXT\/HTML\/?uri=CELEX:32021R2116&amp;from=RO\" data-type=\"URL\" data-id=\"https:\/\/eur-lex.europa.eu\/legal-content\/RO\/TXT\/HTML\/?uri=CELEX:32021R2116&amp;from=RO\">Regulamentul PAC 2021\/2116<\/a>, actul de baz\u0103. <\/p>\n","protected":false},"excerpt":{"rendered":"<p>Direc\u0163ia General\u0103 Agricultur\u0103 \u015fi Dezvoltare Rural\u0103 (DG AGRI) din cadrul Comisiei Europene a deschis pe 10 noiembrie a.c., cererea de propuneri de proiecte 2023 \u201eSprijin pentru m\u0103surile de informare privind Politica Agricol\u0103 Comun\u0103\u201d (PAC), ini\u0163iativ\u0103 anual\u0103 prin care se are \u00een vedere promovarea beneficiilor acestei politici comunitare pentru to\u0163i cet\u0103\u0163enii din Uniunea European\u0103. Tematica principal\u0103 [&hellip;]<\/p>\n","protected":false},"author":2,"featured_media":4112,"comment_status":"closed","ping_status":"closed","sticky":false,"template":"","format":"standard","meta":{"_et_pb_use_builder":"","_et_pb_old_content":"","_et_gb_content_width":"","footnotes":""},"categories":[4,5,19],"tags":[],"class_list":["post-4111","post","type-post","status-publish","format-standard","has-post-thumbnail","hentry","category-agenda","category-noutati","category-oportunitati-finantare-internationala"],"_links":{"self":[{"href":"https:\/\/uncjr.ro\/web\/wp-json\/wp\/v2\/posts\/4111","targetHints":{"allow":["GET"]}}],"collection":[{"href":"https:\/\/uncjr.ro\/web\/wp-json\/wp\/v2\/posts"}],"about":[{"href":"https:\/\/uncjr.ro\/web\/wp-json\/wp\/v2\/types\/post"}],"author":[{"embeddable":true,"href":"https:\/\/uncjr.ro\/web\/wp-json\/wp\/v2\/users\/2"}],"replies":[{"embeddable":true,"href":"https:\/\/uncjr.ro\/web\/wp-json\/wp\/v2\/comments?post=4111"}],"version-history":[{"count":1,"href":"https:\/\/uncjr.ro\/web\/wp-json\/wp\/v2\/posts\/4111\/revisions"}],"predecessor-version":[{"id":4113,"href":"https:\/\/uncjr.ro\/web\/wp-json\/wp\/v2\/posts\/4111\/revisions\/4113"}],"wp:featuredmedia":[{"embeddable":true,"href":"https:\/\/uncjr.ro\/web\/wp-json\/wp\/v2\/media\/4112"}],"wp:attachment":[{"href":"https:\/\/uncjr.ro\/web\/wp-json\/wp\/v2\/media?parent=4111"}],"wp:term":[{"taxonomy":"category","embeddable":true,"href":"https:\/\/uncjr.ro\/web\/wp-json\/wp\/v2\/categories?post=4111"},{"taxonomy":"post_tag","embeddable":true,"href":"https:\/\/uncjr.ro\/web\/wp-json\/wp\/v2\/tags?post=4111"}],"curies":[{"name":"wp","href":"https:\/\/api.w.org\/{rel}","templated":true}]}}