{"id":4103,"date":"2022-11-11T10:58:40","date_gmt":"2022-11-11T08:58:40","guid":{"rendered":"https:\/\/uncjr.ro\/web\/?p=4103"},"modified":"2025-01-27T15:41:57","modified_gmt":"2025-01-27T13:41:57","slug":"50-de-ani-de-la-adoptarea-conventiei-privind-protectia-patrimoniului-mondial-cultural-si-natural","status":"publish","type":"post","link":"https:\/\/uncjr.ro\/web\/50-de-ani-de-la-adoptarea-conventiei-privind-protectia-patrimoniului-mondial-cultural-si-natural\/","title":{"rendered":"50 de ani de la adoptarea Conven\u0163iei privind protec\u0163ia patrimoniului mondial cultural \u015fi natural"},"content":{"rendered":"\n<p class=\"text-content-justify\">Echipa Uniunii Na\u021bionale a Consiliilor Jude\u021bene din Rom\u00e2nia (UNCJR) a participat joi, 10 noiembrie 2022, la evenimentul comemorativ&nbsp; organizat de Comisia Na\u021bional\u0103 a Rom\u00e2niei pentru UNESCO, \u201eCunoa\u015fte, protejeaz\u0103, restaureaz\u0103. Educa\u0163ie pentru protec\u0163ia patrimoniului\u201d cu prilejul s\u0103rb\u0103toririi a 50 de ani de la adoptarea Conven\u0163iei privind protec\u0163ia patrimoniului mondial cultural \u015fi natural.<\/p>\n\n\n\n<p class=\"text-content-justify\">UNCJR sus\u021bine \u00eendeaproape demersurile UNESCO, fiind membr\u0103 \u00een Comisia de evaluarea care a selectat partenerii UNESCO la nivel jude\u021bean, \u00een\u021beleg\u00e2nd importan\u021ba p\u0103str\u0103rii mo\u0219tenirii culturale, at\u00e2t \u00een forma sa material\u0103 c\u00e2t \u0219i imaterial\u0103. \u00cen cadrul evenimentului a existat \u0219i o sec\u021biune dedicat\u0103 speciali\u0219tilor interna\u021bionali \u00een domeniul de reglementare al Conven\u021biei. Acest demers a fost ini\u021biat de Asocia\u0163ia Heritage \u2013 pentru UNESCO \u0219i realizat\u0103 \u00eempreun\u0103 cu Uniunea Arhitec\u021bilor din Rom\u00e2nia \u0219i Universitatea de Arhitectur\u0103 \u0219i Urbanism \u201eIon Mincu\u201d.<\/p>\n\n\n\n<p class=\"text-content-justify\">Comisia Na\u021bional\u0103 a Rom\u00e2niei pentru UNESCO are ca scop cunoa\u0219terea \u0219i comunicarea \u00een re\u021beaua global\u0103 a UNESCO a activit\u0103\u021bilor realizate \u00een Rom\u00e2nia, \u00een comune, jude\u021be \u0219i \u00een sectoarele municipiului Bucure\u0219ti,&nbsp; a acelor activit\u0103\u021bi ce rezoneaz\u0103 cu priorit\u0103\u021bile globale ale UNESCO, precum \u0219i cu priorit\u0103\u021bile na\u021bionale.<\/p>\n\n\n\n<p class=\"text-content-justify\">Cu ocazia acestui eveniment Comisia Na\u021bional\u0103 a Rom\u00e2niei pentru UNESCO a ini\u021biat \u0219i realizat o serie de trei bro\u0219uri, referitoare la patrimoniul UNESCO din Rom\u00e2nia, natural \u0219i cultural, material \u0219i imaterial, lansate la&nbsp; data de 12 septembrie a.c.. pentru a facilita cunoa\u0219terea \u0219i \u00een\u021belegerea patrimoniului ca premise necesare promov\u0103rii \u0219i p\u0103str\u0103rii acestuia.<\/p>\n\n\n\n<p><\/p>\n\n\n\n<div data-wp-interactive=\"core\/file\" class=\"wp-block-file\"><object data-wp-bind--hidden=\"!state.hasPdfPreview\" hidden class=\"wp-block-file__embed\" data=\"https:\/\/uncjr.ro\/web\/wp-content\/uploads\/PATRIMONIU_IMATERIAL.pdf\" type=\"application\/pdf\" style=\"width:100%;height:680px\" aria-label=\"\u00cenglobare pentru PATRIMONIU_IMATERIAL.\"><\/object><a id=\"wp-block-file--media-1d9e178c-3237-4fca-adf5-d2ea210e459c\" href=\"https:\/\/uncjr.ro\/web\/wp-content\/uploads\/PATRIMONIU_IMATERIAL.pdf\">PATRIMONIU_IMATERIAL<\/a><a href=\"https:\/\/uncjr.ro\/web\/wp-content\/uploads\/PATRIMONIU_IMATERIAL.pdf\" class=\"wp-block-file__button wp-element-button\" download aria-describedby=\"wp-block-file--media-1d9e178c-3237-4fca-adf5-d2ea210e459c\">Descarc\u0103<\/a><\/div>\n\n\n\n<p><\/p>\n","protected":false},"excerpt":{"rendered":"<p>Echipa Uniunii Na\u021bionale a Consiliilor Jude\u021bene din Rom\u00e2nia (UNCJR) a participat joi, 10 noiembrie 2022, la evenimentul comemorativ&nbsp; organizat de Comisia Na\u021bional\u0103 a Rom\u00e2niei pentru UNESCO, \u201eCunoa\u015fte, protejeaz\u0103, restaureaz\u0103. Educa\u0163ie pentru protec\u0163ia patrimoniului\u201d cu prilejul s\u0103rb\u0103toririi a 50 de ani de la adoptarea Conven\u0163iei privind protec\u0163ia patrimoniului mondial cultural \u015fi natural. UNCJR sus\u021bine \u00eendeaproape demersurile [&hellip;]<\/p>\n","protected":false},"author":2,"featured_media":4107,"comment_status":"closed","ping_status":"closed","sticky":false,"template":"","format":"standard","meta":{"_et_pb_use_builder":"","_et_pb_old_content":"","_et_gb_content_width":"","footnotes":""},"categories":[14,5],"tags":[],"class_list":["post-4103","post","type-post","status-publish","format-standard","has-post-thumbnail","hentry","category-evenimente","category-noutati"],"_links":{"self":[{"href":"https:\/\/uncjr.ro\/web\/wp-json\/wp\/v2\/posts\/4103","targetHints":{"allow":["GET"]}}],"collection":[{"href":"https:\/\/uncjr.ro\/web\/wp-json\/wp\/v2\/posts"}],"about":[{"href":"https:\/\/uncjr.ro\/web\/wp-json\/wp\/v2\/types\/post"}],"author":[{"embeddable":true,"href":"https:\/\/uncjr.ro\/web\/wp-json\/wp\/v2\/users\/2"}],"replies":[{"embeddable":true,"href":"https:\/\/uncjr.ro\/web\/wp-json\/wp\/v2\/comments?post=4103"}],"version-history":[{"count":2,"href":"https:\/\/uncjr.ro\/web\/wp-json\/wp\/v2\/posts\/4103\/revisions"}],"predecessor-version":[{"id":4501,"href":"https:\/\/uncjr.ro\/web\/wp-json\/wp\/v2\/posts\/4103\/revisions\/4501"}],"wp:featuredmedia":[{"embeddable":true,"href":"https:\/\/uncjr.ro\/web\/wp-json\/wp\/v2\/media\/4107"}],"wp:attachment":[{"href":"https:\/\/uncjr.ro\/web\/wp-json\/wp\/v2\/media?parent=4103"}],"wp:term":[{"taxonomy":"category","embeddable":true,"href":"https:\/\/uncjr.ro\/web\/wp-json\/wp\/v2\/categories?post=4103"},{"taxonomy":"post_tag","embeddable":true,"href":"https:\/\/uncjr.ro\/web\/wp-json\/wp\/v2\/tags?post=4103"}],"curies":[{"name":"wp","href":"https:\/\/api.w.org\/{rel}","templated":true}]}}