{"id":3986,"date":"2022-10-26T13:48:31","date_gmt":"2022-10-26T11:48:31","guid":{"rendered":"https:\/\/uncjr.ro\/web\/?p=3986"},"modified":"2025-01-27T15:40:50","modified_gmt":"2025-01-27T13:40:50","slug":"cea-de-a-43-a-sesiune-plenara-a-cplre","status":"publish","type":"post","link":"https:\/\/uncjr.ro\/web\/cea-de-a-43-a-sesiune-plenara-a-cplre\/","title":{"rendered":"Cea de-a 43-a sesiune plenar\u0103 a CPLRE"},"content":{"rendered":"\n<p class=\"text-content-justify\">\u00cen perioada 25-27 octombrie 2022 are loc cea de-a 43-a sesiune a Congresului Puterilor Locale \u0219i Regionale al Consiliului Europei (CPLRE) la Strasbourg. Delega\u021bia Rom\u00e2niei este reprezentat\u0103 la aceast\u0103 sesiune plenar\u0103 de Pataki Csaba, pre\u0219edintele Consiliului Jude\u021bean Satu Mare \u0219i Emilian Oprea, primarul ora\u0219ului Chitila.<\/p>\n\n\n\n<p class=\"text-content-justify\">Cu ocazia celei de-a 43-a sesiuni plenare a Congresului Puterilor Locale \u0219i Regionale al Consiliului Europei, Mathieu Mori a fost ales secretar general al Congresului, ob\u021bin\u00e2nd 137 de voturi. Mandatul noului secretar general al Congresului va intra \u00een vigoare \u00een ianuarie 2023.<\/p>\n\n\n\n<p class=\"text-content-justify\">Adres\u00e2ndu-se membrilor Congresului, Mathieu Mori a subliniat contextul actual f\u0103r\u0103 precedent din Europa, marcat de agresiunea \u00eempotriva Ucrainei de c\u0103tre Federa\u021bia Rus\u0103.<\/p>\n\n\n\n<p class=\"text-content-justify\"><br>\u201eApari\u021bia unui nou imperialism \u00een Europa reprezint\u0103 o amenin\u021bare existen\u021bial\u0103 pentru Ucraina \u0219i pentru fiecare dintre democra\u021biile noastre\u201d, a spus el, angaj\u00e2ndu-se s\u0103 continue dialogul pentru o Europ\u0103 pa\u0219nic\u0103.<\/p>\n\n\n\n<p class=\"text-content-justify\"><br>Noul secretar general a reamintit, de asemenea, varietatea de probleme locale \u0219i regionale cu care se confrunt\u0103 societ\u0103\u021bile europene.<\/p>\n\n\n\n<p class=\"text-content-justify\"><br>\u201eMulte \u021b\u0103ri au a\u0219tept\u0103ri mari de la Congres \u0219i vom avea nevoie de o administra\u021bie din ce \u00een ce mai eficient\u0103 pentru a face fa\u021b\u0103 provoc\u0103rilor istorice care urmeaz\u0103\u201d, a sus\u021binut noul secretar general al Congresului.<\/p>\n\n\n\n<p class=\"text-content-justify\"><br>Congresul Autorit\u0103\u021bilor Locale \u0219i Regionale este o institu\u021bie a Consiliului Europei, responsabil\u0103 de consolidarea democra\u021biei locale \u0219i regionale \u00een cele 46 de state membre ale sale \u0219i de evaluarea aplic\u0103rii Cartei europene a autonomiei locale. \u00cen calitate de voce a municipalit\u0103\u021bilor \u0219i regiunilor europene, lucreaz\u0103 pentru a promova consultarea \u0219i dialogul politic \u00eentre guvernele na\u021bionale \u0219i autorit\u0103\u021bile locale \u0219i regionale, prin cooperare cu Comitetul de Mini\u0219tri al Consiliului Europei.<\/p>\n\n\n\n<figure class=\"wp-block-gallery has-nested-images columns-default is-cropped wp-block-gallery-1 is-layout-flex wp-block-gallery-is-layout-flex\">\n<figure class=\"wp-block-image size-large\"><img loading=\"lazy\" decoding=\"async\" width=\"870\" height=\"489\" data-id=\"3988\" src=\"https:\/\/uncjr.ro\/web\/wp-content\/uploads\/20221025-SG-Election-Mori_870pxl.jpg\" alt=\"\" class=\"wp-image-3988\" srcset=\"https:\/\/uncjr.ro\/web\/wp-content\/uploads\/20221025-SG-Election-Mori_870pxl.jpg 870w, https:\/\/uncjr.ro\/web\/wp-content\/uploads\/20221025-SG-Election-Mori_870pxl-480x270.jpg 480w\" sizes=\"(min-width: 0px) and (max-width: 480px) 480px, (min-width: 481px) 870px, 100vw\" \/><\/figure>\n\n\n\n<figure class=\"wp-block-image size-large\"><img loading=\"lazy\" decoding=\"async\" width=\"768\" height=\"1024\" data-id=\"3990\" src=\"https:\/\/uncjr.ro\/web\/wp-content\/uploads\/Image-1-768x1024.jpeg\" alt=\"\" class=\"wp-image-3990\"\/><\/figure>\n\n\n\n<figure class=\"wp-block-image size-large\"><img loading=\"lazy\" decoding=\"async\" width=\"768\" height=\"1024\" data-id=\"3991\" src=\"https:\/\/uncjr.ro\/web\/wp-content\/uploads\/Image-2-768x1024.jpeg\" alt=\"\" class=\"wp-image-3991\"\/><\/figure>\n\n\n\n<figure class=\"wp-block-image size-large\"><img loading=\"lazy\" decoding=\"async\" width=\"1024\" height=\"768\" data-id=\"3989\" src=\"https:\/\/uncjr.ro\/web\/wp-content\/uploads\/Image-1024x768.jpeg\" alt=\"\" class=\"wp-image-3989\" srcset=\"https:\/\/uncjr.ro\/web\/wp-content\/uploads\/Image-980x735.jpeg 980w, https:\/\/uncjr.ro\/web\/wp-content\/uploads\/Image-480x360.jpeg 480w\" sizes=\"(min-width: 0px) and (max-width: 480px) 480px, (min-width: 481px) and (max-width: 980px) 980px, (min-width: 981px) 1024px, 100vw\" \/><\/figure>\n<\/figure>\n","protected":false},"excerpt":{"rendered":"<p>\u00cen perioada 25-27 octombrie 2022 are loc cea de-a 43-a sesiune a Congresului Puterilor Locale \u0219i Regionale al Consiliului Europei (CPLRE) la Strasbourg. Delega\u021bia Rom\u00e2niei este reprezentat\u0103 la aceast\u0103 sesiune plenar\u0103 de Pataki Csaba, pre\u0219edintele Consiliului Jude\u021bean Satu Mare \u0219i Emilian Oprea, primarul ora\u0219ului Chitila. Cu ocazia celei de-a 43-a sesiuni plenare a Congresului Puterilor [&hellip;]<\/p>\n","protected":false},"author":2,"featured_media":3987,"comment_status":"closed","ping_status":"closed","sticky":false,"template":"","format":"standard","meta":{"_et_pb_use_builder":"","_et_pb_old_content":"","_et_gb_content_width":"","footnotes":""},"categories":[14,5],"tags":[],"class_list":["post-3986","post","type-post","status-publish","format-standard","has-post-thumbnail","hentry","category-evenimente","category-noutati"],"_links":{"self":[{"href":"https:\/\/uncjr.ro\/web\/wp-json\/wp\/v2\/posts\/3986","targetHints":{"allow":["GET"]}}],"collection":[{"href":"https:\/\/uncjr.ro\/web\/wp-json\/wp\/v2\/posts"}],"about":[{"href":"https:\/\/uncjr.ro\/web\/wp-json\/wp\/v2\/types\/post"}],"author":[{"embeddable":true,"href":"https:\/\/uncjr.ro\/web\/wp-json\/wp\/v2\/users\/2"}],"replies":[{"embeddable":true,"href":"https:\/\/uncjr.ro\/web\/wp-json\/wp\/v2\/comments?post=3986"}],"version-history":[{"count":1,"href":"https:\/\/uncjr.ro\/web\/wp-json\/wp\/v2\/posts\/3986\/revisions"}],"predecessor-version":[{"id":3992,"href":"https:\/\/uncjr.ro\/web\/wp-json\/wp\/v2\/posts\/3986\/revisions\/3992"}],"wp:featuredmedia":[{"embeddable":true,"href":"https:\/\/uncjr.ro\/web\/wp-json\/wp\/v2\/media\/3987"}],"wp:attachment":[{"href":"https:\/\/uncjr.ro\/web\/wp-json\/wp\/v2\/media?parent=3986"}],"wp:term":[{"taxonomy":"category","embeddable":true,"href":"https:\/\/uncjr.ro\/web\/wp-json\/wp\/v2\/categories?post=3986"},{"taxonomy":"post_tag","embeddable":true,"href":"https:\/\/uncjr.ro\/web\/wp-json\/wp\/v2\/tags?post=3986"}],"curies":[{"name":"wp","href":"https:\/\/api.w.org\/{rel}","templated":true}]}}