{"id":3939,"date":"2022-10-07T10:05:57","date_gmt":"2022-10-07T08:05:57","guid":{"rendered":"https:\/\/uncjr.ro\/web\/?p=3939"},"modified":"2025-01-27T15:40:27","modified_gmt":"2025-01-27T13:40:27","slug":"uncjr-va-invita-sa-completati-chestionarul-online-privind-rezilienta-teritoriala","status":"publish","type":"post","link":"https:\/\/uncjr.ro\/web\/uncjr-va-invita-sa-completati-chestionarul-online-privind-rezilienta-teritoriala\/","title":{"rendered":"UNCJR v\u0103 invit\u0103 s\u0103 completa\u021bi chestionarul online privind rezilien\u0163a teritorial\u0103"},"content":{"rendered":"\n<p class=\"text-content-justify\">Uniunea Na\u0163ional\u0103 a Consiliilor Jude\u0163ene din Rom\u00e2nia (UNCJR) v\u0103 invit\u0103 s\u0103 participa\u0163i la chestionarul online privind rezilien\u0163a teritorial\u0103 pe care \u00eel organizeaz\u0103 al\u0103turi de partenerii s\u0103i din cadrul Confedera\u0163iei Europene a Puterilor Locale de nivel Intermediar (CEPLI).<\/p>\n\n\n\n<p class=\"text-content-justify\">Chestionarul este disponibil <a rel=\"noreferrer noopener\" href=\"https:\/\/cepli.eu\/survey.\" data-type=\"URL\" data-id=\"https:\/\/cepli.eu\/survey.\" target=\"_blank\">aici<\/a>, \u00een limba englez\u0103.<\/p>\n\n\n\n<p class=\"text-content-justify\"><strong>Termen-limit\u0103: 10 noiembrie 2022<\/strong><\/p>\n\n\n\n<p class=\"text-content-justify\">Grup \u0163in\u0163\u0103: autorit\u0103\u0163i publice locale \u015fi jude\u0163ene, agen\u0163ii de dezvoltare, clustere, camere de comer\u0163 \u015fi industrie, alte p\u0103r\u0163i interesate, publice sau private, din domeniile protec\u0163iei mediului, amenaj\u0103rii teritoriale, afacerilor sociale, educa\u0163iei \u015fi form\u0103rii, s\u0103n\u0103t\u0103\u0163ii, energiei, protec\u0163iei civile, culturii \u015fi turismului \u015fi comunic\u0103rii, societatea civil\u0103 \u015fi orice cet\u0103\u0163ean sau individ care este rezident pe teritoriul Rom\u00e2niei \u015fi dore\u015fte s\u0103 participe \u00een mod voluntar.<\/p>\n\n\n\n<p class=\"text-content-justify\">Tema rezilien\u0163ei teritoriale reprezint\u0103 una dintre priorit\u0103\u0163ile-cheie ale planului de ac\u0163iune al confedera\u0163iei pentru 2023, fiiind deja pus\u0103 \u00een dezbatere, \u00eentr-o viziune sectorial\u0103 sau integrat\u0103, \u00een cadrul mai multor conferin\u0163e europene organizate de c\u0103tre CEPLI \u00eencep\u00e2nd cu 2020. Mai multe detalii pe paginile de web urm\u0103toare:&nbsp;<a href=\"https:\/\/cepli.eu\/declaratia-de-la-cracovia\" target=\"_blank\" rel=\"noreferrer noopener\">https:\/\/cepli.eu\/declaratia-de-la-cracovia<\/a>&nbsp;\u015fi&nbsp;<a href=\"https:\/\/cepli.eu\/political-conference-2022-krakow-may-17\" target=\"_blank\" rel=\"noreferrer noopener\">https:\/\/cepli.eu\/political-conference-2022-krakow-may-17<\/a>.<\/p>\n\n\n\n<p class=\"text-content-justify\">Pentru cei interesa\u0163i, unul dintre aspectele rezilien\u0163ei teritoriale, cel al eficien\u0163ei energetice la nivel local\/jude\u0163ean, va fi dezb\u0103tut \u00een cadrul manifest\u0103rii \u201eS\u0103pt\u0103m\u00e2na european\u0103 a regiunilor \u015fi ora\u015felor\u201d, la evenimentul CEPLI din 13 octombrie a.c., \u201e<a href=\"https:\/\/eu.app.swapcard.com\/event\/euregionsweek-2022\/planning\/UGxhbm5pbmdfOTYwNTg1\" target=\"_blank\" rel=\"noreferrer noopener\">Local Intermediate Authorities boosting the resilience and energy efficiency<\/a>\u201d.<\/p>\n","protected":false},"excerpt":{"rendered":"<p>Uniunea Na\u0163ional\u0103 a Consiliilor Jude\u0163ene din Rom\u00e2nia (UNCJR) v\u0103 invit\u0103 s\u0103 participa\u0163i la chestionarul online privind rezilien\u0163a teritorial\u0103 pe care \u00eel organizeaz\u0103 al\u0103turi de partenerii s\u0103i din cadrul Confedera\u0163iei Europene a Puterilor Locale de nivel Intermediar (CEPLI). Chestionarul este disponibil aici, \u00een limba englez\u0103. Termen-limit\u0103: 10 noiembrie 2022 Grup \u0163in\u0163\u0103: autorit\u0103\u0163i publice locale \u015fi jude\u0163ene, [&hellip;]<\/p>\n","protected":false},"author":2,"featured_media":3940,"comment_status":"closed","ping_status":"closed","sticky":false,"template":"","format":"standard","meta":{"_et_pb_use_builder":"","_et_pb_old_content":"","_et_gb_content_width":"","footnotes":""},"categories":[24,14,5],"tags":[],"class_list":["post-3939","post","type-post","status-publish","format-standard","has-post-thumbnail","hentry","category-anunturi","category-evenimente","category-noutati"],"_links":{"self":[{"href":"https:\/\/uncjr.ro\/web\/wp-json\/wp\/v2\/posts\/3939","targetHints":{"allow":["GET"]}}],"collection":[{"href":"https:\/\/uncjr.ro\/web\/wp-json\/wp\/v2\/posts"}],"about":[{"href":"https:\/\/uncjr.ro\/web\/wp-json\/wp\/v2\/types\/post"}],"author":[{"embeddable":true,"href":"https:\/\/uncjr.ro\/web\/wp-json\/wp\/v2\/users\/2"}],"replies":[{"embeddable":true,"href":"https:\/\/uncjr.ro\/web\/wp-json\/wp\/v2\/comments?post=3939"}],"version-history":[{"count":1,"href":"https:\/\/uncjr.ro\/web\/wp-json\/wp\/v2\/posts\/3939\/revisions"}],"predecessor-version":[{"id":3941,"href":"https:\/\/uncjr.ro\/web\/wp-json\/wp\/v2\/posts\/3939\/revisions\/3941"}],"wp:featuredmedia":[{"embeddable":true,"href":"https:\/\/uncjr.ro\/web\/wp-json\/wp\/v2\/media\/3940"}],"wp:attachment":[{"href":"https:\/\/uncjr.ro\/web\/wp-json\/wp\/v2\/media?parent=3939"}],"wp:term":[{"taxonomy":"category","embeddable":true,"href":"https:\/\/uncjr.ro\/web\/wp-json\/wp\/v2\/categories?post=3939"},{"taxonomy":"post_tag","embeddable":true,"href":"https:\/\/uncjr.ro\/web\/wp-json\/wp\/v2\/tags?post=3939"}],"curies":[{"name":"wp","href":"https:\/\/api.w.org\/{rel}","templated":true}]}}