{"id":3928,"date":"2022-10-03T14:23:32","date_gmt":"2022-10-03T12:23:32","guid":{"rendered":"https:\/\/uncjr.ro\/web\/?p=3928"},"modified":"2025-01-27T15:40:23","modified_gmt":"2025-01-27T13:40:23","slug":"presedintele-cj-timis-a-fost-numit-raportor-pentru-avizul-viitorul-parteneriatului-estic-din-perspectiva-locala-si-regionala-in-cadrul-cor","status":"publish","type":"post","link":"https:\/\/uncjr.ro\/web\/presedintele-cj-timis-a-fost-numit-raportor-pentru-avizul-viitorul-parteneriatului-estic-din-perspectiva-locala-si-regionala-in-cadrul-cor\/","title":{"rendered":"Pre\u0219edintele CJ Timi\u0219 a fost numit raportor pentru avizul \u201eViitorul Parteneriatului Estic din perspectiv\u0103 local\u0103 \u0219i regional\u0103\u201d \u00een cadrul CoR"},"content":{"rendered":"\n<p class=\"text-contet-justify\">\u00cen cadrul \u0219edin\u021bei Comisiei CIVEX a Comitetului European al Regiunilor (CoR) din 28 septembrie 2022,&nbsp;Alin-Adrian NICA, pre\u0219edintele Consiliului Jude\u021bean Timi\u0219, a fost numit raportor pentru avizul \u201eViitorul Parteneriatului Estic din perspectiv\u0103 local\u0103 \u0219i regional\u0103\u201d (sesizarea Comitetului European al Regiunilor de c\u0103tre Pre\u0219edin\u021bia Consiliului UE).<\/p>\n\n\n\n<p class=\"text-contet-justify\">De asemenea, pre\u0219edintele Consiliului Jude\u021bean Timi\u0219 a mai ob\u021binut votul majorit\u0103\u021bii membrilor Comisiei CIVEX de a g\u0103zdui, la&nbsp;Timi\u0219oara, \u00een perioada 28-29 septembrie 2023, \u0219edin\u021ba Comisiei \u015fi Conferin\u021ba pe tema \u201eContribu\u021bia la punerea \u00een aplicare a propunerilor Conferin\u021bei privind viitorul Europei: consolidarea cet\u0103\u021beniei europene prin promovarea identit\u0103\u021bii europene \u0219i a valorilor democratice\u201d.<\/p>\n\n\n\n<p class=\"text-contet-justify\">Amintin c\u0103 Alin-Adrian Nica a fost ales \u00een data de 29 iunie 2022 pre\u0219edinte al delega\u021biei Rom\u00e2niei la Comitetul European al Regiunilor (CoR), \u015fi membru \u00een Biroul CoR, pentru cea de-a doua jum\u0103tate a mandatului de cinci ani a CoR, respectiv p\u00e2n\u0103 \u00een ianuarie 2025.<\/p>\n","protected":false},"excerpt":{"rendered":"<p>\u00cen cadrul \u0219edin\u021bei Comisiei CIVEX a Comitetului European al Regiunilor (CoR) din 28 septembrie 2022,&nbsp;Alin-Adrian NICA, pre\u0219edintele Consiliului Jude\u021bean Timi\u0219, a fost numit raportor pentru avizul \u201eViitorul Parteneriatului Estic din perspectiv\u0103 local\u0103 \u0219i regional\u0103\u201d (sesizarea Comitetului European al Regiunilor de c\u0103tre Pre\u0219edin\u021bia Consiliului UE). De asemenea, pre\u0219edintele Consiliului Jude\u021bean Timi\u0219 a mai ob\u021binut votul majorit\u0103\u021bii [&hellip;]<\/p>\n","protected":false},"author":2,"featured_media":3929,"comment_status":"closed","ping_status":"closed","sticky":false,"template":"","format":"standard","meta":{"_et_pb_use_builder":"","_et_pb_old_content":"","_et_gb_content_width":"","footnotes":""},"categories":[14,5],"tags":[],"class_list":["post-3928","post","type-post","status-publish","format-standard","has-post-thumbnail","hentry","category-evenimente","category-noutati"],"_links":{"self":[{"href":"https:\/\/uncjr.ro\/web\/wp-json\/wp\/v2\/posts\/3928","targetHints":{"allow":["GET"]}}],"collection":[{"href":"https:\/\/uncjr.ro\/web\/wp-json\/wp\/v2\/posts"}],"about":[{"href":"https:\/\/uncjr.ro\/web\/wp-json\/wp\/v2\/types\/post"}],"author":[{"embeddable":true,"href":"https:\/\/uncjr.ro\/web\/wp-json\/wp\/v2\/users\/2"}],"replies":[{"embeddable":true,"href":"https:\/\/uncjr.ro\/web\/wp-json\/wp\/v2\/comments?post=3928"}],"version-history":[{"count":1,"href":"https:\/\/uncjr.ro\/web\/wp-json\/wp\/v2\/posts\/3928\/revisions"}],"predecessor-version":[{"id":3930,"href":"https:\/\/uncjr.ro\/web\/wp-json\/wp\/v2\/posts\/3928\/revisions\/3930"}],"wp:featuredmedia":[{"embeddable":true,"href":"https:\/\/uncjr.ro\/web\/wp-json\/wp\/v2\/media\/3929"}],"wp:attachment":[{"href":"https:\/\/uncjr.ro\/web\/wp-json\/wp\/v2\/media?parent=3928"}],"wp:term":[{"taxonomy":"category","embeddable":true,"href":"https:\/\/uncjr.ro\/web\/wp-json\/wp\/v2\/categories?post=3928"},{"taxonomy":"post_tag","embeddable":true,"href":"https:\/\/uncjr.ro\/web\/wp-json\/wp\/v2\/tags?post=3928"}],"curies":[{"name":"wp","href":"https:\/\/api.w.org\/{rel}","templated":true}]}}