{"id":3918,"date":"2022-09-21T09:30:03","date_gmt":"2022-09-21T07:30:03","guid":{"rendered":"https:\/\/uncjr.ro\/web\/?p=3918"},"modified":"2025-01-27T15:40:15","modified_gmt":"2025-01-27T13:40:15","slug":"comisia-europeana-a-deschis-o-noua-cerere-de-propuneri-de-proiecte-care-vizeaza-domeniul-turismului","status":"publish","type":"post","link":"https:\/\/uncjr.ro\/web\/comisia-europeana-a-deschis-o-noua-cerere-de-propuneri-de-proiecte-care-vizeaza-domeniul-turismului\/","title":{"rendered":"Comisia European\u0103 a deschis o nou\u0103 cerere de propuneri de proiecte care vizeaz\u0103 domeniul turismului"},"content":{"rendered":"\n<p class=\"text-content-justify\"><strong>Comisia European\u0103, prin intermediul Agen\u0163ie executive europene pentru IMM-uri \u015fi Consiliul European pentru Inovare (EISMEA) de la Bruxelles, a deschis recent o nou\u0103 cerere de propuneri de proiecte care vizeaz\u0103 domeniul turismului, un sector de activitate grav afectat de recenta pandemie.<\/strong><\/p>\n\n\n\n<p class=\"text-content-justify\">Programul european&nbsp;prin care se acord\u0103 finan\u0163are este \u201ePia\u0163a unic\u0103\u201d 2021-2027, componenta COSME, titlul cererii fiind \u201eO cre\u0219tere economic\u0103 sustenabil\u0103 \u0219i cre\u0219terea rezilien\u021bei \u00een turism \u2013 \u00eemputernicirea IMM-urilor s\u0103 realizeze dubla tranzi\u021bia\u201d.<\/p>\n\n\n\n<figure class=\"wp-block-table text-content-justify\"><table><tbody><tr><td class=\"has-text-align-center\" data-align=\"center\"><strong>Buget<\/strong><\/td><td class=\"has-text-align-center\" data-align=\"center\"><strong>Data limit\u0103 de depunere a aplica\u021biilor<\/strong><\/td><td class=\"has-text-align-center\" data-align=\"center\"><strong>Eligibilitate \u021b\u0103ri\/regiuni<\/strong><\/td><\/tr><tr><td class=\"has-text-align-center\" data-align=\"center\">20.500.000 EUR; se vor acorda maximum \u00eentre 2.000.000 \u015fi 4.000.000 EUR\/proiect. Costurile vor fi rambursate la ratele de finan\u021bare stabilite \u00een Acordul de Grant (100% pentru costurile care privesc acordarea de sprijin financiar ter\u021bilor \u0219i 90% pentru toate celelalte categorii de costuri).<\/td><td class=\"has-text-align-center\" data-align=\"center\">30 noiembrie 2022 (ora 17 la Bruxelles) &nbsp;<\/td><td class=\"has-text-align-center\" data-align=\"center\">orice entitate public\u0103 \u015fi privat\u0103 constituit\u0103 legal \u015fi cu sediul \u00een statele membre \u015fi \u0163\u0103rile participante la program (lista oficial\u0103 este disponibil\u0103&nbsp;<a href=\"https:\/\/ec.europa.eu\/info\/funding-tenders\/opportunities\/docs\/2021-2027\/smp\/guidance\/list-3rd-country-participation_smp_en.pdf\" target=\"_blank\" rel=\"noreferrer noopener\">aici<\/a>). Proiectele trebuie s\u0103 fie transnationale, iar consor\u0163iile trebuie alc\u0103tuite din minimum cinci \u0219i maximum opt entit\u0103\u021bi (cu excep\u021bia entit\u0103\u021bilor afiliate) provenite din minimum cinci \u021b\u0103ri eligibile diferite &nbsp;<\/td><\/tr><\/tbody><\/table><\/figure>\n\n\n\n<p><strong>Domeniul de aplicare:<\/strong><\/p>\n\n\n\n<p class=\"text-content-justify\">Aceast\u0103 cerere de propuneri va face parte din strategia general\u0103 de redresare dup\u0103 pandemia de COVID-19 pentru un ecosistem turistic sustenabil \u0219i va viza, \u00een special, echiparea \u0219i \u00eemputernicirea IMM-urilor \u00een eforturile lor de a se adapta la tranzi\u021bia ecologic\u0103 \u015fi la cea digital\u0103, \u00een conformitate cu perspectiva comunic\u0103rii CE \u201eCalea de tranzi\u021bie a turismului\u201d \u015fi&nbsp;<a href=\"https:\/\/eur-lex.europa.eu\/legal-content\/RO\/TXT\/PDF\/?uri=CELEX:52021DC0350&amp;from=EN\" target=\"_blank\" rel=\"noreferrer noopener\">Strategia industrial\u0103 actualizat\u0103<\/a>.<\/p>\n\n\n\n<p class=\"text-content-justify\">Ac\u021biunea \u00ee\u0219i propune s\u0103 ghideze redresarea de perspectiv\u0103 a ecosistemului turistic prin acordarea de sprijin, inclusiv prin intermediul consor\u021biilor de organiza\u021bii ale p\u0103r\u021bilor interesate relevante din industria turismului, pentru transformarea digital\u0103 \u0219i ecologic\u0103 a companiilor de turism, \u00een special a IMM-urilor, \u0219i prin stimularea inova\u021biei, rezilien\u021b\u0103, sustenabilitate \u0219i calitate de-a lungul lan\u021bului valoric al turismului. Finan\u0163area ar putea include, de asemenea, furnizarea de sprijin financiar pentru \u00eent\u00e2lniri de tip B2B (matchmaking).<\/p>\n\n\n\n<p><strong>Tematici prioritare:<\/strong><\/p>\n\n\n\n<p class=\"text-content-justify\">&#8211; dezvoltarea ofertelor turistice responsabile \u0219i diversificate, cu o aten\u021bie deosebit\u0103 fa\u0163\u0103 de provoc\u0103rile legate de sezonalitate;<\/p>\n\n\n\n<p class=\"text-content-justify\">&#8211; experien\u021be bazate pe turismul regenerativ, respect\u00e2nd autenticitatea ofertelor turistice locale, contribuind \u00een acela\u0219i timp la bun\u0103starea comunit\u0103\u021bilor gazd\u0103. Acestea includ IMM-urile din turism interesate de cooperare \u0219i implicare local\u0103 cu \u015fi a locuitorilor, antreprenori care au acelea\u0219i opinii \u0219i\/sau cu autorit\u0103\u021bile locale;<\/p>\n\n\n\n<p class=\"text-content-justify\">&#8211; dezvoltarea de servicii turistice care sunt deschise \u0219i accesibile pentru diferite grupuri \u0219i nevoi de c\u0103l\u0103torie, cum ar fi familiile, persoanele cu handicap, persoanele \u00een v\u00e2rst\u0103, LGBTQ+, sau de catering pentru tendin\u021bele emergente, de exemplu nomazii digitali (lucr\u0103tori la distan\u021b\u0103) \u0219i turismul educa\u021bional;<\/p>\n\n\n\n<p class=\"text-content-justify\">&#8211; ini\u021biative de turism cultural care privesc at\u00e2t patrimoniul cultural material, c\u00e2t \u0219i pe cel imaterial;<\/p>\n\n\n\n<p class=\"text-content-justify\">&#8211; cre\u0219terea economic\u0103 a turismului legat\u0103 de conservarea \u0219i regenerarea patrimoniului natural \u0219i a biodiversit\u0103\u021bii, precum \u0219i de ac\u021biuni pentru clim\u0103.<\/p>\n\n\n\n<p class=\"text-content-justify\">Pentru a atinge obiectivele generale \u0219i specifice ale prezentei cereri, consor\u021biile transna\u021bionale selectate trebuie s\u0103 se asigure c\u0103 urm\u0103toarele trei axe principale sunt incluse \u00een propunerile lor:<\/p>\n\n\n\n<p class=\"text-content-justify\">1. Starea de fapt, lec\u0163ii \u00eenv\u0103\u0163ate \u0219i cele mai bune practici;<\/p>\n\n\n\n<p class=\"text-content-justify\">2. Consolidarea capacit\u0103\u021bii pentru IMM-uri;<\/p>\n\n\n\n<p>3. Consolidarea capacit\u0103\u021bilor pentru ecosistemele turistice locale.<\/p>\n\n\n\n<p class=\"text-content-justify\">Nu se finan\u0163eaz\u0103 prin aceast\u0103 cerere dezvoltarea sau \u00eembun\u0103t\u0103\u021birea unei infrastructuri fizice, cum ar fi, de exemplu, achizi\u0163ionarea de mobilier de birou sau renovarea cl\u0103dirilor.<\/p>\n\n\n\n<p class=\"text-content-justify\">Contact direct&nbsp;pentru \u00eentreb\u0103ri sau detalii:&nbsp;<a href=\"mailto:EISMEA-SMP-COSME-ENQUIRIES@ec.europa.eu\" target=\"_blank\" rel=\"noreferrer noopener\">EISMEA-SMP-COSME-ENQUIRIES@ec.europa.eu<\/a>&nbsp;(mesajele trebuie trimise p\u00e2n\u0103 cel mai t\u00e2rziu 23 noiembrie 2022, ora 17 la Bruxelles).<\/p>\n","protected":false},"excerpt":{"rendered":"<p>Comisia European\u0103, prin intermediul Agen\u0163ie executive europene pentru IMM-uri \u015fi Consiliul European pentru Inovare (EISMEA) de la Bruxelles, a deschis recent o nou\u0103 cerere de propuneri de proiecte care vizeaz\u0103 domeniul turismului, un sector de activitate grav afectat de recenta pandemie. Programul european&nbsp;prin care se acord\u0103 finan\u0163are este \u201ePia\u0163a unic\u0103\u201d 2021-2027, componenta COSME, titlul cererii [&hellip;]<\/p>\n","protected":false},"author":2,"featured_media":3919,"comment_status":"closed","ping_status":"closed","sticky":false,"template":"","format":"standard","meta":{"_et_pb_use_builder":"","_et_pb_old_content":"","_et_gb_content_width":"","footnotes":""},"categories":[5,19],"tags":[],"class_list":["post-3918","post","type-post","status-publish","format-standard","has-post-thumbnail","hentry","category-noutati","category-oportunitati-finantare-internationala"],"_links":{"self":[{"href":"https:\/\/uncjr.ro\/web\/wp-json\/wp\/v2\/posts\/3918","targetHints":{"allow":["GET"]}}],"collection":[{"href":"https:\/\/uncjr.ro\/web\/wp-json\/wp\/v2\/posts"}],"about":[{"href":"https:\/\/uncjr.ro\/web\/wp-json\/wp\/v2\/types\/post"}],"author":[{"embeddable":true,"href":"https:\/\/uncjr.ro\/web\/wp-json\/wp\/v2\/users\/2"}],"replies":[{"embeddable":true,"href":"https:\/\/uncjr.ro\/web\/wp-json\/wp\/v2\/comments?post=3918"}],"version-history":[{"count":1,"href":"https:\/\/uncjr.ro\/web\/wp-json\/wp\/v2\/posts\/3918\/revisions"}],"predecessor-version":[{"id":3920,"href":"https:\/\/uncjr.ro\/web\/wp-json\/wp\/v2\/posts\/3918\/revisions\/3920"}],"wp:featuredmedia":[{"embeddable":true,"href":"https:\/\/uncjr.ro\/web\/wp-json\/wp\/v2\/media\/3919"}],"wp:attachment":[{"href":"https:\/\/uncjr.ro\/web\/wp-json\/wp\/v2\/media?parent=3918"}],"wp:term":[{"taxonomy":"category","embeddable":true,"href":"https:\/\/uncjr.ro\/web\/wp-json\/wp\/v2\/categories?post=3918"},{"taxonomy":"post_tag","embeddable":true,"href":"https:\/\/uncjr.ro\/web\/wp-json\/wp\/v2\/tags?post=3918"}],"curies":[{"name":"wp","href":"https:\/\/api.w.org\/{rel}","templated":true}]}}