{"id":3911,"date":"2022-09-20T10:02:55","date_gmt":"2022-09-20T08:02:55","guid":{"rendered":"https:\/\/uncjr.ro\/web\/?p=3911"},"modified":"2025-01-27T15:40:07","modified_gmt":"2025-01-27T13:40:07","slug":"aebr-a-deschis-o-cerere-de-propuneri-in-cadrul-initiativei-b-solutions","status":"publish","type":"post","link":"https:\/\/uncjr.ro\/web\/aebr-a-deschis-o-cerere-de-propuneri-in-cadrul-initiativei-b-solutions\/","title":{"rendered":"AEBR a deschis o cerere de propuneri \u00een cadrul ini\u0163iativei\u00a0\u201eb-solutions\u201d"},"content":{"rendered":"\n<p class=\"text-content-justify\"><strong><a href=\"https:\/\/www.aebr.eu\/about-us\/\" target=\"_blank\" rel=\"noreferrer noopener\">Asocia\u0163ia regiunilor europene de frontier\u0103<\/a><\/strong><strong>&nbsp;(AEBR), prin gestiune direct\u0103 atribuit\u0103 de Direc\u0163ia general\u0103 \u00abPolitica regional\u0103 \u015fi urban\u0103\u00bb din cadrul Comisiei europene, a deschis o cerere de propuneri \u00een cadrul ini\u0163iativei&nbsp;<\/strong><strong>\u201e<\/strong><strong><em><u>b-solutions<\/u><\/em><\/strong><strong><em>\u201d.&nbsp;<\/em><\/strong>Ini\u0163iativa este una dintre m\u0103surile prev\u0103zute de Comisia European\u0103 \u00een comunicare sa<strong><em>&nbsp;<\/em><\/strong>\u201eStimularea cre\u0219terii economice \u0219i a coeziunii \u00een regiunile frontaliere ale UE\u201d adoptat\u0103 la 20&nbsp;septembrie&nbsp;2017.<\/p>\n\n\n\n<p class=\"text-content-justify\">\u201c<a rel=\"noreferrer noopener\" href=\"https:\/\/www.b-solutionsproject.com\/\" target=\"_blank\">b-solutions 2.0 Solving Cross-Border Obstacles<\/a>\u201d\u00a0este o extensie a celor 4 apeluri deja lansate anii trecu\u0163i \u00een cadrul acestei ini\u0163iative, care se adreseaz\u0103\u00a0administra\u0163iilor publice \u015fi structurilor transfrontaliere\u00a0din statele membre, \u0163\u0103rile\u00a0<a rel=\"noreferrer noopener\" href=\"https:\/\/ec.europa.eu\/regional_policy\/ro\/funding\/ipa\/\" target=\"_blank\">IPA<\/a>\u00a0\u015fi \u0163\u0103rile AELS (Islanda, Liechtenstein, Norvegia \u0219i Elve\u021bia).<\/p>\n\n\n\n<p class=\"text-content-justify\">Obiectivul actualei cereri de propuneri este de a identifica 120 de cazuri de obstacole juridice sau administrative care \u00eempiedic\u0103 cooperarea transfrontalier\u0103 \u00eentre \u021b\u0103rile UE, \u021b\u0103rile UE-IPA \u0219i \u021b\u0103rile&nbsp;UE-AELS. Cazurile selectate vor primi asisten\u021b\u0103 tehnic\u0103 din partea exper\u021bilor juridici care vor sugera poten\u021biale solu\u021bii pentru dep\u0103\u0219irea obstacolelor. \u00cen plus, dovezile colectate vor contribui la cre\u0219terea gradului de con\u0219tientizare cu privire la cooperarea transfrontalier\u0103 \u0219i la modalit\u0103\u021bile de promovare a solu\u021biilor la nivel local, na\u021bional \u0219i european pentru sprijinirea regiunilor de grani\u021b\u0103.<\/p>\n\n\n\n<p class=\"text-content-justify\"><strong><u>Termenul-limit\u0103 pentru depunerea unei aplica\u0163ii: 21 octombrie 2022<\/u><\/strong>.<\/p>\n\n\n\n<p class=\"text-content-justify\">Echipa \u00abb-solutions\u00bb&nbsp;va organiza&nbsp;dou\u0103 sesiuni de informare&nbsp;virtuale cu scopul de a r\u0103spunde la posibilele \u00eentreb\u0103ri \u015fi de a oferi \u00eendrum\u0103ri pe tot parcursul procesului de aplicare. Sesiunile se vor desf\u0103\u015fura \u00een limba englez\u0103 \u0219i vor avea loc la&nbsp;:<\/p>\n\n\n\n<ul class=\"text-content-justify wp-block-list\"><li>20 septembrie, orele 12.30-13:15 \u00een Rom\u00e2nia, \u00eenscrieri prin completarea acestui\u00a0<a rel=\"noreferrer noopener\" href=\"https:\/\/www.eventbrite.co.uk\/e\/info-session-on-b-solutions-20-call-for-proposals-tickets-413982903007\" target=\"_blank\">formular<\/a>;<\/li><li>6 octombrie, orele\u00a0 12.30-13:15 \u00een Rom\u00e2nia, \u00eenscrieri prin completarea acestui\u00a0<a rel=\"noreferrer noopener\" href=\"https:\/\/www.eventbrite.co.uk\/e\/info-session-on-b-solutions-20-call-for-proposals-tickets-413986674287\" target=\"_blank\">formular<\/a>.<\/li><\/ul>\n\n\n\n<p class=\"text-content-justify\">Secretariatul AEBR ofer\u0103 \u015fi posibilitatea unei discu\u0163ii individuale&nbsp;de 30 de minute pe platforma Zoom, pentru a v\u0103 ghida cu privire la depunerea aplica\u021biei \u0219i pentru a discuta \u00eempreun\u0103 un poten\u021bial obstacol cu \u200b\u200bcare v\u0103 confrunta\u0163i \u00een regiunea\/jude\u0163ul dumneavoastr\u0103. Pentru aceast\u0103 discu\u0163ie, este nevoie de o programare, cei interesa\u0163i fiind ruga\u0163i s\u0103 rezerve un loc pe pagina web&nbsp;<a href=\"https:\/\/calendly.com\/b-solutionsaebr\/30min\" target=\"_blank\" rel=\"noreferrer noopener\">https:\/\/calendly.com\/b-solutionsaebr\/30min<\/a>, \u00een func\u021bie de disponibilitate \u0219i preferin\u0163e.<\/p>\n\n\n\n<p class=\"text-content-justify\">Contact pentru detalii privind aceast\u0103 cerere:&nbsp;&nbsp;<a href=\"mailto:b-solutions@aebr.eu\" target=\"_blank\" rel=\"noreferrer noopener\">b-solutions@aebr.eu<\/a>, media social\u0103:&nbsp;<a href=\"https:\/\/www.linkedin.com\/company\/association-of-european-border-regions\" target=\"_blank\" rel=\"noreferrer noopener\">LinkedIn<\/a>,&nbsp;<a href=\"https:\/\/www.facebook.com\/AEBR.AGEG.ARFE\/\" target=\"_blank\" rel=\"noreferrer noopener\">Facebook<\/a>,&nbsp;<a href=\"https:\/\/twitter.com\/SocialnetAEBR?ref_src=twsrc%5Egoogle%7Ctwcamp%5Eserp%7Ctwgr%5Eauthor\" target=\"_blank\" rel=\"noreferrer noopener\">Twitter<\/a>.<\/p>\n","protected":false},"excerpt":{"rendered":"<p>Asocia\u0163ia regiunilor europene de frontier\u0103&nbsp;(AEBR), prin gestiune direct\u0103 atribuit\u0103 de Direc\u0163ia general\u0103 \u00abPolitica regional\u0103 \u015fi urban\u0103\u00bb din cadrul Comisiei europene, a deschis o cerere de propuneri \u00een cadrul ini\u0163iativei&nbsp;\u201eb-solutions\u201d.&nbsp;Ini\u0163iativa este una dintre m\u0103surile prev\u0103zute de Comisia European\u0103 \u00een comunicare sa&nbsp;\u201eStimularea cre\u0219terii economice \u0219i a coeziunii \u00een regiunile frontaliere ale UE\u201d adoptat\u0103 la 20&nbsp;septembrie&nbsp;2017. \u201cb-solutions 2.0 [&hellip;]<\/p>\n","protected":false},"author":2,"featured_media":3912,"comment_status":"closed","ping_status":"closed","sticky":false,"template":"","format":"standard","meta":{"_et_pb_use_builder":"","_et_pb_old_content":"","_et_gb_content_width":"","footnotes":""},"categories":[5,19],"tags":[],"class_list":["post-3911","post","type-post","status-publish","format-standard","has-post-thumbnail","hentry","category-noutati","category-oportunitati-finantare-internationala"],"_links":{"self":[{"href":"https:\/\/uncjr.ro\/web\/wp-json\/wp\/v2\/posts\/3911","targetHints":{"allow":["GET"]}}],"collection":[{"href":"https:\/\/uncjr.ro\/web\/wp-json\/wp\/v2\/posts"}],"about":[{"href":"https:\/\/uncjr.ro\/web\/wp-json\/wp\/v2\/types\/post"}],"author":[{"embeddable":true,"href":"https:\/\/uncjr.ro\/web\/wp-json\/wp\/v2\/users\/2"}],"replies":[{"embeddable":true,"href":"https:\/\/uncjr.ro\/web\/wp-json\/wp\/v2\/comments?post=3911"}],"version-history":[{"count":1,"href":"https:\/\/uncjr.ro\/web\/wp-json\/wp\/v2\/posts\/3911\/revisions"}],"predecessor-version":[{"id":3913,"href":"https:\/\/uncjr.ro\/web\/wp-json\/wp\/v2\/posts\/3911\/revisions\/3913"}],"wp:featuredmedia":[{"embeddable":true,"href":"https:\/\/uncjr.ro\/web\/wp-json\/wp\/v2\/media\/3912"}],"wp:attachment":[{"href":"https:\/\/uncjr.ro\/web\/wp-json\/wp\/v2\/media?parent=3911"}],"wp:term":[{"taxonomy":"category","embeddable":true,"href":"https:\/\/uncjr.ro\/web\/wp-json\/wp\/v2\/categories?post=3911"},{"taxonomy":"post_tag","embeddable":true,"href":"https:\/\/uncjr.ro\/web\/wp-json\/wp\/v2\/tags?post=3911"}],"curies":[{"name":"wp","href":"https:\/\/api.w.org\/{rel}","templated":true}]}}