{"id":3898,"date":"2022-08-31T13:19:31","date_gmt":"2022-08-31T11:19:31","guid":{"rendered":"https:\/\/uncjr.ro\/web\/?p=3898"},"modified":"2025-01-27T15:39:56","modified_gmt":"2025-01-27T13:39:56","slug":"s-au-deschis-inscrierile-pentru-saptamana-europeana-a-regiunilor-si-oraselor","status":"publish","type":"post","link":"https:\/\/uncjr.ro\/web\/s-au-deschis-inscrierile-pentru-saptamana-europeana-a-regiunilor-si-oraselor\/","title":{"rendered":"S-au deschis \u00eenscrierile pentru \u201eS\u0103pt\u0103m\u00e2na European\u0103 a Regiunilor \u0219i Ora\u0219elor\u201d"},"content":{"rendered":"\n<p class=\"text-content-justify\">Comisia European\u0103 \u015fi Comitetul European al Regiunilor au deschis \u00eenscrierile pentru participarea publicului larg la \u201eS\u0103pt\u0103m\u00e2na European\u0103 a Regiunilor \u015fi Ora\u015felor\u201d (EWRC), cel mai mare eveniment european dedicat dezvolt\u0103rii regionale \u015fi politicii de coeziune care se va desf\u0103\u015fura \u00een perioada 10-13 octombrie 2022.<\/p>\n\n\n\n<p class=\"text-content-justify\"><br>Programul hibrid din acest an include o expozi\u021bie virtual\u0103 \u0219i sesiuni online \u0219i la fa\u021ba locului dedicate:<br>\u2022 Tranzi\u021bie verde<br>\u2022 Coeziunea Teritorial\u0103<br>\u2022 Tranzi\u021bie digital\u0103<br>\u2022 \u00cemputernicirea tinerilor<\/p>\n\n\n\n<p class=\"text-content-justify\">Dat\u0103 fiind incertitudinea situa\u0163iei privind pandemia Covid-19, manifestarea va continua s\u0103 aibe loc, \u00een cea mai mare parte, \u00een format online, dar, pentru anumite reuniuni europene \u015fi pentru c\u0103 este o edi\u0163ie aniversar\u0103, este posibil\u0103 \u015fi participarea cu prezen\u0163\u0103 fizic\u0103 la Bruxelles. O platform\u0103 unic\u0103 de \u00eenregistrare este dedicat\u0103 acestui eveniment, toate informa\u0163iile fiind disponibile \u00eencep\u00e2nd de azi, 31 august, pe pagina oficial\u0103 care poate fi accesat\u0103 <a rel=\"noreferrer noopener\" href=\"https:\/\/europa.eu\/regions-and-cities\/\" data-type=\"URL\" data-id=\"https:\/\/europa.eu\/regions-and-cities\/\" target=\"_blank\">aici<\/a>. <\/p>\n\n\n\n<p class=\"text-content-justify\">Peste 1.000 de vorbitori vor lua cuv\u00e2ntul din toat\u0103 UE \u0219i nu numai pe parcursul a 386 de ore de conferin\u021be interactive repartizate pe parcursul a patru zile, iar peste 80 de clipuri video vor prezenta pove\u0219ti \u0219i m\u0103rturii despre proiecte concrete.<\/p>\n\n\n\n<p class=\"text-content-justify\">Not\u0103! Platforma de \u00eenregistrare nu este acceptat\u0103 de Internet Explorer, v\u0103 rug\u0103m s\u0103 utiliza\u021bi orice alt browser pentru a v\u0103 conecta la evenimente.<\/p>\n","protected":false},"excerpt":{"rendered":"<p>Comisia European\u0103 \u015fi Comitetul European al Regiunilor au deschis \u00eenscrierile pentru participarea publicului larg la \u201eS\u0103pt\u0103m\u00e2na European\u0103 a Regiunilor \u015fi Ora\u015felor\u201d (EWRC), cel mai mare eveniment european dedicat dezvolt\u0103rii regionale \u015fi politicii de coeziune care se va desf\u0103\u015fura \u00een perioada 10-13 octombrie 2022. Programul hibrid din acest an include o expozi\u021bie virtual\u0103 \u0219i sesiuni online [&hellip;]<\/p>\n","protected":false},"author":2,"featured_media":3899,"comment_status":"closed","ping_status":"closed","sticky":false,"template":"","format":"standard","meta":{"_et_pb_use_builder":"","_et_pb_old_content":"","_et_gb_content_width":"","footnotes":""},"categories":[14,5],"tags":[],"class_list":["post-3898","post","type-post","status-publish","format-standard","has-post-thumbnail","hentry","category-evenimente","category-noutati"],"_links":{"self":[{"href":"https:\/\/uncjr.ro\/web\/wp-json\/wp\/v2\/posts\/3898","targetHints":{"allow":["GET"]}}],"collection":[{"href":"https:\/\/uncjr.ro\/web\/wp-json\/wp\/v2\/posts"}],"about":[{"href":"https:\/\/uncjr.ro\/web\/wp-json\/wp\/v2\/types\/post"}],"author":[{"embeddable":true,"href":"https:\/\/uncjr.ro\/web\/wp-json\/wp\/v2\/users\/2"}],"replies":[{"embeddable":true,"href":"https:\/\/uncjr.ro\/web\/wp-json\/wp\/v2\/comments?post=3898"}],"version-history":[{"count":1,"href":"https:\/\/uncjr.ro\/web\/wp-json\/wp\/v2\/posts\/3898\/revisions"}],"predecessor-version":[{"id":3900,"href":"https:\/\/uncjr.ro\/web\/wp-json\/wp\/v2\/posts\/3898\/revisions\/3900"}],"wp:featuredmedia":[{"embeddable":true,"href":"https:\/\/uncjr.ro\/web\/wp-json\/wp\/v2\/media\/3899"}],"wp:attachment":[{"href":"https:\/\/uncjr.ro\/web\/wp-json\/wp\/v2\/media?parent=3898"}],"wp:term":[{"taxonomy":"category","embeddable":true,"href":"https:\/\/uncjr.ro\/web\/wp-json\/wp\/v2\/categories?post=3898"},{"taxonomy":"post_tag","embeddable":true,"href":"https:\/\/uncjr.ro\/web\/wp-json\/wp\/v2\/tags?post=3898"}],"curies":[{"name":"wp","href":"https:\/\/api.w.org\/{rel}","templated":true}]}}