{"id":3761,"date":"2022-07-14T12:49:18","date_gmt":"2022-07-14T10:49:18","guid":{"rendered":"https:\/\/uncjr.ro\/web\/?p=3761"},"modified":"2025-01-27T15:39:11","modified_gmt":"2025-01-27T13:39:11","slug":"uncjr-ureaza-la-multi-ani-republicii-franceze","status":"publish","type":"post","link":"https:\/\/uncjr.ro\/web\/uncjr-ureaza-la-multi-ani-republicii-franceze\/","title":{"rendered":"UNCJR ureaz\u0103 \u201eLa mul\u021bi ani!\u201d Republicii Franceze"},"content":{"rendered":"\n<p class=\"text-content-justify\">Uniunea Na\u021bional\u0103 a Consiliilor Jude\u021bene din Rom\u00e2nia transmite cele mai calde ur\u0103ri poporului, prieten, francez cu prilejul Zile Na\u021bioanale. Ziua de 14 iulie este cea care a adus deviza \u201eLibertate, Egalitate, Fraternitate\u201d fiind principiul dup\u0103 care, multe state democratice \u0219i-au scris Constitu\u021bia.<\/p>\n\n\n\n<p class=\"text-content-justify\"><br>Fran\u021ba \u0219i Rom\u00e2nia sunt profund legate prin istorie, limb\u0103 \u0219i cultur\u0103, prin numeroase experien\u021be comune. Cooperarea Rom\u00e2niei cu Republica Francez\u0103 reprezint\u0103 un cadru propice pentru a \u00eent\u0103ri rela\u021bia bilateral\u0103 \u00een cele mai diverse domenii, precum cel politic, economic, educa\u021bional, al energiei sau al s\u0103n\u0103t\u0103\u021bii.<\/p>\n\n\n\n<p class=\"text-content-justify\"><br>La mul\u0163i ani Fran\u0163ei de Ziua Na\u0163ional\u0103 \u015fi s\u0103 tr\u0103iasc\u0103 prietenia franco-rom\u00e2n\u0103!<\/p>\n","protected":false},"excerpt":{"rendered":"<p>Uniunea Na\u021bional\u0103 a Consiliilor Jude\u021bene din Rom\u00e2nia transmite cele mai calde ur\u0103ri poporului, prieten, francez cu prilejul Zile Na\u021bioanale. Ziua de 14 iulie este cea care a adus deviza \u201eLibertate, Egalitate, Fraternitate\u201d fiind principiul dup\u0103 care, multe state democratice \u0219i-au scris Constitu\u021bia. Fran\u021ba \u0219i Rom\u00e2nia sunt profund legate prin istorie, limb\u0103 \u0219i cultur\u0103, prin numeroase [&hellip;]<\/p>\n","protected":false},"author":2,"featured_media":3762,"comment_status":"closed","ping_status":"closed","sticky":false,"template":"","format":"standard","meta":{"_et_pb_use_builder":"","_et_pb_old_content":"","_et_gb_content_width":"","footnotes":""},"categories":[6,5],"tags":[],"class_list":["post-3761","post","type-post","status-publish","format-standard","has-post-thumbnail","hentry","category-comunicat-de-presa","category-noutati"],"_links":{"self":[{"href":"https:\/\/uncjr.ro\/web\/wp-json\/wp\/v2\/posts\/3761","targetHints":{"allow":["GET"]}}],"collection":[{"href":"https:\/\/uncjr.ro\/web\/wp-json\/wp\/v2\/posts"}],"about":[{"href":"https:\/\/uncjr.ro\/web\/wp-json\/wp\/v2\/types\/post"}],"author":[{"embeddable":true,"href":"https:\/\/uncjr.ro\/web\/wp-json\/wp\/v2\/users\/2"}],"replies":[{"embeddable":true,"href":"https:\/\/uncjr.ro\/web\/wp-json\/wp\/v2\/comments?post=3761"}],"version-history":[{"count":2,"href":"https:\/\/uncjr.ro\/web\/wp-json\/wp\/v2\/posts\/3761\/revisions"}],"predecessor-version":[{"id":3772,"href":"https:\/\/uncjr.ro\/web\/wp-json\/wp\/v2\/posts\/3761\/revisions\/3772"}],"wp:featuredmedia":[{"embeddable":true,"href":"https:\/\/uncjr.ro\/web\/wp-json\/wp\/v2\/media\/3762"}],"wp:attachment":[{"href":"https:\/\/uncjr.ro\/web\/wp-json\/wp\/v2\/media?parent=3761"}],"wp:term":[{"taxonomy":"category","embeddable":true,"href":"https:\/\/uncjr.ro\/web\/wp-json\/wp\/v2\/categories?post=3761"},{"taxonomy":"post_tag","embeddable":true,"href":"https:\/\/uncjr.ro\/web\/wp-json\/wp\/v2\/tags?post=3761"}],"curies":[{"name":"wp","href":"https:\/\/api.w.org\/{rel}","templated":true}]}}