{"id":3642,"date":"2022-07-01T10:31:09","date_gmt":"2022-07-01T08:31:09","guid":{"rendered":"https:\/\/uncjr.ro\/web\/?p=3642"},"modified":"2025-01-27T15:39:02","modified_gmt":"2025-01-27T13:39:02","slug":"presedintele-cj-timis-alin-adrian-nica-este-noul-presedinte-al-delegatia-romaniei-la-cor","status":"publish","type":"post","link":"https:\/\/uncjr.ro\/web\/presedintele-cj-timis-alin-adrian-nica-este-noul-presedinte-al-delegatia-romaniei-la-cor\/","title":{"rendered":"Pre\u0219edin\u021bele CJ Timi\u0219, Alin-Adrian Nica, \u00a0este noul pre\u0219edinte al Delega\u021bia Rom\u00e2niei la CoR"},"content":{"rendered":"\n<p class=\"text-content-justify\">Delega\u021bia Rom\u00e2niei la Comitetul European al Regiunilor (CoR), reunit\u0103 \u00een data de 29 iunie 2022 la Bruxelles, \u00een marja celei de-a 150-a sesiuni plenare a acestei institu\u021bii europene, l-a ales \u00een unanimitate pe Alin-Adrian Nica, pre\u0219edintele Consiliului Jude\u021bean Timi\u0219, drept pre\u0219edinte al delega\u021biei \u015fi membru \u00een Biroul CoR, pentru cea de-a doua jum\u0103tate a mandatului de cinci ani a CoR, respectiv p\u00e2n\u0103 \u00een ianuarie 2025.<\/p>\n\n\n\n<p class=\"text-content-justify\">Pre\u0219edintele Consiliului Jude\u021bean Timi\u0219, Alin-Adrian Nica preia mandatul de la Adrian Teban, primarul ora\u0219ului Cugir, conform principiului rota\u021biei \u00eentre structurile asociative la pre\u0219edin\u021bia delega\u021biei statuat \u00een Regulamentul de Organizare Intern\u0103 al delega\u021biei.<\/p>\n\n\n\n<p class=\"text-content-justify\">\u201eLe mul\u021bumesc colegilor pentru \u00eencrederea acordat\u0103, este a doua oar\u0103 c\u00e2nd de\u021bin aceast\u0103 pozi\u021bie onorant\u0103, dar mai ales de mare responsabilitate \u00een promovarea comunit\u0103\u021bilor locale din Rom\u00e2nia la nivelul Uniunii Europene. \u00cen aceast\u0103 calitate, am avut o \u00eent\u00e2lnire cu domnul Vasco Alves Cordeiro, noul pre\u0219edinte al Comitetului European al Regiunilor (CoR) \u0219i o reuniune cu doamna Iulia-Raluca Matei, ambasador extraordinar \u0219i plenipoten\u021biar, \u0219ef al Reprezentan\u021bei Permanente a Rom\u00e2niei pe l\u00e2ng\u0103 Uniunea European\u0103. Principalele teme dezb\u0103tute au vizat consecin\u021bele socio-economice ale situa\u021biei din Ucraina, sus\u021binerea autorit\u0103\u021bilor locale pentru Strategia macroregional\u0103 pentru regiunea Carpa\u021bilor, accederea Rom\u00e2niei la spa\u021biul Schengen, procesul de extindere al UE \u0219i lansarea ini\u021biativei c\u0103tre Comitetul Regiunilor, de creare a unui grup de lucru pentru Republica Moldova, \u00een urma acord\u0103rii statutului de \u021bar\u0103 candidat\u0103 la aderare\u201d, a declarat Alin-Adrian Nica, pre\u0219edinte al CJ Timi\u0219 \u0219i pre\u0219edinte al delega\u021biei Rom\u00e2niei la CoR.<\/p>\n\n\n\n<p class=\"text-content-justify\">\u00cen perioada imediat urm\u0103toare noul pre\u0219edinte al delega\u021biei Rom\u00e2niei la CoR, Alin-Adrian Nica va supune aprob\u0103rii delega\u021biei priorit\u0103\u021bile ce vor ghida mandatul s\u0103u.<\/p>\n\n\n\n<figure class=\"wp-block-gallery has-nested-images columns-default is-cropped wp-block-gallery-1 is-layout-flex wp-block-gallery-is-layout-flex\">\n<figure class=\"wp-block-image size-large\"><img loading=\"lazy\" decoding=\"async\" width=\"960\" height=\"580\" data-id=\"3643\" src=\"https:\/\/uncjr.ro\/web\/wp-content\/uploads\/thumbnail-2.jpg\" alt=\"\" class=\"wp-image-3643\" srcset=\"https:\/\/uncjr.ro\/web\/wp-content\/uploads\/thumbnail-2.jpg 960w, https:\/\/uncjr.ro\/web\/wp-content\/uploads\/thumbnail-2-480x290.jpg 480w\" sizes=\"(min-width: 0px) and (max-width: 480px) 480px, (min-width: 481px) 960px, 100vw\" \/><\/figure>\n\n\n\n<figure class=\"wp-block-image size-large\"><img loading=\"lazy\" decoding=\"async\" width=\"960\" height=\"553\" data-id=\"3644\" src=\"https:\/\/uncjr.ro\/web\/wp-content\/uploads\/thumbnail.jpg\" alt=\"\" class=\"wp-image-3644\" srcset=\"https:\/\/uncjr.ro\/web\/wp-content\/uploads\/thumbnail.jpg 960w, https:\/\/uncjr.ro\/web\/wp-content\/uploads\/thumbnail-480x277.jpg 480w\" sizes=\"(min-width: 0px) and (max-width: 480px) 480px, (min-width: 481px) 960px, 100vw\" \/><\/figure>\n<figcaption class=\"blocks-gallery-caption\">Surs\u0103 foto: Alin-Adrian Nica<\/figcaption><\/figure>\n","protected":false},"excerpt":{"rendered":"<p>Delega\u021bia Rom\u00e2niei la Comitetul European al Regiunilor (CoR), reunit\u0103 \u00een data de 29 iunie 2022 la Bruxelles, \u00een marja celei de-a 150-a sesiuni plenare a acestei institu\u021bii europene, l-a ales \u00een unanimitate pe Alin-Adrian Nica, pre\u0219edintele Consiliului Jude\u021bean Timi\u0219, drept pre\u0219edinte al delega\u021biei \u015fi membru \u00een Biroul CoR, pentru cea de-a doua jum\u0103tate a mandatului [&hellip;]<\/p>\n","protected":false},"author":2,"featured_media":3645,"comment_status":"closed","ping_status":"closed","sticky":false,"template":"","format":"standard","meta":{"_et_pb_use_builder":"","_et_pb_old_content":"","_et_gb_content_width":"","footnotes":""},"categories":[6,5],"tags":[],"class_list":["post-3642","post","type-post","status-publish","format-standard","has-post-thumbnail","hentry","category-comunicat-de-presa","category-noutati"],"_links":{"self":[{"href":"https:\/\/uncjr.ro\/web\/wp-json\/wp\/v2\/posts\/3642","targetHints":{"allow":["GET"]}}],"collection":[{"href":"https:\/\/uncjr.ro\/web\/wp-json\/wp\/v2\/posts"}],"about":[{"href":"https:\/\/uncjr.ro\/web\/wp-json\/wp\/v2\/types\/post"}],"author":[{"embeddable":true,"href":"https:\/\/uncjr.ro\/web\/wp-json\/wp\/v2\/users\/2"}],"replies":[{"embeddable":true,"href":"https:\/\/uncjr.ro\/web\/wp-json\/wp\/v2\/comments?post=3642"}],"version-history":[{"count":1,"href":"https:\/\/uncjr.ro\/web\/wp-json\/wp\/v2\/posts\/3642\/revisions"}],"predecessor-version":[{"id":3646,"href":"https:\/\/uncjr.ro\/web\/wp-json\/wp\/v2\/posts\/3642\/revisions\/3646"}],"wp:featuredmedia":[{"embeddable":true,"href":"https:\/\/uncjr.ro\/web\/wp-json\/wp\/v2\/media\/3645"}],"wp:attachment":[{"href":"https:\/\/uncjr.ro\/web\/wp-json\/wp\/v2\/media?parent=3642"}],"wp:term":[{"taxonomy":"category","embeddable":true,"href":"https:\/\/uncjr.ro\/web\/wp-json\/wp\/v2\/categories?post=3642"},{"taxonomy":"post_tag","embeddable":true,"href":"https:\/\/uncjr.ro\/web\/wp-json\/wp\/v2\/tags?post=3642"}],"curies":[{"name":"wp","href":"https:\/\/api.w.org\/{rel}","templated":true}]}}