{"id":3530,"date":"2022-06-08T16:40:02","date_gmt":"2022-06-08T14:40:02","guid":{"rendered":"https:\/\/uncjr.ro\/web\/?p=3530"},"modified":"2025-01-27T15:38:01","modified_gmt":"2025-01-27T13:38:01","slug":"aprobarea-patj-ilfov","status":"publish","type":"post","link":"https:\/\/uncjr.ro\/web\/aprobarea-patj-ilfov\/","title":{"rendered":"Aprobarea PATJ Ilfov"},"content":{"rendered":"\n<p class=\"text-content-justify\">Reprezentan\u021bii Uniunii Na\u021bionale a Consiliilor Jude\u021bene din Rom\u00e2nia (UNCJR) au participat ast\u0103zi, 8 iunie 2022, \u00a0la evenimentul \u201eViziunea dezvolt\u0103rii Inteligente a Jude\u021bului Ilfov \u2013 de la Regulament la implementare\u201d organizat la Palatul Parlamentului cu sprijinul Comisiei pentru administra\u021bie public\u0103 \u0219i amenajarea teritoriului din Camera Deputa\u021bilor unde Consiliul Jude\u021bean Ilfov a prezentat\u00a0 Planul de Amenajare a Teritoriului (P.A.T.J.) al Jude\u021bului Ilfov. La eveniment, au participat Nicoleta Pauliuc, senator, Simona Bucura Oprescu, pre\u0219edinta Comisia de administra\u021bie \u0219i amenajarea teritoriului din Camera Deputa\u021bilor, chestor George Cristian Tu\u021b\u0103, deputat, Anca Ginavar, director MDLPA, prof. Univ. Tiberiu-Constantin Florescu, pre\u0219edintele Registrului Urbani\u0219tilor din Rom\u00e2nia \u0219i consilierul ministrului dezvolt\u0103rii, lucr\u0103rilor publice \u0219i administra\u021biei Orsolya K\u00f6v\u0117r.<\/p>\n\n\n\n<p class=\"text-content-justify\">UNCJR felicit\u0103 ini\u021biativa Consiliului Jude\u021bean Ilfov, \u00eenceput\u0103 \u00eenc\u0103 din 11 noiembrie 2021, \u00een privin\u021ba elabor\u0103rii P.AT.J.-ului, cu at\u00e2t mai mult cu c\u00e2t a fost elaborat de speciali\u0219tii din cadrul Consiliului Jude\u021bean \u0219i se \u00eencadreaz\u0103 \u00een tendin\u021bele actuale de digitalizare \u0219i tranzi\u021bie verde.<\/p>\n\n\n\n<blockquote class=\"wp-block-quote is-layout-flow wp-block-quote-is-layout-flow\"><p><em>Domeniul urbanismului este unul prioritar pentru procesul de coeziune economic\u0103 \u0219i social\u0103. Planul de amenajare a Teritoriului Ilfov reprezint\u0103 un instrument important de ghidaj ce ofer\u0103 predictibilitate \u0219i coeren\u021b\u0103 \u00een privin\u021ba investi\u021biilor publice \u0219i private. \u00cen planul de elaborare a amenaj\u0103rii teritoriul, CJ Ilfov va implementa \u0219i platforma GIS prin care toate documentele ce \u021bin de domeniul urbanismului s\u0103 poat\u0103 fi ob\u021binute online \u0219i va fi un instrument de lucru cu impact pozitiv asupra ilfovenilor<\/em> a declarat pre\u0219edintele CJ Ilfov Hubert Thuma.<\/p><\/blockquote>\n\n\n\n<figure class=\"wp-block-gallery has-nested-images columns-default is-cropped wp-block-gallery-1 is-layout-flex wp-block-gallery-is-layout-flex\">\n<figure class=\"wp-block-image size-large\"><img loading=\"lazy\" decoding=\"async\" width=\"1024\" height=\"923\" data-id=\"3537\" src=\"https:\/\/uncjr.ro\/web\/wp-content\/uploads\/IMG_2237-1-1024x923.jpg\" alt=\"\" class=\"wp-image-3537\" srcset=\"https:\/\/uncjr.ro\/web\/wp-content\/uploads\/IMG_2237-1-980x883.jpg 980w, https:\/\/uncjr.ro\/web\/wp-content\/uploads\/IMG_2237-1-480x432.jpg 480w\" sizes=\"(min-width: 0px) and (max-width: 480px) 480px, (min-width: 481px) and (max-width: 980px) 980px, (min-width: 981px) 1024px, 100vw\" \/><\/figure>\n\n\n\n<figure class=\"wp-block-image size-large\"><img loading=\"lazy\" decoding=\"async\" width=\"1024\" height=\"533\" data-id=\"3538\" src=\"https:\/\/uncjr.ro\/web\/wp-content\/uploads\/IMG_2228-1-1024x533.jpg\" alt=\"\" class=\"wp-image-3538\" srcset=\"https:\/\/uncjr.ro\/web\/wp-content\/uploads\/IMG_2228-1-980x510.jpg 980w, https:\/\/uncjr.ro\/web\/wp-content\/uploads\/IMG_2228-1-480x250.jpg 480w\" sizes=\"(min-width: 0px) and (max-width: 480px) 480px, (min-width: 481px) and (max-width: 980px) 980px, (min-width: 981px) 1024px, 100vw\" \/><\/figure>\n<\/figure>\n\n\n\n<figure class=\"wp-block-gallery has-nested-images columns-default is-cropped wp-block-gallery-2 is-layout-flex wp-block-gallery-is-layout-flex\">\n<figure class=\"wp-block-image size-large\"><img loading=\"lazy\" decoding=\"async\" width=\"1024\" height=\"547\" data-id=\"3539\" src=\"https:\/\/uncjr.ro\/web\/wp-content\/uploads\/IMG_2352-1024x547.jpg\" alt=\"\" class=\"wp-image-3539\" srcset=\"https:\/\/uncjr.ro\/web\/wp-content\/uploads\/IMG_2352-980x523.jpg 980w, https:\/\/uncjr.ro\/web\/wp-content\/uploads\/IMG_2352-480x256.jpg 480w\" sizes=\"(min-width: 0px) and (max-width: 480px) 480px, (min-width: 481px) and (max-width: 980px) 980px, (min-width: 981px) 1024px, 100vw\" \/><\/figure>\n\n\n\n<figure class=\"wp-block-image size-large\"><img loading=\"lazy\" decoding=\"async\" width=\"1024\" height=\"551\" data-id=\"3540\" src=\"https:\/\/uncjr.ro\/web\/wp-content\/uploads\/IMG_2368-1-1024x551.jpg\" alt=\"\" class=\"wp-image-3540\" srcset=\"https:\/\/uncjr.ro\/web\/wp-content\/uploads\/IMG_2368-1-980x527.jpg 980w, https:\/\/uncjr.ro\/web\/wp-content\/uploads\/IMG_2368-1-480x258.jpg 480w\" sizes=\"(min-width: 0px) and (max-width: 480px) 480px, (min-width: 481px) and (max-width: 980px) 980px, (min-width: 981px) 1024px, 100vw\" \/><\/figure>\n<figcaption class=\"blocks-gallery-caption\">Surs\u0103 foto: CJ Ilfov<\/figcaption><\/figure>\n","protected":false},"excerpt":{"rendered":"<p>Reprezentan\u021bii Uniunii Na\u021bionale a Consiliilor Jude\u021bene din Rom\u00e2nia (UNCJR) au participat ast\u0103zi, 8 iunie 2022, \u00a0la evenimentul \u201eViziunea dezvolt\u0103rii Inteligente a Jude\u021bului Ilfov \u2013 de la Regulament la implementare\u201d organizat la Palatul Parlamentului cu sprijinul Comisiei pentru administra\u021bie public\u0103 \u0219i amenajarea teritoriului din Camera Deputa\u021bilor unde Consiliul Jude\u021bean Ilfov a prezentat\u00a0 Planul de Amenajare a [&hellip;]<\/p>\n","protected":false},"author":2,"featured_media":3531,"comment_status":"closed","ping_status":"closed","sticky":false,"template":"","format":"standard","meta":{"_et_pb_use_builder":"","_et_pb_old_content":"","_et_gb_content_width":"","footnotes":""},"categories":[14],"tags":[],"class_list":["post-3530","post","type-post","status-publish","format-standard","has-post-thumbnail","hentry","category-evenimente"],"_links":{"self":[{"href":"https:\/\/uncjr.ro\/web\/wp-json\/wp\/v2\/posts\/3530","targetHints":{"allow":["GET"]}}],"collection":[{"href":"https:\/\/uncjr.ro\/web\/wp-json\/wp\/v2\/posts"}],"about":[{"href":"https:\/\/uncjr.ro\/web\/wp-json\/wp\/v2\/types\/post"}],"author":[{"embeddable":true,"href":"https:\/\/uncjr.ro\/web\/wp-json\/wp\/v2\/users\/2"}],"replies":[{"embeddable":true,"href":"https:\/\/uncjr.ro\/web\/wp-json\/wp\/v2\/comments?post=3530"}],"version-history":[{"count":2,"href":"https:\/\/uncjr.ro\/web\/wp-json\/wp\/v2\/posts\/3530\/revisions"}],"predecessor-version":[{"id":3542,"href":"https:\/\/uncjr.ro\/web\/wp-json\/wp\/v2\/posts\/3530\/revisions\/3542"}],"wp:featuredmedia":[{"embeddable":true,"href":"https:\/\/uncjr.ro\/web\/wp-json\/wp\/v2\/media\/3531"}],"wp:attachment":[{"href":"https:\/\/uncjr.ro\/web\/wp-json\/wp\/v2\/media?parent=3530"}],"wp:term":[{"taxonomy":"category","embeddable":true,"href":"https:\/\/uncjr.ro\/web\/wp-json\/wp\/v2\/categories?post=3530"},{"taxonomy":"post_tag","embeddable":true,"href":"https:\/\/uncjr.ro\/web\/wp-json\/wp\/v2\/tags?post=3530"}],"curies":[{"name":"wp","href":"https:\/\/api.w.org\/{rel}","templated":true}]}}