{"id":3504,"date":"2022-06-02T13:24:09","date_gmt":"2022-06-02T11:24:09","guid":{"rendered":"https:\/\/uncjr.ro\/web\/?p=3504"},"modified":"2025-01-27T15:37:47","modified_gmt":"2025-01-27T13:37:47","slug":"document-de-pozitie-a-uncjr-privind-finantarea-activitatii-asistentei-sociale-pentru-persoanele-cu-dizabilitati-si-protectia-copilului","status":"publish","type":"post","link":"https:\/\/uncjr.ro\/web\/document-de-pozitie-a-uncjr-privind-finantarea-activitatii-asistentei-sociale-pentru-persoanele-cu-dizabilitati-si-protectia-copilului\/","title":{"rendered":"Document de pozi\u021bie, a UNCJR, privind finan\u021barea activit\u0103\u021bii asisten\u021bei sociale pentru persoanele cu dizabilit\u0103\u021bi \u0219i protec\u021bia copilului"},"content":{"rendered":"\n<p class=\"text-content-justify\"><em>\u00cen momentul de fa\u021b\u0103 sumele alocate prin legea anual\u0103 a bugetului de stat, calculate \u00een func\u021bie de num\u0103rul de persoane asistate sau num\u0103rul de copii institu\u021bionaliza\u021bi nu acoper\u0103 necesarul de fonduri financiare pentru respectarea standardelor de calitate stabilte de legisla\u021bia \u00een vigoare. \u021ain\u00e2nd cont de faptul c\u0103 \u00een propor\u021bie de 90% aceste activit\u0103\u021bi sunt finan\u021bate de la bugetul de stat \u0219i 10% din sursele proprii ale consiliilor jude\u021bene, evolu\u021bia cre\u0219terii pre\u021burilor la alimente, produse industriale \u0219i \u00een special al utilit\u0103\u021bilor, consider\u0103m necesar\u0103 corelarea finan\u021b\u0103rii de la bugetul de stat cu costurile actuale pentru a putea \u00eendelipni competen\u021bele prev\u0103zute de lege.\u201d \u2013\u00a0Adrian-Ioan Ve\u0219tea, pre\u0219edinte al UNCJR.<\/em><\/p>\n\n\n\n<p>Documentul de pozi\u021bie poate fi consultat<a rel=\"noreferrer noopener\" href=\"https:\/\/uncjr.ro\/web\/wp-content\/uploads\/documente-pozitie-asistenta-sociala.docx\" target=\"_blank\">\u00a0aici<\/a><a rel=\"noreferrer noopener\" href=\"https:\/\/uncjr.ro\/web\/wp-content\/uploads\/documente-pozitie-asistenta-sociala-revizuita-1-final.docx\" target=\"_blank\">.<\/a><\/p>\n","protected":false},"excerpt":{"rendered":"<p>\u00cen momentul de fa\u021b\u0103 sumele alocate prin legea anual\u0103 a bugetului de stat, calculate \u00een func\u021bie de num\u0103rul de persoane asistate sau num\u0103rul de copii institu\u021bionaliza\u021bi nu acoper\u0103 necesarul de fonduri financiare pentru respectarea standardelor de calitate stabilte de legisla\u021bia \u00een vigoare. \u021ain\u00e2nd cont de faptul c\u0103 \u00een propor\u021bie de 90% aceste activit\u0103\u021bi sunt finan\u021bate [&hellip;]<\/p>\n","protected":false},"author":2,"featured_media":3505,"comment_status":"closed","ping_status":"closed","sticky":false,"template":"","format":"standard","meta":{"_et_pb_use_builder":"","_et_pb_old_content":"","_et_gb_content_width":"","footnotes":""},"categories":[6,5],"tags":[],"class_list":["post-3504","post","type-post","status-publish","format-standard","has-post-thumbnail","hentry","category-comunicat-de-presa","category-noutati"],"_links":{"self":[{"href":"https:\/\/uncjr.ro\/web\/wp-json\/wp\/v2\/posts\/3504","targetHints":{"allow":["GET"]}}],"collection":[{"href":"https:\/\/uncjr.ro\/web\/wp-json\/wp\/v2\/posts"}],"about":[{"href":"https:\/\/uncjr.ro\/web\/wp-json\/wp\/v2\/types\/post"}],"author":[{"embeddable":true,"href":"https:\/\/uncjr.ro\/web\/wp-json\/wp\/v2\/users\/2"}],"replies":[{"embeddable":true,"href":"https:\/\/uncjr.ro\/web\/wp-json\/wp\/v2\/comments?post=3504"}],"version-history":[{"count":1,"href":"https:\/\/uncjr.ro\/web\/wp-json\/wp\/v2\/posts\/3504\/revisions"}],"predecessor-version":[{"id":3506,"href":"https:\/\/uncjr.ro\/web\/wp-json\/wp\/v2\/posts\/3504\/revisions\/3506"}],"wp:featuredmedia":[{"embeddable":true,"href":"https:\/\/uncjr.ro\/web\/wp-json\/wp\/v2\/media\/3505"}],"wp:attachment":[{"href":"https:\/\/uncjr.ro\/web\/wp-json\/wp\/v2\/media?parent=3504"}],"wp:term":[{"taxonomy":"category","embeddable":true,"href":"https:\/\/uncjr.ro\/web\/wp-json\/wp\/v2\/categories?post=3504"},{"taxonomy":"post_tag","embeddable":true,"href":"https:\/\/uncjr.ro\/web\/wp-json\/wp\/v2\/tags?post=3504"}],"curies":[{"name":"wp","href":"https:\/\/api.w.org\/{rel}","templated":true}]}}